{"id":1459,"date":"2014-05-25T22:47:35","date_gmt":"2014-05-25T20:47:35","guid":{"rendered":"http:\/\/www.culturalusa.com\/news\/?p=1459"},"modified":"2014-05-25T22:48:30","modified_gmt":"2014-05-25T20:48:30","slug":"resultats-europeennes-2014-au-portugal-les-socialistes-devancent-le-centre-droit-au-pouvoir","status":"publish","type":"post","link":"https:\/\/www.culturalusa.com\/news\/portugal\/resultats-europeennes-2014-au-portugal-les-socialistes-devancent-le-centre-droit-au-pouvoir\/","title":{"rendered":"R\u00e9sultats europ\u00e9ennes 2014 au Portugal les socialistes devancent le centre-droit"},"content":{"rendered":"<p><img loading=\"lazy\" decoding=\"async\" src=\"http:\/\/www.culturalusa.com\/news\/wp-content\/uploads\/2014\/05\/antonio-jose-seguro-ps-portugais-480x299.jpg\" alt=\"Antonio Jos\u00e9 Seguro\" width=\"467\" height=\"270\" class=\"aligncenter size-large wp-image-1460\" \/>L&rsquo;opposition socialiste devance largement la coalition de centre-droit au pouvoir aux \u00e9lections europ\u00e9ennes, traduisant un fort rejet de sa politique d&rsquo;aust\u00e9rit\u00e9.<\/p>\n<p>La coalition de centre droit au pouvoir au Portugal \u00e9tait largement devanc\u00e9e dimanche par l&rsquo;opposition socialiste aux \u00e9lections europ\u00e9ennes, traduisant un fort rejet de sa politique d&rsquo;aust\u00e9rit\u00e9, selon les premi\u00e8res projections des t\u00e9l\u00e9visions.<\/p>\n<p>Les diff\u00e9rents sondages r\u00e9alis\u00e9s \u00e0 la sortie des bureaux de vote cr\u00e9ditent le PS de 30 \u00e0 36% des voix (sept \u00e0 neuf d\u00e9put\u00e9s), contre 25 \u00e0 29% (six \u00e0 huit d\u00e9put\u00e9s) pour la coalition au pouvoir, form\u00e9e par le Parti social-d\u00e9mocrate PSD (centre droit) et le CDS (conservateur).<br \/>\nRecord de 64,46% enregistr\u00e9 en 1994<\/p>\n<p>Le taux d&rsquo;abstention, traditionnellement tr\u00e8s \u00e9lev\u00e9 au Portugal aux Europ\u00e9ennes, \u00e9tait \u00e9valu\u00e9 \u00e0 entre 61 et 66%, contre 63,22% en 2009. Ce taux pourrait s&rsquo;approcher du record de 64,46% enregistr\u00e9 en 1994. Ce r\u00e9sultat, s&rsquo;il se confirme, constitue un s\u00e9rieux revers pour le Premier ministre portugais Pedro Passos Coelho, \u00e0 un peu plus d&rsquo;un an des \u00e9lections l\u00e9gislatives pr\u00e9vues pour l&rsquo;automne 2015.<\/p>\n<p>\u00ab\u00a0Eviter de nouvelles hausses d&rsquo;imp\u00f4ts\u00a0\u00bb<\/p>\n<p>Le secr\u00e9taire g\u00e9n\u00e9ral du PS, Antonio Jos\u00e9 Seguro, a appel\u00e9 dimanche les \u00e9lecteurs \u00e0 \u00ab\u00a0censurer le gouvernement et voter pour le changement afin d&rsquo;\u00e9viter de nouvelles hausses d&rsquo;imp\u00f4ts et coupes dans les salaires et les retraites\u00a0\u00bb.<\/p>\n<p>Les quelque 9,7 millions d&rsquo;\u00e9lecteurs \u00e9taient appel\u00e9s \u00e0 choisir les 21 d\u00e9put\u00e9s portugais sur les 751 si\u00e9geant au Parlement europ\u00e9en \u00e0 Strasbourg, soit un de moins par rapport \u00e0 2009. (AFP)<\/p>\n<p style=\"text-align:center;\"><script type=\"text\/javascript\"><!--\ngoogle_ad_client = \"ca-pub-2727717456356200\";\n\/* CulturaLusa 468x60 *\/\ngoogle_ad_slot = \"2785499263\";\ngoogle_ad_width = 468;\ngoogle_ad_height = 60;\n\/\/-->\n<\/script><br \/>\n<script type=\"text\/javascript\"\nsrc=\"http:\/\/pagead2.googlesyndication.com\/pagead\/show_ads.js\">\n<\/script><\/p>\n","protected":false},"excerpt":{"rendered":"<p>L&rsquo;opposition socialiste devance largement la coalition de centre-droit au pouvoir aux \u00e9lections europ\u00e9ennes, traduisant un fort rejet de sa politique d&rsquo;aust\u00e9rit\u00e9. La coalition de centre droit au pouvoir au Portugal \u00e9tait largement devanc\u00e9e dimanche par l&rsquo;opposition socialiste aux \u00e9lections europ\u00e9ennes, traduisant un fort rejet de sa politique d&rsquo;aust\u00e9rit\u00e9, selon les premi\u00e8res projections des t\u00e9l\u00e9visions. Les [&hellip;]<\/p>\n","protected":false},"author":1,"featured_media":0,"comment_status":"open","ping_status":"closed","sticky":false,"template":"","format":"standard","meta":{"footnotes":""},"categories":[3],"tags":[],"class_list":["post-1459","post","type-post","status-publish","format-standard","hentry","category-portugal"],"aioseo_notices":[],"_links":{"self":[{"href":"https:\/\/www.culturalusa.com\/news\/wp-json\/wp\/v2\/posts\/1459","targetHints":{"allow":["GET"]}}],"collection":[{"href":"https:\/\/www.culturalusa.com\/news\/wp-json\/wp\/v2\/posts"}],"about":[{"href":"https:\/\/www.culturalusa.com\/news\/wp-json\/wp\/v2\/types\/post"}],"author":[{"embeddable":true,"href":"https:\/\/www.culturalusa.com\/news\/wp-json\/wp\/v2\/users\/1"}],"replies":[{"embeddable":true,"href":"https:\/\/www.culturalusa.com\/news\/wp-json\/wp\/v2\/comments?post=1459"}],"version-history":[{"count":0,"href":"https:\/\/www.culturalusa.com\/news\/wp-json\/wp\/v2\/posts\/1459\/revisions"}],"wp:attachment":[{"href":"https:\/\/www.culturalusa.com\/news\/wp-json\/wp\/v2\/media?parent=1459"}],"wp:term":[{"taxonomy":"category","embeddable":true,"href":"https:\/\/www.culturalusa.com\/news\/wp-json\/wp\/v2\/categories?post=1459"},{"taxonomy":"post_tag","embeddable":true,"href":"https:\/\/www.culturalusa.com\/news\/wp-json\/wp\/v2\/tags?post=1459"}],"curies":[{"name":"wp","href":"https:\/\/api.w.org\/{rel}","templated":true}]}}