{"id":1465,"date":"2014-05-26T09:39:20","date_gmt":"2014-05-26T07:39:20","guid":{"rendered":"http:\/\/www.culturalusa.com\/news\/?p=1465"},"modified":"2021-06-28T12:20:50","modified_gmt":"2021-06-28T10:20:50","slug":"le-front-national-provoque-un-seisme-en-france","status":"publish","type":"post","link":"https:\/\/www.culturalusa.com\/news\/economie\/le-front-national-provoque-un-seisme-en-france\/","title":{"rendered":"Le Front national provoque un s\u00e9isme en France"},"content":{"rendered":"<p>video &#8211; Le Front national (FN) a provoqu\u00e9 un s\u00e9isme politique en France en arrivant en t\u00eate des \u00e9lections europ\u00e9ennes. Il a obtenu un score historique de 25,4%, largement devant l&rsquo;UMP, alors que les socialistes ont subi une nouvelle d\u00e9route.<\/p>\n<p>Malgr\u00e9 une abstention notable (autour de 57%), le \u00ab\u00a021 avril europ\u00e9en\u00a0\u00bb redout\u00e9 par la gauche au pouvoir et la droite r\u00e9publicaine est advenu:<br \/>\nl&rsquo;extr\u00eame droite s&rsquo;est impos\u00e9e comme la premi\u00e8re force politique en France et a mis fin au bipartisme. Le FN d\u00e9crocherait 23 \u00e0 25 si\u00e8ges sur les 74 accord\u00e9s \u00e0 la France, un des pays fondateurs de l&rsquo;UE.<\/p>\n<p>L&rsquo;UMP, qui entendait conforter son statut de premi\u00e8re opposante en sortant premi\u00e8re des urnes, est nettement devanc\u00e9e avec 20,8% des voix, selon ces r\u00e9sultats quasi-d\u00e9finitifs communiqu\u00e9s par le minist\u00e8re de l&rsquo;Int\u00e9rieur et portant sur 42 millions d&rsquo;inscrits sur 46. Le PS, lui, s&rsquo;achemine vers le pire r\u00e9sultat \u00e0 un scrutin europ\u00e9en apr\u00e8s les 14,5% de 1994 (moins de 14%).<\/p>\n<p>Le ministre britannique des Affaires \u00e9trang\u00e8res, William Hague, s&rsquo;est dit \u00ab\u00a0inquiet\u00a0\u00bb de la victoire du FN. Interrog\u00e9 pour savoir s&rsquo;il s&rsquo;agissait d&rsquo;un \u00ab\u00a0parti raciste\u00a0\u00bb, il a r\u00e9pondu: \u00ab\u00a0Oui, et je pense que nous devrions \u00eatre inquiets face \u00e0 de tels d\u00e9veloppements dans le reste de l&rsquo;Europe\u00a0\u00bb.<\/p>\n<p>\u00ab\u00a0C&rsquo;est un choc, un s\u00e9isme\u00a0\u00bb, \u00ab\u00a0un moment grave pour la France et pour l&rsquo;Europe\u00a0\u00bb, a soulign\u00e9 le Premier ministre Manuel Valls. \u00ab\u00a0C&rsquo;est plus qu&rsquo;un avertissement, c&rsquo;est un s\u00e9isme\u00a0\u00bb, a reconnu le num\u00e9ro deux du gouvernement, Laurent Fabius, alors que la ministre de l&rsquo;Ecologie S\u00e9gol\u00e8ne Royal a qualifi\u00e9 ce r\u00e9sultat de \u00ab\u00a0choc \u00e0 l&rsquo;\u00e9chelle du monde\u00a0\u00bb.<\/p>\n<p>\u00ab\u00a0C&rsquo;est une trag\u00e9die d\u00e9mocratique\u00a0\u00bb, a d\u00e9clar\u00e9 la centriste Rama Yade, vice-pr\u00e9sidente de l&rsquo;UDI. \u00ab\u00a0Une d\u00e9composition de la vie politique fran\u00e7aise\u00a0\u00bb, a jug\u00e9 le pr\u00e9sident du MoDem, Fran\u00e7ois Bayrou. \u00ab\u00a0La France est entr\u00e9e en \u00e9ruption volcanique\u00a0\u00bb, a affirm\u00e9 pour sa part Jean-Luc M\u00e9lenchon, copr\u00e9sident du Parti de gauche. \u00ab\u00a0Si on ne change pas, on est assur\u00e9 d&rsquo;un d\u00e9sastre\u00a0\u00bb, a-t-il estim\u00e9.<\/p>\n<p>A l&rsquo;issue d&rsquo;un scrutin souvent consid\u00e9r\u00e9 en France comme un \u00ab\u00a0vote d\u00e9fouloir\u00a0\u00bb, le FN devrait quadrupler son score des europ\u00e9ennes de 2009, o\u00f9 il avait recueilli 6,34% des voix et gagn\u00e9 trois si\u00e8ges au Parlement europ\u00e9en. Il glanerait cette fois entre 22 et 25 si\u00e8ges.<\/p>\n<p><strong>Appel \u00e0 la dissolution de l&rsquo;Assembl\u00e9e<\/strong><\/p>\n<p>La pr\u00e9sidente du parti, Marine Le Pen, a aussit\u00f4t appel\u00e9 le chef de l&rsquo;Etat Fran\u00e7ois Hollande \u00e0 \u00ab\u00a0des nouvelles \u00e9lections\u00a0\u00bb. \u00ab\u00a0Que peut-il faire \u00e0 part en revenir pr\u00e9cis\u00e9ment au peuple, mettre en place la proportionnelle pour que chaque Fran\u00e7ais soit repr\u00e9sent\u00e9\u00a0\u00bb \u00e0 l&rsquo;Assembl\u00e9e nationale, a-t-elle demand\u00e9. Le FN n&rsquo;a aujourd&rsquo;hui que deux d\u00e9put\u00e9s.<\/p>\n<p>Le Premier ministre a toutefois r\u00e9pliqu\u00e9 en annon\u00e7ant qu&rsquo;il entend poursuivre la politique engag\u00e9e par son gouvernement, notamment la r\u00e9duction des d\u00e9ficits et son plan d&rsquo;\u00e9conomies. <\/p>\n<p>\u00ab\u00a0Nous devons faire preuve de courage car la France doit se r\u00e9former\u00a0\u00bb, a-t-il dit, \u00e9gr\u00e9nant les mesures prises ou annonc\u00e9es pour relancer la croissance.<\/p>\n<div><iframe loading=\"lazy\" frameborder=\"0\" width=\"100%\" height=\"380\" src=\"\/\/www.dailymotion.com\/embed\/video\/x1wsd04\" allowfullscreen><\/iframe><\/div>\n<p style=\"text-align:center;\"><script type=\"text\/javascript\"><!--\ngoogle_ad_client = \"ca-pub-2727717456356200\";\n\/* CulturaLusa 468x60 *\/\ngoogle_ad_slot = \"2785499263\";\ngoogle_ad_width = 468;\ngoogle_ad_height = 60;\n\/\/-->\n<\/script><br \/>\n<script type=\"text\/javascript\"\nsrc=\"https:\/\/pagead2.googlesyndication.com\/pagead\/show_ads.js\">\n<\/script><\/p>\n","protected":false},"excerpt":{"rendered":"<p>video &#8211; Le Front national (FN) a provoqu\u00e9 un s\u00e9isme politique en France en arrivant en t\u00eate des \u00e9lections europ\u00e9ennes. Il a obtenu un score historique de 25,4%, largement devant l&rsquo;UMP, alors que les socialistes ont subi une nouvelle d\u00e9route. Malgr\u00e9 une abstention notable (autour de 57%), le \u00ab\u00a021 avril europ\u00e9en\u00a0\u00bb redout\u00e9 par la gauche [&hellip;]<\/p>\n","protected":false},"author":1,"featured_media":1466,"comment_status":"open","ping_status":"closed","sticky":false,"template":"","format":"standard","meta":{"footnotes":""},"categories":[1],"tags":[793,1024],"class_list":["post-1465","post","type-post","status-publish","format-standard","has-post-thumbnail","hentry","category-economie","tag-rassemblement-national","tag-rn"],"aioseo_notices":[],"_links":{"self":[{"href":"https:\/\/www.culturalusa.com\/news\/wp-json\/wp\/v2\/posts\/1465","targetHints":{"allow":["GET"]}}],"collection":[{"href":"https:\/\/www.culturalusa.com\/news\/wp-json\/wp\/v2\/posts"}],"about":[{"href":"https:\/\/www.culturalusa.com\/news\/wp-json\/wp\/v2\/types\/post"}],"author":[{"embeddable":true,"href":"https:\/\/www.culturalusa.com\/news\/wp-json\/wp\/v2\/users\/1"}],"replies":[{"embeddable":true,"href":"https:\/\/www.culturalusa.com\/news\/wp-json\/wp\/v2\/comments?post=1465"}],"version-history":[{"count":0,"href":"https:\/\/www.culturalusa.com\/news\/wp-json\/wp\/v2\/posts\/1465\/revisions"}],"wp:featuredmedia":[{"embeddable":true,"href":"https:\/\/www.culturalusa.com\/news\/wp-json\/wp\/v2\/media\/1466"}],"wp:attachment":[{"href":"https:\/\/www.culturalusa.com\/news\/wp-json\/wp\/v2\/media?parent=1465"}],"wp:term":[{"taxonomy":"category","embeddable":true,"href":"https:\/\/www.culturalusa.com\/news\/wp-json\/wp\/v2\/categories?post=1465"},{"taxonomy":"post_tag","embeddable":true,"href":"https:\/\/www.culturalusa.com\/news\/wp-json\/wp\/v2\/tags?post=1465"}],"curies":[{"name":"wp","href":"https:\/\/api.w.org\/{rel}","templated":true}]}}