{"id":1512,"date":"2014-06-24T21:33:13","date_gmt":"2014-06-24T19:33:13","guid":{"rendered":"http:\/\/www.culturalusa.com\/news\/?p=1512"},"modified":"2014-06-24T21:34:32","modified_gmt":"2014-06-24T19:34:32","slug":"amende-de-200-000-eur-requise-contre-ryanair-pour-travail-dissimule","status":"publish","type":"post","link":"https:\/\/www.culturalusa.com\/news\/economie\/amende-de-200-000-eur-requise-contre-ryanair-pour-travail-dissimule\/","title":{"rendered":"Amende de 200.000 EUR requise contre Ryanair pour travail dissimul\u00e9"},"content":{"rendered":"<p><img loading=\"lazy\" decoding=\"async\" src=\"http:\/\/www.culturalusa.com\/news\/wp-content\/uploads\/2014\/06\/RyanAir.jpg\" alt=\"RyanAir\" width=\"467\" height=\"280\" class=\"aligncenter size-full wp-image-1513\" srcset=\"https:\/\/www.culturalusa.com\/news\/wp-content\/uploads\/2014\/06\/RyanAir.jpg 467w, https:\/\/www.culturalusa.com\/news\/wp-content\/uploads\/2014\/06\/RyanAir-275x165.jpg 275w\" sizes=\"auto, (max-width: 467px) 100vw, 467px\" \/>Une amende de 200.000 euros a \u00e9t\u00e9 requise en appel \u00e0 Aix-en-Provence \u00e0 l&rsquo;encontre de la compagnie a\u00e9rienne irlandaise Ryanair, poursuivie pour travail dissimul\u00e9 sur sa base de Marseille-Marignane entre 2007 et 2010, qui a ripost\u00e9 en tentant de mettre en avant un mod\u00e8le social \u00ab\u00a0sp\u00e9cifique\u00a0\u00bb.<\/p>\n<p>A l&rsquo;issue d&rsquo;un r\u00e9quisitoire rigoureux, l&rsquo;avocate g\u00e9n\u00e9rale Isabelle Pouey a r\u00e9clam\u00e9 la confirmation de la culpabilit\u00e9 et de la peine prononc\u00e9es en premi\u00e8re instance, o\u00f9 la soci\u00e9t\u00e9 avait \u00e9cop\u00e9 en octobre 2013 d&rsquo;une amende de ce montant, pour n&rsquo;avoir jamais d\u00e9clar\u00e9 son activit\u00e9 sur sa base de Marseille-Marignane, ni \u00e0 l&rsquo;URSSAF, ni au registre du commerce.<\/p>\n<p>Ryanair pr\u00e9tendait que les 127 salari\u00e9s de la base de Marignane relevaient du droit social irlandais, beaucoup plus avantageux financi\u00e8rement.<\/p>\n<p>\u00ab\u00a0Le taux de cotisation salariale, tant pour les salari\u00e9s que pour les employeurs, varie du simple au quadruple entre la France et Irlande.<br \/>\nUne telle diff\u00e9rence de cotisation permet \u00e9videmment une r\u00e9duction des co\u00fbts. Si on ne fait pas de profit sur les billets, il faut qu&rsquo;on le fasse ailleurs. C&rsquo;\u00e9taient les salari\u00e9s qui \u00e9taient low cost, voire tr\u00e8s low cost\u00a0\u00bb, a lanc\u00e9 l&rsquo;avocate g\u00e9n\u00e9rale.<\/p>\n<p>Reprenant un \u00e0 un les chefs d&rsquo;inculpation (pr\u00eat illicite de main d??uvre, emploi illicite de personnel, entraves aux instance repr\u00e9sentatives du personnnel) elle s&rsquo;est notamment attach\u00e9e \u00e0 caract\u00e9riser le fait que Ryanair poss\u00e9dait bel et bien sur le terminal de Marseille-Marignane d&rsquo;une \u00ab\u00a0base d&rsquo;exploitation\u00a0\u00bb p\u00e9renne, ce qui lui imposait \u00ab\u00a0d&rsquo;\u00eatre soumis \u00e0 la l\u00e9gislation du pays d&rsquo;\u00e9tablissement, en l&rsquo;occurrence la France\u00a0\u00bb.<\/p>\n<p>A l&rsquo;appui de son argumentation le d\u00e9veloppement de l&rsquo;activit\u00e9 de la compagnie, la dur\u00e9e des contrats des salari\u00e9s (3 ans), le fait qu&rsquo;ils \u00e9taient tenus d&rsquo;habiter \u00e0 proximit\u00e9, ou encore la dur\u00e9e de la convention liant Ryanair \u00e0 la chambre de commerce de Marseille pour le bail de ses locaux (10 ans).<\/p>\n<p>Affili\u00e9s \u00e0 la S\u00e9curit\u00e9 sociale irlandaise<\/p>\n<p>Egalement fustig\u00e9, le recours \u00e0 deux agences de travail temporaire irlandaises, avec lesquelles 56 des 127 salari\u00e9s \u00e9taient sous contrat et \u00e9taient pay\u00e9s \u00e0 l&rsquo;heure de vol pour le m\u00eame travail que leurs coll\u00e8gues. \u00ab\u00a0Cela n&rsquo;avait pour seul objet que l&rsquo;externalisation des charges. Les salari\u00e9s, bien s\u00fbr, acceptaient ce mode de r\u00e9mun\u00e9ration. <\/p>\n<p>Ryanair b\u00e9n\u00e9ficiait l\u00e0 d&rsquo;une main d??uvre flexible, bon march\u00e9, et particuli\u00e8rement docile, car leur but \u00e9tait de devenir plus tard personnel de statut Ryanair\u00a0\u00bb, a affirm\u00e9 la magistrate.<\/p>\n<p>La d\u00e9fense lui a r\u00e9pondu avec pugnacit\u00e9, d\u00e9non\u00e7ant \u00ab\u00a0la caricature qui veut que Ryanair soit une affreuse soci\u00e9t\u00e9 qui maltraite tous ses salari\u00e9s\u00a0\u00bb, selon Me Luc Brossollet.<br \/>\nA ses yeux, Marseille-Marignane, o\u00f9 Ryanair a \u00ab\u00a0pris le risque d&rsquo;investir\u00a0\u00bb n&rsquo;\u00e9tait rien d&rsquo;autre qu&rsquo;une \u00ab\u00a0base op\u00e9rationnelle\u00a0\u00bb, o\u00f9 \u00ab\u00a0il ne se d\u00e9cidait strictement rien, sans service commercial, sans interlocuteur pour le public, o\u00f9 pas un contrat n&rsquo;\u00e9tait sign\u00e9\u00a0\u00bb.<\/p>\n<p>Pas de quoi, donc, \u00eatre consid\u00e9r\u00e9 comme un \u00e9tablissement au sens europ\u00e9en du terme. \u00ab\u00a0C&rsquo;est peut-\u00eatre \u00e9tonnant, mais c&rsquo;est comme \u00e7a, le droit ne pr\u00e9voit pas tout. Vous avez l\u00e0 une organisation sp\u00e9cifique, c&rsquo;est Ryanair, c&rsquo;est comme \u00e7a!\u00a0\u00bb, a encore insist\u00e9 Me Brossollet.<\/p>\n<p>Les salari\u00e9s, de surcro\u00eet, ont \u00e9t\u00e9 affili\u00e9s \u00e0 la S\u00e9curit\u00e9 sociale irlandaise, ce qui les dispensait de cotiser en France, a-t-il aussi fait valoir. \u00ab\u00a0Un paravent!\u00a0\u00bb, avait moqu\u00e9 Mme Pouey, anticipant l&rsquo;argument.<\/p>\n<p>La d\u00e9fense a aussi fustig\u00e9 les \u00ab\u00a0sommes extraordinaires\u00a0\u00bb allou\u00e9es aux parties civiles, principalement l&rsquo;URSSAF et divers organismes sociaux (caisse de retraite du personnel navigant, P\u00f4le emploi&#8230;), qui avaient obtenu 8,8 MEUR de dommages-int\u00e9r\u00eats en premi\u00e8re instance. La faute \u00e0 un \u00ab\u00a0dossier taill\u00e9 \u00e0 la serpe, o\u00f9 l&rsquo;on raisonne en masse, sans pr\u00e9cision\u00a0\u00bb, selon Me Marc-Antoine L\u00e9vy.<br \/>\nL&rsquo;arr\u00eat a \u00e9t\u00e9 mis en d\u00e9lib\u00e9r\u00e9 au 28 octobre. (AFP)<\/p>\n<p style=\"text-align:center;\"><script type=\"text\/javascript\"><!--\ngoogle_ad_client = \"ca-pub-2727717456356200\";\n\/* CulturaLusa 468x60 *\/\ngoogle_ad_slot = \"2785499263\";\ngoogle_ad_width = 468;\ngoogle_ad_height = 60;\n\/\/-->\n<\/script><br \/>\n<script type=\"text\/javascript\"\nsrc=\"http:\/\/pagead2.googlesyndication.com\/pagead\/show_ads.js\">\n<\/script><\/p>\n","protected":false},"excerpt":{"rendered":"<p>Une amende de 200.000 euros a \u00e9t\u00e9 requise en appel \u00e0 Aix-en-Provence \u00e0 l&rsquo;encontre de la compagnie a\u00e9rienne irlandaise Ryanair, poursuivie pour travail dissimul\u00e9 sur sa base de Marseille-Marignane entre 2007 et 2010, qui a ripost\u00e9 en tentant de mettre en avant un mod\u00e8le social \u00ab\u00a0sp\u00e9cifique\u00a0\u00bb. A l&rsquo;issue d&rsquo;un r\u00e9quisitoire rigoureux, l&rsquo;avocate g\u00e9n\u00e9rale Isabelle Pouey [&hellip;]<\/p>\n","protected":false},"author":1,"featured_media":0,"comment_status":"open","ping_status":"closed","sticky":false,"template":"","format":"standard","meta":{"footnotes":""},"categories":[1],"tags":[],"class_list":["post-1512","post","type-post","status-publish","format-standard","hentry","category-economie"],"aioseo_notices":[],"_links":{"self":[{"href":"https:\/\/www.culturalusa.com\/news\/wp-json\/wp\/v2\/posts\/1512","targetHints":{"allow":["GET"]}}],"collection":[{"href":"https:\/\/www.culturalusa.com\/news\/wp-json\/wp\/v2\/posts"}],"about":[{"href":"https:\/\/www.culturalusa.com\/news\/wp-json\/wp\/v2\/types\/post"}],"author":[{"embeddable":true,"href":"https:\/\/www.culturalusa.com\/news\/wp-json\/wp\/v2\/users\/1"}],"replies":[{"embeddable":true,"href":"https:\/\/www.culturalusa.com\/news\/wp-json\/wp\/v2\/comments?post=1512"}],"version-history":[{"count":0,"href":"https:\/\/www.culturalusa.com\/news\/wp-json\/wp\/v2\/posts\/1512\/revisions"}],"wp:attachment":[{"href":"https:\/\/www.culturalusa.com\/news\/wp-json\/wp\/v2\/media?parent=1512"}],"wp:term":[{"taxonomy":"category","embeddable":true,"href":"https:\/\/www.culturalusa.com\/news\/wp-json\/wp\/v2\/categories?post=1512"},{"taxonomy":"post_tag","embeddable":true,"href":"https:\/\/www.culturalusa.com\/news\/wp-json\/wp\/v2\/tags?post=1512"}],"curies":[{"name":"wp","href":"https:\/\/api.w.org\/{rel}","templated":true}]}}