{"id":1526,"date":"2014-07-08T17:36:28","date_gmt":"2014-07-08T15:36:28","guid":{"rendered":"http:\/\/www.culturalusa.com\/news\/?p=1526"},"modified":"2014-07-08T17:37:48","modified_gmt":"2014-07-08T15:37:48","slug":"les-blouses-blanches-au-portugal-en-greve-contre-lausterite","status":"publish","type":"post","link":"https:\/\/www.culturalusa.com\/news\/portugal\/les-blouses-blanches-au-portugal-en-greve-contre-lausterite\/","title":{"rendered":"Les blouses blanches au Portugal en gr\u00e8ve contre l\u2019aust\u00e9rit\u00e9"},"content":{"rendered":"<p><img loading=\"lazy\" decoding=\"async\" src=\"http:\/\/www.culturalusa.com\/news\/wp-content\/uploads\/2014\/07\/greve-medecins-portugal.jpg\" alt=\"gr\u00e8ve des medecins au portugal\" width=\"467\" height=\"300\" class=\"aligncenter size-full wp-image-1527\" srcset=\"https:\/\/www.culturalusa.com\/news\/wp-content\/uploads\/2014\/07\/greve-medecins-portugal.jpg 467w, https:\/\/www.culturalusa.com\/news\/wp-content\/uploads\/2014\/07\/greve-medecins-portugal-275x177.jpg 275w\" sizes=\"auto, (max-width: 467px) 100vw, 467px\" \/>Les m\u00e9decins portugais entament une gr\u00e8ve de deux jours pour protester contre les coupes budg\u00e9taires qui frappent le service public de sant\u00e9, un des acquis de la R\u00e9volution des Oeillets menac\u00e9s selon eux par la politique d\u2019aust\u00e9rit\u00e9.<\/p>\n<p>Une manifestation contre le \u00abd\u00e9mant\u00e8lement du syst\u00e8me de sant\u00e9\u00bb convoqu\u00e9e par la F\u00e9d\u00e9ration nationale des m\u00e9decins (FNAM) devait rassembler dans l\u2019apr\u00e8s-midi devant le minist\u00e8re de la Sant\u00e9 \u00e0 Lisbonne de nombreux gr\u00e9vistes en blouse blanche, mais aussi des patients.<\/p>\n<p>\u00abIl faut d\u00e9fendre cette grande conqu\u00eate de la R\u00e9volution d\u2019avril 1974 qu\u2019est le Service national de sant\u00e9\u00bb, a d\u00e9clar\u00e9 la pr\u00e9sidente de la FNAM, Maria Merlinde Madureira, invitant les Portugais \u00e0 se joindre au mouvement des m\u00e9decins.<\/p>\n<p>Soutenue par l\u2019Ordre des m\u00e9decins, la FNAM tablait sur une participation \u00e0 la gr\u00e8ve semblable \u00e0 celle organis\u00e9e en juillet 2012, estim\u00e9e par les syndicats \u00e0 95%. Une manifestation avait alors mobilis\u00e9 2.500 personnes selon la police et 4.000 selon les syndicats.<\/p>\n<p>Cette ann\u00e9e, le mouvement s\u2019est cependant fissur\u00e9, le Syndicat ind\u00e9pendant des m\u00e9decins (SIM) ayant annonc\u00e9 son intention de ne pas participer \u00e0 la gr\u00e8ve pour \u00abdonner une chance au dialogue\u00bb avec le gouvernement.<\/p>\n<p>Un service minimum \u00e9tait assur\u00e9 dans les services d\u2019urgence, les unit\u00e9s de soins intensifs et les centres de radioth\u00e9rapie. La gr\u00e8ve devrait toutefois entra\u00eener le report de milliers de consultations et d\u2019op\u00e9rations chirurgicales.<\/p>\n<p>\u00abLes m\u00e9decins ont raison de manifester, si l\u2019on ne d\u00e9fend pas le service public, on sera tous oblig\u00e9s d\u2019aller consulter dans le priv\u00e9\u00bb, estime Argelico Paulo, artisan au ch\u00f4mage venu avec sa fille \u00e0 l\u2019h\u00f4pital Dona Estefania \u00e0 Lisbonne dans l\u2019espoir d\u2019\u00eatre re\u00e7u en consultation.<\/p>\n<p>\u00abIci \u00e0 l\u2019h\u00f4pital, je ne paie rien en tant que ch\u00f4meur, alors que dans le priv\u00e9, il faudrait que je d\u00e9bourse entre 60 et 75 euros pour une consultation\u00bb, a-t-il expliqu\u00e9.<\/p>\n<p>-&lsquo;M\u00e9decins tr\u00e8s remont\u00e9s&rsquo;-<\/p>\n<p>D\u00e9t\u00e9rioration des conditions de travail dans les centres de soins et h\u00f4pitaux publics, suppression d\u2019effectifs, allongement du temps de travail, coupes salariales &#8230; les motifs de m\u00e9contentement des m\u00e9decins ne manquent pas.<\/p>\n<p>\u00abLes m\u00e9decins sur le terrain sont tr\u00e8s remont\u00e9s. Tout porte \u00e0 croire que la mobilisation sera forte\u00bb, a assur\u00e9 Mario Jorge Neves, vice-pr\u00e9sident de la FNAM.<\/p>\n<p>Tous assurent qu\u2019il ne s\u2019agit pas d\u2019une gr\u00e8ve corporatiste mais d\u2019une mobilisation en faveur du service public et contre les coupes dans le budget de la sant\u00e9, qui doivent repr\u00e9senter cette ann\u00e9e plus de 300 millions d\u2019euros, apr\u00e8s d\u00e9j\u00e0 plusieurs ann\u00e9es d\u2019aust\u00e9rit\u00e9.<\/p>\n<p>Au bord du d\u00e9faut de paiement, le Portugal avait obtenu en mai 2011 de l\u2019Union europ\u00e9enne et du Fonds mon\u00e9taire international un plan d\u2019aide de 78 milliards d\u2019euros en \u00e9change d\u2019un programme de r\u00e9formes marqu\u00e9 par une rigueur sans pr\u00e9c\u00e9dent.<\/p>\n<p>Alors que le pays est sorti de son plan d\u2019assistance en mai, l\u2019aust\u00e9rit\u00e9 continue \u00e0 se traduire pour les Portugais par de longues files d\u2019attente aux urgences, des fermetures de services hospitaliers et une hausse du ticket mod\u00e9rateur.<\/p>\n<p>La politique de rigueur impos\u00e9e par les cr\u00e9anciers du Portugal a port\u00e9 un s\u00e9rieux coup au Service national de sant\u00e9 (SNS), cr\u00e9\u00e9 en 1979 apr\u00e8s la R\u00e9volution qui avait permis d\u2019inscrire le droit \u00e0 des soins gratuits dans la Constitution.<\/p>\n<p>Depuis 2011, les tarifs du service public ont doubl\u00e9: le passage dans un service d\u2019urgence est d\u00e9sormais factur\u00e9 20 euros et la consultation dans un centre de soins co\u00fbte 5 euros. Le temps d\u2019attente pour des op\u00e9rations chirurgicales est de plusieurs mois.<\/p>\n<p>Le ministre de la Sant\u00e9 Paulo Macedo assure ne pas comprendre les raisons du mouvement de protestation: \u00ables m\u00e9decins ne font pas gr\u00e8ve dans leurs cabinets priv\u00e9s. C\u2019est donc les patients qui n\u2019ont pas les moyens de se faire soigner ailleurs que dans le public qui vont trinquer\u00bb. (AFP)<\/p>\n<p style=\"text-align:center;\"><script type=\"text\/javascript\"><!--\ngoogle_ad_client = \"ca-pub-2727717456356200\";\n\/* CulturaLusa 468x60 *\/\ngoogle_ad_slot = \"2785499263\";\ngoogle_ad_width = 468;\ngoogle_ad_height = 60;\n\/\/-->\n<\/script><br \/>\n<script type=\"text\/javascript\"\nsrc=\"http:\/\/pagead2.googlesyndication.com\/pagead\/show_ads.js\">\n<\/script><\/p>\n","protected":false},"excerpt":{"rendered":"<p>Les m\u00e9decins portugais entament une gr\u00e8ve de deux jours pour protester contre les coupes budg\u00e9taires qui frappent le service public de sant\u00e9, un des acquis de la R\u00e9volution des Oeillets menac\u00e9s selon eux par la politique d\u2019aust\u00e9rit\u00e9. Une manifestation contre le \u00abd\u00e9mant\u00e8lement du syst\u00e8me de sant\u00e9\u00bb convoqu\u00e9e par la F\u00e9d\u00e9ration nationale des m\u00e9decins (FNAM) devait [&hellip;]<\/p>\n","protected":false},"author":1,"featured_media":0,"comment_status":"open","ping_status":"closed","sticky":false,"template":"","format":"standard","meta":{"footnotes":""},"categories":[3],"tags":[],"class_list":["post-1526","post","type-post","status-publish","format-standard","hentry","category-portugal"],"aioseo_notices":[],"_links":{"self":[{"href":"https:\/\/www.culturalusa.com\/news\/wp-json\/wp\/v2\/posts\/1526","targetHints":{"allow":["GET"]}}],"collection":[{"href":"https:\/\/www.culturalusa.com\/news\/wp-json\/wp\/v2\/posts"}],"about":[{"href":"https:\/\/www.culturalusa.com\/news\/wp-json\/wp\/v2\/types\/post"}],"author":[{"embeddable":true,"href":"https:\/\/www.culturalusa.com\/news\/wp-json\/wp\/v2\/users\/1"}],"replies":[{"embeddable":true,"href":"https:\/\/www.culturalusa.com\/news\/wp-json\/wp\/v2\/comments?post=1526"}],"version-history":[{"count":0,"href":"https:\/\/www.culturalusa.com\/news\/wp-json\/wp\/v2\/posts\/1526\/revisions"}],"wp:attachment":[{"href":"https:\/\/www.culturalusa.com\/news\/wp-json\/wp\/v2\/media?parent=1526"}],"wp:term":[{"taxonomy":"category","embeddable":true,"href":"https:\/\/www.culturalusa.com\/news\/wp-json\/wp\/v2\/categories?post=1526"},{"taxonomy":"post_tag","embeddable":true,"href":"https:\/\/www.culturalusa.com\/news\/wp-json\/wp\/v2\/tags?post=1526"}],"curies":[{"name":"wp","href":"https:\/\/api.w.org\/{rel}","templated":true}]}}