{"id":1573,"date":"2014-08-22T09:10:24","date_gmt":"2014-08-22T07:10:24","guid":{"rendered":"http:\/\/www.culturalusa.com\/news\/?p=1573"},"modified":"2014-08-22T09:13:05","modified_gmt":"2014-08-22T07:13:05","slug":"le-portugal-atteindra-son-objectif-de-reduction-de-deficit-pour-2014","status":"publish","type":"post","link":"https:\/\/www.culturalusa.com\/news\/portugal\/le-portugal-atteindra-son-objectif-de-reduction-de-deficit-pour-2014\/","title":{"rendered":"Le Portugal atteindra son objectif de r\u00e9duction de d\u00e9ficit pour 2014"},"content":{"rendered":"<figure id=\"attachment_924\" aria-describedby=\"caption-attachment-924\" style=\"width: 467px\" class=\"wp-caption aligncenter\"><img loading=\"lazy\" decoding=\"async\" src=\"http:\/\/www.culturalusa.com\/news\/wp-content\/uploads\/2013\/02\/manif-lisboa15092012.jpg\" alt=\"La Cour constitutionnelle portugaise a valid\u00e9 jeudi dernier des r\u00e9ductions des salaires des fonctionnaires jusqu&#039;\u00e0 fin 2015\" width=\"467\" height=\"280\" class=\"size-full wp-image-924\" srcset=\"https:\/\/www.culturalusa.com\/news\/wp-content\/uploads\/2013\/02\/manif-lisboa15092012.jpg 467w, https:\/\/www.culturalusa.com\/news\/wp-content\/uploads\/2013\/02\/manif-lisboa15092012-275x165.jpg 275w\" sizes=\"auto, (max-width: 467px) 100vw, 467px\" \/><figcaption id=\"caption-attachment-924\" class=\"wp-caption-text\">La Cour constitutionnelle portugaise a valid\u00e9 jeudi dernier des r\u00e9ductions des salaires des fonctionnaires jusqu&rsquo;\u00e0 fin 2015<\/figcaption><\/figure>Le Portugal parviendra \u00e0 ramener son d\u00e9ficit public \u00e0 4% du PIB en 2014 comme pr\u00e9vu, a estim\u00e9 l&rsquo;agence de notation Fitch dans une analyse des r\u00e9centes d\u00e9cisions de la justice portugaise concernant d&rsquo;importantes mesures de rigueur.<\/p>\n<p>\u00ab\u00a0Le dernier jugement rendu par la Cour constitutionnelle approuvant une partie des mesures de r\u00e9duction des d\u00e9penses a diminu\u00e9 le risque qui p\u00e8se \u00e0 court terme sur le redressement budg\u00e9taire\u00a0\u00bb du Portugal, a affirm\u00e9 Fitch dans un communiqu\u00e9.<\/p>\n<p>S&rsquo;il \u00ab\u00a0limite la flexibilit\u00e9 budg\u00e9taire \u00e0 l&rsquo;avenir\u00a0\u00bb, \u00ab\u00a0le jugement renforce notre opinion selon laquelle le Portugal atteindra son objectif d&rsquo;un d\u00e9ficit public \u00e0 4% du PIB en 2014, contre 4,5% l&rsquo;an dernier\u00a0\u00bb, a soulign\u00e9 Fitch.<\/p>\n<p>Pour 2015, l&rsquo;agence de notation pr\u00e9voit un d\u00e9ficit \u00e0 2,75% du PIB, l\u00e9g\u00e8rement au-dessus de l&rsquo;objectif de 2,5% fix\u00e9 par le gouvernement \u00ab\u00a0en raison d&rsquo;une pr\u00e9vision de croissance plus prudente\u00a0\u00bb, a-t-elle expliqu\u00e9.<\/p>\n<p>La Cour constitutionnelle portugaise a valid\u00e9 jeudi dernier des r\u00e9ductions des salaires des fonctionnaires jusqu&rsquo;\u00e0 fin 2015, tout en les interdisant \u00e0 partir de 2016.<\/p>\n<p>Cette solution, qui repr\u00e9sente des \u00e9conomies de 34 millions d&rsquo;euros par mois jusqu&rsquo;\u00e0 la fin de l&rsquo;ann\u00e9e, vient remplacer en partie une mesure inscrite au budget 2014 et retoqu\u00e9e fin mai par la plus haute instance judiciaire du pays.<\/p>\n<p>La Cour s&rsquo;est par ailleurs prononc\u00e9 jeudi contre l&rsquo;introduction \u00e0 partir de janvier prochain d&rsquo;une taxe sur les pensions de retraite. <\/p>\n<p>La mesure devait rapporter 372 millions d&rsquo;euros par an en p\u00e9rennisant les coupes budg\u00e9taires appliqu\u00e9es dans le cadre du plan de sauvetage international dont le Portugal est sorti mai dernier.<\/p>\n<p style=\"text-align:center;\"><script type=\"text\/javascript\"><!--\ngoogle_ad_client = \"ca-pub-2727717456356200\";\n\/* CulturaLusa 468x60 *\/\ngoogle_ad_slot = \"2785499263\";\ngoogle_ad_width = 468;\ngoogle_ad_height = 60;\n\/\/-->\n<\/script><br \/>\n<script type=\"text\/javascript\"\nsrc=\"http:\/\/pagead2.googlesyndication.com\/pagead\/show_ads.js\">\n<\/script><\/p>\n","protected":false},"excerpt":{"rendered":"<p>Le Portugal parviendra \u00e0 ramener son d\u00e9ficit public \u00e0 4% du PIB en 2014 comme pr\u00e9vu, a estim\u00e9 l&rsquo;agence de notation Fitch dans une analyse des r\u00e9centes d\u00e9cisions de la justice portugaise concernant d&rsquo;importantes mesures de rigueur. \u00ab\u00a0Le dernier jugement rendu par la Cour constitutionnelle approuvant une partie des mesures de r\u00e9duction des d\u00e9penses a [&hellip;]<\/p>\n","protected":false},"author":1,"featured_media":0,"comment_status":"open","ping_status":"closed","sticky":false,"template":"","format":"standard","meta":{"footnotes":""},"categories":[3],"tags":[],"class_list":["post-1573","post","type-post","status-publish","format-standard","hentry","category-portugal"],"aioseo_notices":[],"_links":{"self":[{"href":"https:\/\/www.culturalusa.com\/news\/wp-json\/wp\/v2\/posts\/1573","targetHints":{"allow":["GET"]}}],"collection":[{"href":"https:\/\/www.culturalusa.com\/news\/wp-json\/wp\/v2\/posts"}],"about":[{"href":"https:\/\/www.culturalusa.com\/news\/wp-json\/wp\/v2\/types\/post"}],"author":[{"embeddable":true,"href":"https:\/\/www.culturalusa.com\/news\/wp-json\/wp\/v2\/users\/1"}],"replies":[{"embeddable":true,"href":"https:\/\/www.culturalusa.com\/news\/wp-json\/wp\/v2\/comments?post=1573"}],"version-history":[{"count":0,"href":"https:\/\/www.culturalusa.com\/news\/wp-json\/wp\/v2\/posts\/1573\/revisions"}],"wp:attachment":[{"href":"https:\/\/www.culturalusa.com\/news\/wp-json\/wp\/v2\/media?parent=1573"}],"wp:term":[{"taxonomy":"category","embeddable":true,"href":"https:\/\/www.culturalusa.com\/news\/wp-json\/wp\/v2\/categories?post=1573"},{"taxonomy":"post_tag","embeddable":true,"href":"https:\/\/www.culturalusa.com\/news\/wp-json\/wp\/v2\/tags?post=1573"}],"curies":[{"name":"wp","href":"https:\/\/api.w.org\/{rel}","templated":true}]}}