{"id":1574,"date":"2014-08-27T20:12:52","date_gmt":"2014-08-27T18:12:52","guid":{"rendered":"http:\/\/www.culturalusa.com\/news\/?p=1574"},"modified":"2014-08-27T20:12:52","modified_gmt":"2014-08-27T18:12:52","slug":"leger-derapage-budgetaire-malgre-une-hausse-des-recettes-fiscales-portugaises","status":"publish","type":"post","link":"https:\/\/www.culturalusa.com\/news\/economie\/leger-derapage-budgetaire-malgre-une-hausse-des-recettes-fiscales-portugaises\/","title":{"rendered":"L\u00e9ger d\u00e9rapage budg\u00e9taire malgr\u00e9 une hausse des recettes fiscales portugaises"},"content":{"rendered":"<p><img loading=\"lazy\" decoding=\"async\" src=\"http:\/\/www.culturalusa.com\/news\/wp-content\/uploads\/2013\/07\/finances-portugaises.jpg\" alt=\"Finances portugaises\" width=\"467\" height=\"280\" class=\"aligncenter size-full wp-image-1169\" srcset=\"https:\/\/www.culturalusa.com\/news\/wp-content\/uploads\/2013\/07\/finances-portugaises.jpg 467w, https:\/\/www.culturalusa.com\/news\/wp-content\/uploads\/2013\/07\/finances-portugaises-275x165.jpg 275w\" sizes=\"auto, (max-width: 467px) 100vw, 467px\" \/>En d\u00e9pit d&rsquo;une hausse des recettes fiscales, le d\u00e9ficit public du Portugal s&rsquo;est creus\u00e9 \u00e0 5,82 milliards d&rsquo;euros de janvier \u00e0 juillet, soit 389 millions d&rsquo;euros de plus que pendant la m\u00eame p\u00e9riode l&rsquo;an dernier, a annonc\u00e9 lundi le minist\u00e8re des Finances.<\/p>\n<p>Le gouvernement attribue ce l\u00e9ger d\u00e9rapage notamment \u00e0 une hausse des co\u00fbts salariaux du secteur public engendr\u00e9e par la censure fin mai par la Cour constitutionnelle d&rsquo;une baisse des r\u00e9mun\u00e9rations des fonctionnaires sup\u00e9rieures \u00e0 675 euros.<\/p>\n<p>Les recettes fiscales ont de leur c\u00f4t\u00e9 augment\u00e9 de 3,8% \u00e0 19,89 milliards d&rsquo;euros sur les sept premiers mois de l&rsquo;ann\u00e9e, une progression d\u00e9passant les objectifs du budget 2014.<\/p>\n<p>Cette am\u00e9lioration des recettes refl\u00e8te \u00ab\u00a0la reprise de l&rsquo;activit\u00e9 \u00e9conomique ainsi qu&rsquo;une plus grande efficacit\u00e9 dans le combat contre la fraude et l&rsquo;\u00e9vasion fiscale\u00a0\u00bb, rel\u00e8ve le minist\u00e8re dans un communiqu\u00e9.<\/p>\n<p>La publication de ces chiffres intervient la veille d&rsquo;un conseil des ministres extraordinaire consacr\u00e9 \u00e0 un nouveau budget rectificatif qui doit permettre au Portugal de tenir son objectif de d\u00e9ficit de 4% du PIB cette ann\u00e9e, n\u00e9goci\u00e9 avec ses cr\u00e9anciers.<\/p>\n<p>Ces nouvelles mesures d&rsquo;aust\u00e9rit\u00e9 sont cens\u00e9es combler le trou budg\u00e9taire engendr\u00e9 par l&rsquo;invalidation par la Cour constitutionnelle de la baisse des salaires des fonctionnaires, qui ne sera remplac\u00e9e que partiellement par d&rsquo;autres coupes pr\u00e9vues en septembre.<\/p>\n<p>\u00ab\u00a0L&rsquo;objectif de 4% est \u00e0 notre port\u00e9e, mais il faudra revoir le budget\u00a0\u00bb \u00e0 la lumi\u00e8re des d\u00e9cisions de la Cour constitutionnelle, a assur\u00e9 dimanche le Premier ministre, Pedro Passos Coelho, qui a cependant exclu une nouvelle hausse d&rsquo;imp\u00f4ts pour cette ann\u00e9e.<\/p>\n<p>La Cour constitutionnelle portugaise avait valid\u00e9 \u00e0 la mi-ao\u00fbt la r\u00e9duction de 3,5% \u00e0 10% des salaires des fonctionnaires \u00e0 partir de 1.500 euros jusqu&rsquo;\u00e0 fin 2015, tout en les interdisant \u00e0 partir de 2016.<\/p>\n<p style=\"text-align:center;\"><script type=\"text\/javascript\"><!--\ngoogle_ad_client = \"ca-pub-2727717456356200\";\n\/* CulturaLusa 468x60 *\/\ngoogle_ad_slot = \"2785499263\";\ngoogle_ad_width = 468;\ngoogle_ad_height = 60;\n\/\/-->\n<\/script><br \/>\n<script type=\"text\/javascript\"\nsrc=\"http:\/\/pagead2.googlesyndication.com\/pagead\/show_ads.js\">\n<\/script><\/p>\n","protected":false},"excerpt":{"rendered":"<p>En d\u00e9pit d&rsquo;une hausse des recettes fiscales, le d\u00e9ficit public du Portugal s&rsquo;est creus\u00e9 \u00e0 5,82 milliards d&rsquo;euros de janvier \u00e0 juillet, soit 389 millions d&rsquo;euros de plus que pendant la m\u00eame p\u00e9riode l&rsquo;an dernier, a annonc\u00e9 lundi le minist\u00e8re des Finances. Le gouvernement attribue ce l\u00e9ger d\u00e9rapage notamment \u00e0 une hausse des co\u00fbts salariaux [&hellip;]<\/p>\n","protected":false},"author":1,"featured_media":0,"comment_status":"open","ping_status":"closed","sticky":false,"template":"","format":"standard","meta":{"footnotes":""},"categories":[1],"tags":[],"class_list":["post-1574","post","type-post","status-publish","format-standard","hentry","category-economie"],"aioseo_notices":[],"_links":{"self":[{"href":"https:\/\/www.culturalusa.com\/news\/wp-json\/wp\/v2\/posts\/1574","targetHints":{"allow":["GET"]}}],"collection":[{"href":"https:\/\/www.culturalusa.com\/news\/wp-json\/wp\/v2\/posts"}],"about":[{"href":"https:\/\/www.culturalusa.com\/news\/wp-json\/wp\/v2\/types\/post"}],"author":[{"embeddable":true,"href":"https:\/\/www.culturalusa.com\/news\/wp-json\/wp\/v2\/users\/1"}],"replies":[{"embeddable":true,"href":"https:\/\/www.culturalusa.com\/news\/wp-json\/wp\/v2\/comments?post=1574"}],"version-history":[{"count":0,"href":"https:\/\/www.culturalusa.com\/news\/wp-json\/wp\/v2\/posts\/1574\/revisions"}],"wp:attachment":[{"href":"https:\/\/www.culturalusa.com\/news\/wp-json\/wp\/v2\/media?parent=1574"}],"wp:term":[{"taxonomy":"category","embeddable":true,"href":"https:\/\/www.culturalusa.com\/news\/wp-json\/wp\/v2\/categories?post=1574"},{"taxonomy":"post_tag","embeddable":true,"href":"https:\/\/www.culturalusa.com\/news\/wp-json\/wp\/v2\/tags?post=1574"}],"curies":[{"name":"wp","href":"https:\/\/api.w.org\/{rel}","templated":true}]}}