{"id":1578,"date":"2014-09-05T10:54:25","date_gmt":"2014-09-05T08:54:25","guid":{"rendered":"http:\/\/www.culturalusa.com\/news\/?p=1578"},"modified":"2014-09-05T11:43:17","modified_gmt":"2014-09-05T09:43:17","slug":"le-gouvernement-portugais-renonce-a-augmenter-la-tva-et-les-cotisations-sociales","status":"publish","type":"post","link":"https:\/\/www.culturalusa.com\/news\/portugal\/le-gouvernement-portugais-renonce-a-augmenter-la-tva-et-les-cotisations-sociales\/","title":{"rendered":"Le gouvernement portugais renonce \u00e0 augmenter la TVA et les cotisations sociales"},"content":{"rendered":"<figure id=\"attachment_1323\" aria-describedby=\"caption-attachment-1323\" style=\"width: 467px\" class=\"wp-caption aligncenter\"><img loading=\"lazy\" decoding=\"async\" src=\"http:\/\/www.culturalusa.com\/news\/wp-content\/uploads\/2014\/01\/antonio-pires-de-lima.jpg\" alt=\"Pires de Lima - ministre de l&#039;Economie\" width=\"467\" height=\"280\" class=\"size-full wp-image-1323\" srcset=\"https:\/\/www.culturalusa.com\/news\/wp-content\/uploads\/2014\/01\/antonio-pires-de-lima.jpg 467w, https:\/\/www.culturalusa.com\/news\/wp-content\/uploads\/2014\/01\/antonio-pires-de-lima-275x165.jpg 275w\" sizes=\"auto, (max-width: 467px) 100vw, 467px\" \/><figcaption id=\"caption-attachment-1323\" class=\"wp-caption-text\">Pires de Lima &#8211; ministre de l&rsquo;Economie<\/figcaption><\/figure>Le Portugal a renonc\u00e9 \u00e0 relever la TVA et les cotisations sociales des salari\u00e9s en 2015, mais a fait adopter par sa majorit\u00e9 parlementaire de nouvelles coupes dans les salaires.<\/p>\n<p>\u00ab\u00a0La coalition gouvernementale ne proposera pas d&rsquo;augmentation de la TVA ou des cotisations sociales pour le budget 2015\u00a0\u00bb, a d\u00e9clar\u00e9 \u00e0 l&rsquo;AFP une source proche de la majorit\u00e9 de centre droit.<\/p>\n<p>Les d\u00e9put\u00e9s portugais ont approuv\u00e9 une r\u00e9duction de 3,5% \u00e0 10% des salaires des fonctionnaires \u00e0 partir de 1.500 euros, une mesure valid\u00e9e \u00e0 la mi-ao\u00fbt par la Cour constitutionnelle jusqu&rsquo;\u00e0 fin 2015.<\/p>\n<p>La juridiction supr\u00eame du Portugal avait cependant censur\u00e9 une autre mesure de rigueur budg\u00e9taire qui devait entrer en vigueur en 2015 et p\u00e9renniser les coupes dans les pensions de retraite par le biais d&rsquo;une nouvelle taxe, qui aurait d\u00fb permettre \u00e0 l&rsquo;Etat d&rsquo;\u00e9conomiser 372 millions d&rsquo;euros.<\/p>\n<p>Le gouvernement a d\u00e9cid\u00e9 de pas remplacer cette taxe sur les retraites par une autre mesure et a du coup aussi fait l&rsquo;impasse sur les hausses de la TVA et des cotisations sociales, qui figuraient dans le m\u00eame projet de d\u00e9cret et devaient rapporter au total 250 millions d&rsquo;euros.<\/p>\n<p>Le gouvernement portugais pr\u00e9voyait de relever en 2015 le taux maximal de la TVA de 0,25 point, \u00e0 23,25%, afin de financer le syst\u00e8me des retraites, et comptait \u00e9galement augmenter les cotisations sociales des salari\u00e9s de 0,2 point, \u00e0 11,2%.<\/p>\n<p>Ces deux projets faisaient partie d&rsquo;un train de mesures d&rsquo;\u00e9conomies de 1,4 milliard d&rsquo;euros, qui devait permettre de ramener le d\u00e9ficit public du pays \u00e0 2,5% du PIB en 2015, contre 4% en 2014.<\/p>\n<p>Au lendemain du verdict de la Cour constitutionnelle, le Premier ministre Pedro Passos Coelho avait annonc\u00e9 sa d\u00e9cision de \u00ab\u00a0ne plus faire aucune proposition\u00a0\u00bb pour r\u00e9former les retraites \u00ab\u00a0jusqu&rsquo;aux \u00e9lections de 2015\u00a0\u00bb.<\/p>\n<p>Rappelant que son gouvernement avait d\u00e9j\u00e0 relev\u00e9 l&rsquo;\u00e2ge de d\u00e9part \u00e0 la retraite, il a appel\u00e9 l&rsquo;opposition socialiste \u00e0 n\u00e9gocier une r\u00e9forme des retraites avec le gouvernement, une proposition qui a \u00e9t\u00e9 toutefois rejet\u00e9e par son chef, Antonio Jos\u00e9 Seguro. (AFP)<\/p>\n<p style=\"text-align:center;\"><script type=\"text\/javascript\"><!--\ngoogle_ad_client = \"ca-pub-2727717456356200\";\n\/* CulturaLusa 468x60 *\/\ngoogle_ad_slot = \"2785499263\";\ngoogle_ad_width = 468;\ngoogle_ad_height = 60;\n\/\/-->\n<\/script><br \/>\n<script type=\"text\/javascript\"\nsrc=\"http:\/\/pagead2.googlesyndication.com\/pagead\/show_ads.js\">\n<\/script><\/p>\n","protected":false},"excerpt":{"rendered":"<p>Le Portugal a renonc\u00e9 \u00e0 relever la TVA et les cotisations sociales des salari\u00e9s en 2015, mais a fait adopter par sa majorit\u00e9 parlementaire de nouvelles coupes dans les salaires. \u00ab\u00a0La coalition gouvernementale ne proposera pas d&rsquo;augmentation de la TVA ou des cotisations sociales pour le budget 2015\u00a0\u00bb, a d\u00e9clar\u00e9 \u00e0 l&rsquo;AFP une source proche [&hellip;]<\/p>\n","protected":false},"author":1,"featured_media":0,"comment_status":"open","ping_status":"closed","sticky":false,"template":"","format":"standard","meta":{"footnotes":""},"categories":[3],"tags":[101,99,100],"class_list":["post-1578","post","type-post","status-publish","format-standard","hentry","category-portugal","tag-cotisations-sociales","tag-gouvernement-portugais","tag-tva"],"aioseo_notices":[],"_links":{"self":[{"href":"https:\/\/www.culturalusa.com\/news\/wp-json\/wp\/v2\/posts\/1578","targetHints":{"allow":["GET"]}}],"collection":[{"href":"https:\/\/www.culturalusa.com\/news\/wp-json\/wp\/v2\/posts"}],"about":[{"href":"https:\/\/www.culturalusa.com\/news\/wp-json\/wp\/v2\/types\/post"}],"author":[{"embeddable":true,"href":"https:\/\/www.culturalusa.com\/news\/wp-json\/wp\/v2\/users\/1"}],"replies":[{"embeddable":true,"href":"https:\/\/www.culturalusa.com\/news\/wp-json\/wp\/v2\/comments?post=1578"}],"version-history":[{"count":0,"href":"https:\/\/www.culturalusa.com\/news\/wp-json\/wp\/v2\/posts\/1578\/revisions"}],"wp:attachment":[{"href":"https:\/\/www.culturalusa.com\/news\/wp-json\/wp\/v2\/media?parent=1578"}],"wp:term":[{"taxonomy":"category","embeddable":true,"href":"https:\/\/www.culturalusa.com\/news\/wp-json\/wp\/v2\/categories?post=1578"},{"taxonomy":"post_tag","embeddable":true,"href":"https:\/\/www.culturalusa.com\/news\/wp-json\/wp\/v2\/tags?post=1578"}],"curies":[{"name":"wp","href":"https:\/\/api.w.org\/{rel}","templated":true}]}}