{"id":1609,"date":"2014-10-28T17:09:11","date_gmt":"2014-10-28T16:09:11","guid":{"rendered":"http:\/\/www.culturalusa.com\/news\/?p=1609"},"modified":"2014-10-28T17:09:11","modified_gmt":"2014-10-28T16:09:11","slug":"la-troika-est-de-retour-au-portugal-afin-de-scruter-le-budget-et-le-secteur-bancaire","status":"publish","type":"post","link":"https:\/\/www.culturalusa.com\/news\/portugal\/la-troika-est-de-retour-au-portugal-afin-de-scruter-le-budget-et-le-secteur-bancaire\/","title":{"rendered":"La tro\u00efka est de retour au Portugal afin de scruter le budget et le secteur bancaire"},"content":{"rendered":"<p><img loading=\"lazy\" decoding=\"async\" src=\"http:\/\/www.culturalusa.com\/news\/wp-content\/uploads\/2012\/05\/europa.jpg\" alt=\"Troika\" width=\"465\" height=\"270\" class=\"aligncenter size-full wp-image-525\" srcset=\"https:\/\/www.culturalusa.com\/news\/wp-content\/uploads\/2012\/05\/europa.jpg 450w, https:\/\/www.culturalusa.com\/news\/wp-content\/uploads\/2012\/05\/europa-275x159.jpg 275w\" sizes=\"auto, (max-width: 465px) 100vw, 465px\" \/>La tro\u00efka (UE-FMI-BCE) des cr\u00e9anciers internationaux du Portugal a entam\u00e9 mardi \u00e0 Lisbonne sa premi\u00e8re visite depuis la sortie du pays en mai de son plan de sauvetage, consacr\u00e9e au budget 2015 et au secteur bancaire.<\/p>\n<p>Cette mission technique, qui devra durer environ une semaine, portera en outre sur \u00ab\u00a0la mise en oeuvre des r\u00e9formes structurelles\u00a0\u00bb, selon un porte-parole de la Commission europ\u00e9enne.<\/p>\n<p>A un an des \u00e9lections l\u00e9gislatives, le gouvernement portugais a pr\u00e9sent\u00e9 un projet de budget pour 2015 sans mesure d&rsquo;aust\u00e9rit\u00e9 suppl\u00e9mentaire et a relev\u00e9 sa pr\u00e9vision de d\u00e9ficit \u00e0 2,7% du PIB, l\u00e9g\u00e8rement au-dessus de l&rsquo;objectif de 2,5% fix\u00e9 par ses cr\u00e9anciers.<\/p>\n<p>Pour y arriver, la coalition de centre droit mise surtout sur l&#8217;embellie de l&rsquo;\u00e9conomie et la reprise de l&#8217;emploi, susceptibles d&rsquo;am\u00e9liorer les recettes fiscales.<\/p>\n<p>Sa pr\u00e9vision d&rsquo;une croissance de 1,5% en 2015 est toutefois jug\u00e9e optimiste. L&rsquo;OCDE table ainsi sur une hausse du PIB limit\u00e9e \u00e0 1,3%, en raison des perspectives de croissance plus sombres pour la zone euro, dans un rapport publi\u00e9 lundi.<\/p>\n<p>Autre entorse \u00e0 l&rsquo;orthodoxie budg\u00e9taire, le Portugal compte baisser son d\u00e9ficit structurel (hors impact de la conjoncture sur les finances publiques) de seulement 0,1 point de PIB en 2015, alors que les r\u00e8gles europ\u00e9ennes pr\u00e9voient 0,5 point.<\/p>\n<p>La visite de la tro\u00efka sera \u00e9galement l&rsquo;occasion d&rsquo;\u00e9valuer le secteur financier toujours fragile du Portugal, trois mois apr\u00e8s le sauvetage de Banco Espirito Santo (BES) et au lendemain de l&rsquo;\u00e9chec de Banco Comercial Portugu\u00eas (BCP) aux tests de r\u00e9sistance de la BCE.<\/p>\n<p>La tro\u00efka s&rsquo;invitera deux fois par an au Portugal, au moins jusqu&rsquo;en 2035, c&rsquo;est-\u00e0-dire jusqu&rsquo;au remboursement de 75% des pr\u00eats accord\u00e9s dans le cadre de son plan d&rsquo;aide international de 78 milliards d&rsquo;euros, qui avait permis au pays d&rsquo;\u00e9chapper \u00e0 la faillite en 2011.<\/p>\n<p>Le gouvernement avait renonc\u00e9 en juin \u00e0 la derni\u00e8re tranche du plan, d&rsquo;un montant de 2,6 milliards d&rsquo;euros, faute d&rsquo;avoir pr\u00e9sent\u00e9 \u00e0 ses cr\u00e9anciers des mesures d&rsquo;aust\u00e9rit\u00e9 cens\u00e9es remplacer celles qui ont \u00e9t\u00e9 censur\u00e9es par la Cour constitutionnelle.<\/p>\n<p>A l&rsquo;instar de l&rsquo;Irlande, le Portugal \u00e9tudie la possibilit\u00e9 de rembourser en avance des pr\u00eats accord\u00e9s par le Fonds mon\u00e9taire international (FMI), afin de r\u00e9duire le co\u00fbt du service de sa dette. Cette requ\u00eate, qui n&rsquo;a pas encore \u00e9t\u00e9 pr\u00e9sent\u00e9e officiellement, devrait figurer parmi les sujets \u00e0 aborder avec la tro\u00efka. (AFP)<\/p>\n<p style=\"text-align:center;\"><script type=\"text\/javascript\"><!--\ngoogle_ad_client = \"ca-pub-2727717456356200\";\n\/* CulturaLusa 468x60 *\/\ngoogle_ad_slot = \"2785499263\";\ngoogle_ad_width = 468;\ngoogle_ad_height = 60;\n\/\/-->\n<\/script><br \/>\n<script type=\"text\/javascript\"\nsrc=\"http:\/\/pagead2.googlesyndication.com\/pagead\/show_ads.js\">\n<\/script><\/p>\n","protected":false},"excerpt":{"rendered":"<p>La tro\u00efka (UE-FMI-BCE) des cr\u00e9anciers internationaux du Portugal a entam\u00e9 mardi \u00e0 Lisbonne sa premi\u00e8re visite depuis la sortie du pays en mai de son plan de sauvetage, consacr\u00e9e au budget 2015 et au secteur bancaire. Cette mission technique, qui devra durer environ une semaine, portera en outre sur \u00ab\u00a0la mise en oeuvre des r\u00e9formes [&hellip;]<\/p>\n","protected":false},"author":1,"featured_media":0,"comment_status":"open","ping_status":"closed","sticky":false,"template":"","format":"standard","meta":{"footnotes":""},"categories":[3],"tags":[110,41],"class_list":["post-1609","post","type-post","status-publish","format-standard","hentry","category-portugal","tag-bce","tag-troika"],"aioseo_notices":[],"_links":{"self":[{"href":"https:\/\/www.culturalusa.com\/news\/wp-json\/wp\/v2\/posts\/1609","targetHints":{"allow":["GET"]}}],"collection":[{"href":"https:\/\/www.culturalusa.com\/news\/wp-json\/wp\/v2\/posts"}],"about":[{"href":"https:\/\/www.culturalusa.com\/news\/wp-json\/wp\/v2\/types\/post"}],"author":[{"embeddable":true,"href":"https:\/\/www.culturalusa.com\/news\/wp-json\/wp\/v2\/users\/1"}],"replies":[{"embeddable":true,"href":"https:\/\/www.culturalusa.com\/news\/wp-json\/wp\/v2\/comments?post=1609"}],"version-history":[{"count":0,"href":"https:\/\/www.culturalusa.com\/news\/wp-json\/wp\/v2\/posts\/1609\/revisions"}],"wp:attachment":[{"href":"https:\/\/www.culturalusa.com\/news\/wp-json\/wp\/v2\/media?parent=1609"}],"wp:term":[{"taxonomy":"category","embeddable":true,"href":"https:\/\/www.culturalusa.com\/news\/wp-json\/wp\/v2\/categories?post=1609"},{"taxonomy":"post_tag","embeddable":true,"href":"https:\/\/www.culturalusa.com\/news\/wp-json\/wp\/v2\/tags?post=1609"}],"curies":[{"name":"wp","href":"https:\/\/api.w.org\/{rel}","templated":true}]}}