{"id":1625,"date":"2014-11-25T22:27:02","date_gmt":"2014-11-25T21:27:02","guid":{"rendered":"http:\/\/www.culturalusa.com\/news\/?p=1625"},"modified":"2025-07-03T19:30:18","modified_gmt":"2025-07-03T17:30:18","slug":"lex-premier-ministre-portugais-jose-socrates-mis-en-examen-pour-corruption","status":"publish","type":"post","link":"https:\/\/www.culturalusa.com\/news\/portugal\/lex-premier-ministre-portugais-jose-socrates-mis-en-examen-pour-corruption\/","title":{"rendered":"L&rsquo;ex-Premier ministre portugais Jos\u00e9 Socrates mis en examen pour corruption"},"content":{"rendered":"<h2>L&rsquo;ancien Premier ministre portugais Jos\u00e9 S\u00f3crates a \u00e9t\u00e9 mis en examen pour corruption et plac\u00e9 en d\u00e9tention provisoire, \u00e0 l&rsquo;issue d&rsquo;un interrogatoire marathon, a annonc\u00e9 la justice portugaise.<\/h2>\n<blockquote><p>M. S\u00f3crates, 57 ans, devra r\u00e9pondre des chefs d&rsquo;inculpation de fraude fiscale qualifi\u00e9e, corruption et blanchiment d&rsquo;argent, selon une d\u00e9cision du juge d&rsquo;instruction lue \u00e0 la presse.<\/p><\/blockquote>\n<p>Cette d\u00e9cision est profond\u00e9ment injuste et injustifi\u00e9e, a imm\u00e9diatement comment\u00e9 son avocat Joao Araujo avant d&rsquo;annoncer son intention d&rsquo;introduire un recours.<\/p>\n<p>L&rsquo;arrestation de l&rsquo;homme politique controvers\u00e9, qui a gouvern\u00e9 le pays entre 2005 et 2011 et dont le nom a d\u00e9j\u00e0 \u00e9t\u00e9 cit\u00e9 dans plusieurs affaires, avait plong\u00e9 le Portugal dans la stupeur.<\/p>\n<p>Le pays avait \u00e9t\u00e9 secou\u00e9, dix jours plus t\u00f4t, par une autre affaire de corruption li\u00e9e \u00e0 l&rsquo;attribution des visas dor\u00e9s \u00e0 des investisseurs \u00e9trangers, ayant conduit \u00e0 la d\u00e9mission du ministre de l&rsquo;Int\u00e9rieur, Miguel Macedo.<\/p>\n<p>Jos\u00e9 Socrates a \u00e9t\u00e9 arr\u00eat\u00e9 vendredi \u00e0 l&rsquo;a\u00e9roport de Lisbonne \u00e0 sa descente d&rsquo;un avion en provenance de Paris, dans le cadre d&rsquo;une enqu\u00eate qui a \u00e9galement entra\u00een\u00e9 l&rsquo;arrestation de trois de ses proches.<\/p>\n<p>L&rsquo;homme d&rsquo;affaires Carlos Santos Silva et le chauffeur personnel de M. Socrates, Joao Perna, ont eux aussi \u00e9t\u00e9 plac\u00e9s en d\u00e9tention provisoire. L&rsquo;avocat Gon\u00e7alo Trindade Ferreira a quant \u00e0 lui \u00e9t\u00e9 remis en libert\u00e9 sous contr\u00f4le judiciaire.<\/p>\n<p>Une s\u00e9rie de perquisitions a \u00e9t\u00e9 men\u00e9e ces derniers jours dans des entreprises et au domicile de M. Socrates \u00e0 Lisbonne. Les soup\u00e7ons portent sur des op\u00e9rations bancaires et des transferts d&rsquo;argent d&rsquo;origine douteuse, selon le minist\u00e8re public.<\/p>\n<p>L&rsquo;alerte aurait \u00e9t\u00e9 donn\u00e9e par la banque publique Caixa geral de depositos, a rapport\u00e9 la presse portugaise. Les enqu\u00eateurs s&rsquo;interrogent sur des sommes \u00e9lev\u00e9es transf\u00e9r\u00e9es sur le compte de M. Socrates, qui paraissent incompatibles avec les revenus qu&rsquo;il a d\u00e9clar\u00e9s au fisc.<\/p>\n<p>La justice s&rsquo;int\u00e9resserait de tr\u00e8s pr\u00e8s au co\u00fbt d&rsquo;un appartement de luxe \u00e0 Paris, estim\u00e9 \u00e0 pr\u00e8s de trois millions d&rsquo;euros, o\u00f9 M. Socrates avait v\u00e9cu en 2012 pour poursuivre des \u00e9tudes de philosophie \u00e0 Sciences Po.<\/p>\n<p>Je n&rsquo;ai pas de capitaux et pas de compte \u00e0 l&rsquo;\u00e9tranger. J&rsquo;ai toujours v\u00e9cu de mon seul travail, assurait encore en juillet M. Socrates, alors qu&rsquo;il \u00e9tait mis en cause par la presse dans une autre affaire de blanchiment d&rsquo;argent.<\/p>\n<p>Inquiet des r\u00e9percussions de l&rsquo;affaire, le chef de file des d\u00e9put\u00e9s du parti gouvernemental PSD, Luis Montenegro, a estim\u00e9 lundi que l&rsquo;image du pays a \u00e9t\u00e9 ternie \u00e0 l&rsquo;int\u00e9rieur comme \u00e0 l&rsquo;ext\u00e9rieur par ce qui s&rsquo;est pass\u00e9 ces derniers jours.<\/p>\n<p>L&rsquo;affaire a mis dans l&#8217;embarras le maire de Lisbonne Antonio Costa, ancien ministre de l&rsquo;Int\u00e9rieur de M. Socrates et fra\u00eechement \u00e9lu secr\u00e9taire g\u00e9n\u00e9ral du Parti socialiste portugais.<\/p>\n<p>Interrog\u00e9 sur l&rsquo;h\u00e9ritage politique de M. Socrates, M. Costa a refus\u00e9 de prendre ses distances, d\u00e9clarant que le PS n&rsquo;adopte pas les pratiques staliniennes qui consistent \u00e0 enlever les photos des anciens dirigeants.<\/p>\n<p>Personnage haut en couleurs, Jos\u00e9 Socrates avait annonc\u00e9 sa d\u00e9mission du poste de Premier ministre en mars 2011, apr\u00e8s le rejet au Parlement d&rsquo;un nouveau programme d&rsquo;aust\u00e9rit\u00e9 budg\u00e9taire.<\/p>\n<p>Peu apr\u00e8s, le Portugal, au bord de la faillite, avait \u00e9t\u00e9 contraint de demander une aide financi\u00e8re de 78 milliards d&rsquo;euros \u00e0 l&rsquo;Union europ\u00e9enne et au Fonds mon\u00e9taire international, en \u00e9change d&rsquo;un programme de rigueur sur trois ans qui a pris fin en mai dernier. (AFP)<\/p>\n","protected":false},"excerpt":{"rendered":"<p>L&rsquo;ancien Premier ministre portugais Jos\u00e9 S\u00f3crates a \u00e9t\u00e9 mis en examen pour corruption et plac\u00e9 en d\u00e9tention provisoire, \u00e0 l&rsquo;issue d&rsquo;un interrogatoire marathon, a annonc\u00e9 la justice portugaise. M. S\u00f3crates, 57 ans, devra r\u00e9pondre des chefs d&rsquo;inculpation de fraude fiscale qualifi\u00e9e, corruption et blanchiment d&rsquo;argent, selon une d\u00e9cision du juge d&rsquo;instruction lue \u00e0 la presse. [&hellip;]<\/p>\n","protected":false},"author":1,"featured_media":13098,"comment_status":"open","ping_status":"closed","sticky":false,"template":"","format":"standard","meta":{"footnotes":""},"categories":[3],"tags":[2812,117],"class_list":["post-1625","post","type-post","status-publish","format-standard","has-post-thumbnail","hentry","category-portugal","tag-corruption-au-portugal","tag-jose-socrates"],"aioseo_notices":[],"_links":{"self":[{"href":"https:\/\/www.culturalusa.com\/news\/wp-json\/wp\/v2\/posts\/1625","targetHints":{"allow":["GET"]}}],"collection":[{"href":"https:\/\/www.culturalusa.com\/news\/wp-json\/wp\/v2\/posts"}],"about":[{"href":"https:\/\/www.culturalusa.com\/news\/wp-json\/wp\/v2\/types\/post"}],"author":[{"embeddable":true,"href":"https:\/\/www.culturalusa.com\/news\/wp-json\/wp\/v2\/users\/1"}],"replies":[{"embeddable":true,"href":"https:\/\/www.culturalusa.com\/news\/wp-json\/wp\/v2\/comments?post=1625"}],"version-history":[{"count":2,"href":"https:\/\/www.culturalusa.com\/news\/wp-json\/wp\/v2\/posts\/1625\/revisions"}],"predecessor-version":[{"id":13510,"href":"https:\/\/www.culturalusa.com\/news\/wp-json\/wp\/v2\/posts\/1625\/revisions\/13510"}],"wp:featuredmedia":[{"embeddable":true,"href":"https:\/\/www.culturalusa.com\/news\/wp-json\/wp\/v2\/media\/13098"}],"wp:attachment":[{"href":"https:\/\/www.culturalusa.com\/news\/wp-json\/wp\/v2\/media?parent=1625"}],"wp:term":[{"taxonomy":"category","embeddable":true,"href":"https:\/\/www.culturalusa.com\/news\/wp-json\/wp\/v2\/categories?post=1625"},{"taxonomy":"post_tag","embeddable":true,"href":"https:\/\/www.culturalusa.com\/news\/wp-json\/wp\/v2\/tags?post=1625"}],"curies":[{"name":"wp","href":"https:\/\/api.w.org\/{rel}","templated":true}]}}