{"id":1635,"date":"2014-12-18T01:26:45","date_gmt":"2014-12-18T00:26:45","guid":{"rendered":"http:\/\/www.culturalusa.com\/news\/?p=1635"},"modified":"2014-12-18T01:26:45","modified_gmt":"2014-12-18T00:26:45","slug":"tap-portugal-vers-une-greve-pendant-les-fetes","status":"publish","type":"post","link":"https:\/\/www.culturalusa.com\/news\/portugal\/tap-portugal-vers-une-greve-pendant-les-fetes\/","title":{"rendered":"TAP Portugal vers une gr\u00e8ve pendant les f\u00eates"},"content":{"rendered":"<p><img loading=\"lazy\" decoding=\"async\" src=\"http:\/\/www.culturalusa.com\/news\/wp-content\/uploads\/2013\/09\/tap-portugal.jpg\" alt=\"Tap Portugal\" width=\"467\" height=\"280\" class=\"aligncenter size-full wp-image-1188\" srcset=\"https:\/\/www.culturalusa.com\/news\/wp-content\/uploads\/2013\/09\/tap-portugal.jpg 467w, https:\/\/www.culturalusa.com\/news\/wp-content\/uploads\/2013\/09\/tap-portugal-275x165.jpg 275w\" sizes=\"auto, (max-width: 467px) 100vw, 467px\" \/>A peine lanc\u00e9e, la nouvelle tentative du gouvernement portugais de privatiser la compagnie a\u00e9rienne TAP a d\u00e9j\u00e0 du plomb dans l&rsquo;aile: l&rsquo;opposition en fait un casus belli et les syndicats appellent \u00e0 une gr\u00e8ve dure en pleine p\u00e9riode des f\u00eates.<\/p>\n<p>Seule une suspension de la privatisation peut entra\u00eener une lev\u00e9e du mot d&rsquo;ordre de gr\u00e8ve, ont pr\u00e9venu lundi soir les douze syndicats de la compagnie publique qui comptent d\u00e9brayer du 27 au 30 d\u00e9cembre pour dire \u00ab\u00a0non\u00a0\u00bb \u00e0 la d\u00e9cision de vendre leur entreprise.<\/p>\n<p>\u00ab\u00a0Une gr\u00e8ve de quatre jours \u00e0 No\u00ebl n&rsquo;est sans doute pas une bonne nouvelle pour un acheteur potentiel\u00a0\u00bb, a comment\u00e9 Francisco Calheiros, pr\u00e9sident de la Conf\u00e9d\u00e9ration du Tourisme du Portugal (CTP), qui redoute des \u00ab\u00a0effets d\u00e9sastreux\u00a0\u00bb sur l&rsquo;\u00e9conomie du pays.<\/p>\n<p>La facture risque d&rsquo;\u00eatre lourde: selon la direction de la TAP, chaque jour de gr\u00e8ve co\u00fbte 8 millions d&rsquo;euros en p\u00e9riode de vacances. S&rsquo;y ajoute l&rsquo;ardoise de 25 millions d&rsquo;euros d&rsquo;une ann\u00e9e riche en conflits sociaux.<\/p>\n<p>Du coup, les r\u00e9sultats financiers ne seront pas \u00e0 la hauteur des esp\u00e9rances, a pr\u00e9venu le pr\u00e9sident de la TAP, Fernando Pinto: \u00ab\u00a0nos objectifs seront difficilement atteints. Nous ne savons pas si nous ferons des b\u00e9n\u00e9fices cette ann\u00e9e\u00a0\u00bb.<\/p>\n<p>Premi\u00e8re compagnie europ\u00e9enne pour les liaisons avec le Br\u00e9sil, la TAP avait d\u00e9gag\u00e9 en 2013 un b\u00e9n\u00e9fice net pour la cinqui\u00e8me ann\u00e9e cons\u00e9cutive, \u00e0 34 millions d&rsquo;euros.<\/p>\n<p>Le gouvernement de centre droit a d\u00e9cid\u00e9 \u00e0 la mi-novembre de mettre en vente 66% du capital de la TAP, apr\u00e8s l&rsquo;\u00e9chec d&rsquo;une premi\u00e8re tentative de privatisation en d\u00e9cembre 2012.<\/p>\n<p>Sans tabler sur une recette importante, l&rsquo;Etat cherche surtout des investisseurs pr\u00eats \u00e0 assumer le passif de la compagnie, \u00e9valu\u00e9 \u00e0 pr\u00e8s d&rsquo;un milliard d&rsquo;euros, et \u00e0 la recapitaliser pour financer son d\u00e9veloppement.<\/p>\n<p>\u00ab\u00a0Le gouvernement est pr\u00eat \u00e0 brader une compagnie a\u00e9rienne porte-drapeau \u00e0 un prix d\u00e9risoire\u00a0\u00bb, accusent les syndicats qui font valoir que leur gr\u00e8ve vise \u00e0 \u00ab\u00a0d\u00e9fendre les int\u00e9r\u00eats de la TAP et du pays\u00a0\u00bb.<\/p>\n<p>Parmi les \u00e9ventuels repreneurs figurent German Efromovich, propri\u00e9taire de la compagnie colombienne Avianca, dont la candidature avait \u00e9t\u00e9 rejet\u00e9e en 2012, faute de garanties bancaires.<\/p>\n<p>Un consortium form\u00e9 par les hommes d&rsquo;affaires am\u00e9ricain Frank Lorenzo et portugais Miguel Pais do Amaral est \u00e9galement sur les rangs, tout comme Globalia, la maison m\u00e8re d&rsquo;Air Europa, et l&rsquo;Am\u00e9ricano-Br\u00e9silien David Neeleman, fondateur de la compagnie br\u00e9silienne Azul.<\/p>\n<p>\u00ab\u00a0Si nous conservons le statu quo, cette entreprise strat\u00e9gique pour le tourisme national va dispara\u00eetre\u00a0\u00bb, a pr\u00e9venu le Premier ministre Pedro Passos Coelho, assurant que l&rsquo;Etat ne pouvait pas y injecter des capitaux en raison des r\u00e8gles europ\u00e9ennes.<\/p>\n<p>A l&rsquo;inverse, le chef de l&rsquo;opposition socialiste, Antonio Costa, favori dans les sondages pour lui succ\u00e9der \u00e0 l&rsquo;issue des \u00e9lections l\u00e9gislatives en 2015, a jug\u00e9 \u00ab\u00a0extr\u00eamement p\u00e9rilleux de renoncer au contr\u00f4le public sur ce grand pilier de la souverainet\u00e9 nationale\u00a0\u00bb.<\/p>\n<p>La vente de la compagnie a\u00e9rienne est \u00ab\u00a0un scandale, un crime contre les int\u00e9r\u00eats nationaux\u00a0\u00bb, s&rsquo;est emport\u00e9 le dirigeant du Parti communiste, Jeronimo de Sousa.<\/p>\n<p>Plus mod\u00e9r\u00e9s, les analystes sont plut\u00f4t favorables \u00e0 la vente de la compagnie: \u00ab\u00a0la TAP peut \u00eatre rentable, surtout avec la baisse des cours du p\u00e9trole, mais elle a besoin d&rsquo;un actionnariat stable\u00a0\u00bb, a d\u00e9clar\u00e9 \u00e0 l&rsquo;AFP Pedro Lino, g\u00e9rant de Dif Broker.<\/p>\n<p>\u00ab\u00a0Cela fait longtemps que la TAP pose un gros probl\u00e8me financier au pays. Sa vente s&rsquo;impose\u00a0\u00bb, a estim\u00e9 Joao Cesar das Neves, professeur d&rsquo;\u00e9conomie \u00e0 l&rsquo;Universite catholique de Lisbonne.<\/p>\n<p>Si les Portugais voient d&rsquo;un mauvais oeil qu&rsquo;une grande partie de leurs entreprises nationales passent sous contr\u00f4le \u00e9tranger, ils se montrent peu compr\u00e9hensifs vis-\u00e0-vis des gr\u00e8ves \u00e0 r\u00e9p\u00e9tition des personnels de la TAP.<\/p>\n<p>Les mouvements sociaux sont venus se greffer sur une s\u00e9rie d&rsquo;incidents techniques cet \u00e9t\u00e9, qui ont suscit\u00e9 le m\u00e9contentement de nombreux passagers et \u00e9corn\u00e9 l&rsquo;image d&rsquo;une compagnie r\u00e9put\u00e9e une des plus s\u00fbres d&rsquo;Europe.<\/p>\n<p style=\"text-align:center;\"><script type=\"text\/javascript\"><!--\ngoogle_ad_client = \"ca-pub-2727717456356200\";\n\/* CulturaLusa 468x60 *\/\ngoogle_ad_slot = \"2785499263\";\ngoogle_ad_width = 468;\ngoogle_ad_height = 60;\n\/\/-->\n<\/script><br \/>\n<script type=\"text\/javascript\"\nsrc=\"http:\/\/pagead2.googlesyndication.com\/pagead\/show_ads.js\">\n<\/script><\/p>\n","protected":false},"excerpt":{"rendered":"<p>A peine lanc\u00e9e, la nouvelle tentative du gouvernement portugais de privatiser la compagnie a\u00e9rienne TAP a d\u00e9j\u00e0 du plomb dans l&rsquo;aile: l&rsquo;opposition en fait un casus belli et les syndicats appellent \u00e0 une gr\u00e8ve dure en pleine p\u00e9riode des f\u00eates. Seule une suspension de la privatisation peut entra\u00eener une lev\u00e9e du mot d&rsquo;ordre de gr\u00e8ve, [&hellip;]<\/p>\n","protected":false},"author":1,"featured_media":0,"comment_status":"open","ping_status":"closed","sticky":false,"template":"","format":"standard","meta":{"footnotes":""},"categories":[3],"tags":[128,111],"class_list":["post-1635","post","type-post","status-publish","format-standard","hentry","category-portugal","tag-greve","tag-tap"],"aioseo_notices":[],"_links":{"self":[{"href":"https:\/\/www.culturalusa.com\/news\/wp-json\/wp\/v2\/posts\/1635","targetHints":{"allow":["GET"]}}],"collection":[{"href":"https:\/\/www.culturalusa.com\/news\/wp-json\/wp\/v2\/posts"}],"about":[{"href":"https:\/\/www.culturalusa.com\/news\/wp-json\/wp\/v2\/types\/post"}],"author":[{"embeddable":true,"href":"https:\/\/www.culturalusa.com\/news\/wp-json\/wp\/v2\/users\/1"}],"replies":[{"embeddable":true,"href":"https:\/\/www.culturalusa.com\/news\/wp-json\/wp\/v2\/comments?post=1635"}],"version-history":[{"count":0,"href":"https:\/\/www.culturalusa.com\/news\/wp-json\/wp\/v2\/posts\/1635\/revisions"}],"wp:attachment":[{"href":"https:\/\/www.culturalusa.com\/news\/wp-json\/wp\/v2\/media?parent=1635"}],"wp:term":[{"taxonomy":"category","embeddable":true,"href":"https:\/\/www.culturalusa.com\/news\/wp-json\/wp\/v2\/categories?post=1635"},{"taxonomy":"post_tag","embeddable":true,"href":"https:\/\/www.culturalusa.com\/news\/wp-json\/wp\/v2\/tags?post=1635"}],"curies":[{"name":"wp","href":"https:\/\/api.w.org\/{rel}","templated":true}]}}