{"id":165,"date":"2012-04-05T22:19:46","date_gmt":"2012-04-05T22:19:46","guid":{"rendered":"http:\/\/www.culturalusa.com\/news\/?p=165"},"modified":"2012-04-07T10:36:11","modified_gmt":"2012-04-07T10:36:11","slug":"chacun-sait-que-le-portugal-nest-pas-la-grece","status":"publish","type":"post","link":"https:\/\/www.culturalusa.com\/news\/economie\/chacun-sait-que-le-portugal-nest-pas-la-grece\/","title":{"rendered":"Chacun sait que le Portugal n&rsquo;est pas la Gr\u00e8ce"},"content":{"rendered":"<p><strong><img loading=\"lazy\" decoding=\"async\" class=\"alignleft  wp-image-168\" title=\"euro crise europe\" src=\"http:\/\/www.culturalusa.com\/news\/wp-content\/uploads\/2012\/04\/euro-crise-europe-275x119.jpg\" alt=\"\" width=\"275\" height=\"175\" \/>L&rsquo;Euro et la crise: \u00ab\u00a0Chacun sait que le Portugal n&rsquo;est pas la Gr\u00e8ce\u00a0\u00bb d\u00e9clare le Leader des d\u00e9put\u00e9s allemands en visite au Portugal.<\/strong><\/p>\n<p>Viana do Castelo, Le chef de file du SPD dans du parlement allemand, Christian Lange, a d\u00e9clar\u00e9 aujourd&rsquo;hui que dans leur pays \u00ab\u00a0tout le monde sait\u00a0\u00bb que \u00ab\u00a0le Portugal n&rsquo;est pas la Gr\u00e8ce\u00a0\u00bb et a montr\u00e9 sa gratitude pour les efforts portugais pour l&rsquo;\u00e9quilibre de ses comptes publics.<\/p>\n<p>\u00ab\u00a0Nous voyons que le Portugal n&rsquo;est pas la Gr\u00e8ce. Tout le monde en Allemagne, en particulier dans la politique, le savent. Donc, nous sommes reconnaissants pour toute la responsabilit\u00e9 manifest\u00e9 par les politiciens qui font de une r\u00e9forme difficile\u00a0\u00bb pour la pays, a d\u00e9clar\u00e9 Cristian Lange lors d&rsquo;une visite officielle \u00e0 Viana do Castelo.<\/p>\n<p>Le d\u00e9put\u00e9 du SPD (Parti social-d\u00e9mocrate, socialiste) m\u00e8ne un groupe de six \u00e9l\u00e9ments au Parlement F\u00e9d\u00e9ral Allemand et qui sont actuellement en visite au Portugal.<\/p>\n<p><img loading=\"lazy\" decoding=\"async\" class=\"alignleft size-full wp-image-180\" style=\"border: 0pt none;\" title=\"icon-pt\" src=\"http:\/\/www.culturalusa.com\/news\/wp-content\/uploads\/2012\/04\/icon-pt.gif\" alt=\"\" width=\"14\" height=\"14\" \/> <span style=\"color: #800000;\">Euro\/crise: \u00ab\u00a0Todos sabem que Portugal n\u00e3o \u00e9 a Gr\u00e9cia\u00a0\u00bb &#8211; L\u00edder dos deputados alem\u00e3es de visita a Portugal.<\/span><\/p>\n<p>Viana do Castelo, O l\u00edder do SPD no Parlamento alem\u00e3o, Cristian Lange, garantiu hoje que naquele pa\u00eds \u00ab\u00a0todos sabem\u00a0\u00bb que \u00ab\u00a0Portugal n\u00e3o \u00e9 a Gr\u00e9cia\u00a0\u00bb e demonstrou gratid\u00e3o pelos esfor\u00e7os nacionais no equil\u00edbrio das contas p\u00fablicas.<\/p>\n<p>\u00ab\u00a0Vemos que Portugal n\u00e3o \u00e9 a Gr\u00e9cia. Toda a gente na Alemanha, especialmente na pol\u00edtica, o sabe. Por isso estamos agradecidos por toda a responsabilidade demonstrada pelos pol\u00edticos que est\u00e3o a realizar esta dura reforma\u00a0\u00bb, afirmou Cristian Lange \u00e0 Ag\u00eancia Lusa \u00e0 margem de uma visita oficial a Viana do Castelo.<\/p>\n<p>O deputado do SPD (Partido Social-Democrata, socialista) lidera um grupo de seis elementos do parlamento federal alem\u00e3o que est\u00e3o de visita a Portugal desde domingo.<\/p>\n","protected":false},"excerpt":{"rendered":"<p>L&rsquo;Euro et la crise: \u00ab\u00a0Chacun sait que le Portugal n&rsquo;est pas la Gr\u00e8ce\u00a0\u00bb d\u00e9clare le Leader des d\u00e9put\u00e9s allemands en visite au Portugal. Viana do Castelo, Le chef de file du SPD dans du parlement allemand, Christian Lange, a d\u00e9clar\u00e9 aujourd&rsquo;hui que dans leur pays \u00ab\u00a0tout le monde sait\u00a0\u00bb que \u00ab\u00a0le Portugal n&rsquo;est pas la [&hellip;]<\/p>\n","protected":false},"author":1,"featured_media":0,"comment_status":"open","ping_status":"closed","sticky":false,"template":"","format":"standard","meta":{"footnotes":""},"categories":[1],"tags":[],"class_list":["post-165","post","type-post","status-publish","format-standard","hentry","category-economie"],"aioseo_notices":[],"_links":{"self":[{"href":"https:\/\/www.culturalusa.com\/news\/wp-json\/wp\/v2\/posts\/165","targetHints":{"allow":["GET"]}}],"collection":[{"href":"https:\/\/www.culturalusa.com\/news\/wp-json\/wp\/v2\/posts"}],"about":[{"href":"https:\/\/www.culturalusa.com\/news\/wp-json\/wp\/v2\/types\/post"}],"author":[{"embeddable":true,"href":"https:\/\/www.culturalusa.com\/news\/wp-json\/wp\/v2\/users\/1"}],"replies":[{"embeddable":true,"href":"https:\/\/www.culturalusa.com\/news\/wp-json\/wp\/v2\/comments?post=165"}],"version-history":[{"count":0,"href":"https:\/\/www.culturalusa.com\/news\/wp-json\/wp\/v2\/posts\/165\/revisions"}],"wp:attachment":[{"href":"https:\/\/www.culturalusa.com\/news\/wp-json\/wp\/v2\/media?parent=165"}],"wp:term":[{"taxonomy":"category","embeddable":true,"href":"https:\/\/www.culturalusa.com\/news\/wp-json\/wp\/v2\/categories?post=165"},{"taxonomy":"post_tag","embeddable":true,"href":"https:\/\/www.culturalusa.com\/news\/wp-json\/wp\/v2\/tags?post=165"}],"curies":[{"name":"wp","href":"https:\/\/api.w.org\/{rel}","templated":true}]}}