{"id":1676,"date":"2015-01-29T19:48:58","date_gmt":"2015-01-29T18:48:58","guid":{"rendered":"http:\/\/www.culturalusa.com\/news\/?p=1676"},"modified":"2026-02-18T15:08:13","modified_gmt":"2026-02-18T14:08:13","slug":"le-chomage-au-portugal-repart-a-la-baisse-en-decembre","status":"publish","type":"post","link":"https:\/\/www.culturalusa.com\/news\/economie\/le-chomage-au-portugal-repart-a-la-baisse-en-decembre\/","title":{"rendered":"Le ch\u00f4mage au Portugal repart \u00e0 la baisse en d\u00e9cembre"},"content":{"rendered":"<h2>Le ch\u00f4mage au Portugal est reparti \u00e0 la baisse en d\u00e9cembre, s&rsquo;\u00e9tablissant \u00e0 un taux de 13,4% contre 13,5% en novembre, mais le ch\u00f4mage des jeunes continue de s&rsquo;aggraver, a indiqu\u00e9 jeudi l&rsquo;Institut national des statistiques (Ine).<\/h2>\n<p>La courbe du ch\u00f4mage reprend ainsi une tendance \u00e0 la baisse observ\u00e9e depuis le premier trimestre 2013, interrompue seulement en octobre et en novembre.<\/p>\n<p>L&rsquo;Ine a \u00e9galement revu \u00e0 la baisse le taux de ch\u00f4mage en novembre, \u00e9valu\u00e9 dans un premier temps \u00e0 13,9%.<\/p>\n<p>Le ch\u00f4mage des moins de 25 ans a cependant encore augment\u00e9 en d\u00e9cembre et touche plus d&rsquo;un jeune sur trois, \u00e0 34,5%, soit une hausse de 1,1 point par rapport au mois pr\u00e9c\u00e9dent, a pr\u00e9cis\u00e9 l&rsquo;Ine dans un communiqu\u00e9.<\/p>\n<p>Sur l&rsquo;ensemble de 2014, le gouvernement portugais s&rsquo;attend \u00e0 un taux de ch\u00f4mage de 14,2%, en baisse par rapport \u00e0 celui enregistr\u00e9 en 2013 (16,2%), selon ses derni\u00e8res estimations.<\/p>\n<p>Pour 2015, le gouvernement table sur une nouvelle d\u00e9crue du ch\u00f4mage \u00e0 13,4%. Moins optimiste, la Commission europ\u00e9enne a avanc\u00e9 le chiffre de 14,5% en 2014 et 13,6% en 2015.<\/p>\n<p>Le nombre total de ch\u00f4meurs dans le pays s&rsquo;est \u00e9tabli \u00e0 689&rsquo;600 en d\u00e9cembre, soit 4800 de moins qu&rsquo;en novembre.<\/p>\n<p>Le taux de ch\u00f4mage a diminu\u00e9 de 0,2 point pour les hommes, s&rsquo;\u00e9tablissant \u00e0 13,2%, et est rest\u00e9 stable pour les femmes, \u00e0 13,7%.<\/p>\n<p>4,44 millions de personnes avaient un emploi en d\u00e9cembre, un chiffre en tr\u00e8s l\u00e9g\u00e8re hausse (+0,1%) par rapport \u00e0 novembre, selon l&rsquo;Ine.<\/p>\n<p>Le Produit int\u00e9rieur brut (PIB) du Portugal a augment\u00e9 de 0,3% au troisi\u00e8me trimestre de 2014, tout comme au deuxi\u00e8me, confirmant le rebond de l&rsquo;activit\u00e9 \u00e9conomique du pays.<\/p>\n<p>Le gouvernement portugais pr\u00e9voit, pour l&rsquo;ensemble de 2014, une hausse du PIB de 1%, puis de 1,5% en 2015. La Commission europ\u00e9enne a pr\u00e9sent\u00e9, l\u00e0 encore, des estimations plus prudentes (+0,9% en 2014 et +1,3% en 2015).<\/p>\n<p>Le gouvernement a annonc\u00e9 vendredi un d\u00e9ficit public pour 2014 de 7,07 milliards d&rsquo;euros, inf\u00e9rieur de 655 millions aux pr\u00e9visions gr\u00e2ce \u00e0 des recettes fiscales record et une baisse des d\u00e9penses.(AFP)<\/p>\n","protected":false},"excerpt":{"rendered":"<p>Le ch\u00f4mage au Portugal est reparti \u00e0 la baisse en d\u00e9cembre, s&rsquo;\u00e9tablissant \u00e0 un taux de 13,4% contre 13,5% en novembre, mais le ch\u00f4mage des jeunes continue de s&rsquo;aggraver, a indiqu\u00e9 jeudi l&rsquo;Institut national des statistiques (Ine). La courbe du ch\u00f4mage reprend ainsi une tendance \u00e0 la baisse observ\u00e9e depuis le premier trimestre 2013, interrompue [&hellip;]<\/p>\n","protected":false},"author":1,"featured_media":922,"comment_status":"open","ping_status":"closed","sticky":false,"template":"","format":"standard","meta":{"footnotes":""},"categories":[1],"tags":[148],"class_list":["post-1676","post","type-post","status-publish","format-standard","has-post-thumbnail","hentry","category-economie","tag-chomage-portugal"],"aioseo_notices":[],"_links":{"self":[{"href":"https:\/\/www.culturalusa.com\/news\/wp-json\/wp\/v2\/posts\/1676","targetHints":{"allow":["GET"]}}],"collection":[{"href":"https:\/\/www.culturalusa.com\/news\/wp-json\/wp\/v2\/posts"}],"about":[{"href":"https:\/\/www.culturalusa.com\/news\/wp-json\/wp\/v2\/types\/post"}],"author":[{"embeddable":true,"href":"https:\/\/www.culturalusa.com\/news\/wp-json\/wp\/v2\/users\/1"}],"replies":[{"embeddable":true,"href":"https:\/\/www.culturalusa.com\/news\/wp-json\/wp\/v2\/comments?post=1676"}],"version-history":[{"count":2,"href":"https:\/\/www.culturalusa.com\/news\/wp-json\/wp\/v2\/posts\/1676\/revisions"}],"predecessor-version":[{"id":14028,"href":"https:\/\/www.culturalusa.com\/news\/wp-json\/wp\/v2\/posts\/1676\/revisions\/14028"}],"wp:featuredmedia":[{"embeddable":true,"href":"https:\/\/www.culturalusa.com\/news\/wp-json\/wp\/v2\/media\/922"}],"wp:attachment":[{"href":"https:\/\/www.culturalusa.com\/news\/wp-json\/wp\/v2\/media?parent=1676"}],"wp:term":[{"taxonomy":"category","embeddable":true,"href":"https:\/\/www.culturalusa.com\/news\/wp-json\/wp\/v2\/categories?post=1676"},{"taxonomy":"post_tag","embeddable":true,"href":"https:\/\/www.culturalusa.com\/news\/wp-json\/wp\/v2\/tags?post=1676"}],"curies":[{"name":"wp","href":"https:\/\/api.w.org\/{rel}","templated":true}]}}