{"id":1713,"date":"2015-03-13T14:35:51","date_gmt":"2015-03-13T13:35:51","guid":{"rendered":"http:\/\/www.culturalusa.com\/news\/?p=1713"},"modified":"2015-03-13T14:35:51","modified_gmt":"2015-03-13T13:35:51","slug":"ramener-le-deficit-sous-3-sans-recourir-a-de-nouvelles-mesures","status":"publish","type":"post","link":"https:\/\/www.culturalusa.com\/news\/portugal\/ramener-le-deficit-sous-3-sans-recourir-a-de-nouvelles-mesures\/","title":{"rendered":"Ramener le d\u00e9ficit sous 3% sans recourir \u00e0 de nouvelles mesures"},"content":{"rendered":"<p><img loading=\"lazy\" decoding=\"async\" src=\"http:\/\/www.culturalusa.com\/news\/wp-content\/uploads\/2012\/04\/passoscoelho-discurso.jpg\" alt=\"Pedro Passos Coelho\" width=\"460\" height=\"263\" class=\"aligncenter size-full wp-image-356\" srcset=\"https:\/\/www.culturalusa.com\/news\/wp-content\/uploads\/2012\/04\/passoscoelho-discurso.jpg 460w, https:\/\/www.culturalusa.com\/news\/wp-content\/uploads\/2012\/04\/passoscoelho-discurso-275x157.jpg 275w\" sizes=\"auto, (max-width: 460px) 100vw, 460px\" \/>Le Portugal atteindra un d\u00e9ficit inf\u00e9rieur \u00e0 3% de son Produit int\u00e9rieur brut (PIB) en 2015 sans introduire de nouvelles mesures d&rsquo;aust\u00e9rit\u00e9, a d\u00e9clar\u00e9 son Premier ministre Pedro Passos Coelho.<\/p>\n<p>Lisbonne \u00ab\u00a0respectera ses objectifs et sortira de la proc\u00e9dure pour d\u00e9ficit excessif\u00a0\u00bb en 2015 en affichant \u00ab\u00a0un d\u00e9ficit inf\u00e9rieur \u00e0 3%\u00a0\u00bb du PIB, a soulign\u00e9 M. Passos Coelho devant le Parlement.<\/p>\n<p>Le Portugal \u00ab\u00a0n&rsquo;aura pas besoin de nouvelles mesures pour obtenir ces r\u00e9sultats\u00a0\u00bb, a ajout\u00e9 le chef du gouvernement, qui reprenait \u00e0 son compte des propos tenus lundi \u00e0 Bruxelles par sa ministre des Finances, Maria Luis Albuquerque.<\/p>\n<p>Mme Albuquerque r\u00e9pondait \u00e0 ses homologues de la zone euro, qui avaient estim\u00e9 que le Portugal pourrait avoir besoin de mesures additionnelles pour atteindre ses objectifs budg\u00e9taires en 2015.<\/p>\n<p>Le gouvernement portugais \u00ab\u00a0ajustera sa strat\u00e9gie budg\u00e9taire si cela s&rsquo;av\u00e8re n\u00e9cessaire\u00a0\u00bb, avait-elle toutefois pr\u00e9cis\u00e9.<\/p>\n<p>Malgr\u00e9 les critiques de Bruxelles, Lisbonne s&rsquo;est dot\u00e9 pour 2015 d&rsquo;un budget expurg\u00e9 de toute nouvelle mesure d&rsquo;aust\u00e9rit\u00e9, alors que des \u00e9lections l\u00e9gislatives sont pr\u00e9vues \u00e0 l&rsquo;automne.<\/p>\n<p>Le Portugal pr\u00e9voit de ramener son d\u00e9ficit \u00e0 2,7% du PIB en 2015, ce qui lui permettrait de sortir de la proc\u00e9dure pour d\u00e9ficit excessif. Moins optimiste, la Commission europ\u00e9enne table sur un d\u00e9s\u00e9quilibre de 3,2% cette ann\u00e9e.<\/p>\n<p>Pour 2014, Lisbonne esp\u00e8re ramener son d\u00e9ficit \u00e0 4,8% du PIB, alors que le chiffre doit \u00eatre publi\u00e9 \u00e0 la fin du mois. Bruxelles avance ici une pr\u00e9vision plus favorable, \u00e0 4,6%.<\/p>\n<p>Le pays s&rsquo;est affranchi en mai dernier d&rsquo;un plan d&rsquo;aide internationale de 78 milliards d&rsquo;euros accord\u00e9 en 2011 en \u00e9change d&rsquo;un programme de r\u00e9formes et de rigueur.<\/p>\n<p>Signe de l&rsquo;am\u00e9lioration de sa situation budg\u00e9taire, le Portugal a annonc\u00e9 son intention de rembourser par avance 14 milliards d&rsquo;euros au Fonds mon\u00e9taire international (FMI) sur les 25,7 milliards pr\u00eat\u00e9s, dont six milliards d\u00e8s le mois de mars.(AFP)<\/p>\n","protected":false},"excerpt":{"rendered":"<p>Le Portugal atteindra un d\u00e9ficit inf\u00e9rieur \u00e0 3% de son Produit int\u00e9rieur brut (PIB) en 2015 sans introduire de nouvelles mesures d&rsquo;aust\u00e9rit\u00e9, a d\u00e9clar\u00e9 son Premier ministre Pedro Passos Coelho. Lisbonne \u00ab\u00a0respectera ses objectifs et sortira de la proc\u00e9dure pour d\u00e9ficit excessif\u00a0\u00bb en 2015 en affichant \u00ab\u00a0un d\u00e9ficit inf\u00e9rieur \u00e0 3%\u00a0\u00bb du PIB, a soulign\u00e9 [&hellip;]<\/p>\n","protected":false},"author":1,"featured_media":0,"comment_status":"open","ping_status":"closed","sticky":false,"template":"","format":"standard","meta":{"footnotes":""},"categories":[3],"tags":[177,144,178],"class_list":["post-1713","post","type-post","status-publish","format-standard","hentry","category-portugal","tag-deficit-portugais","tag-fmi","tag-pib"],"aioseo_notices":[],"_links":{"self":[{"href":"https:\/\/www.culturalusa.com\/news\/wp-json\/wp\/v2\/posts\/1713","targetHints":{"allow":["GET"]}}],"collection":[{"href":"https:\/\/www.culturalusa.com\/news\/wp-json\/wp\/v2\/posts"}],"about":[{"href":"https:\/\/www.culturalusa.com\/news\/wp-json\/wp\/v2\/types\/post"}],"author":[{"embeddable":true,"href":"https:\/\/www.culturalusa.com\/news\/wp-json\/wp\/v2\/users\/1"}],"replies":[{"embeddable":true,"href":"https:\/\/www.culturalusa.com\/news\/wp-json\/wp\/v2\/comments?post=1713"}],"version-history":[{"count":0,"href":"https:\/\/www.culturalusa.com\/news\/wp-json\/wp\/v2\/posts\/1713\/revisions"}],"wp:attachment":[{"href":"https:\/\/www.culturalusa.com\/news\/wp-json\/wp\/v2\/media?parent=1713"}],"wp:term":[{"taxonomy":"category","embeddable":true,"href":"https:\/\/www.culturalusa.com\/news\/wp-json\/wp\/v2\/categories?post=1713"},{"taxonomy":"post_tag","embeddable":true,"href":"https:\/\/www.culturalusa.com\/news\/wp-json\/wp\/v2\/tags?post=1713"}],"curies":[{"name":"wp","href":"https:\/\/api.w.org\/{rel}","templated":true}]}}