{"id":1718,"date":"2015-03-17T20:06:17","date_gmt":"2015-03-17T19:06:17","guid":{"rendered":"http:\/\/www.culturalusa.com\/news\/?p=1718"},"modified":"2020-12-17T19:42:55","modified_gmt":"2020-12-17T18:42:55","slug":"malgre-la-croissance-il-faut-des-reformes-pour-le-gouvernement-portugais","status":"publish","type":"post","link":"https:\/\/www.culturalusa.com\/news\/portugal\/malgre-la-croissance-il-faut-des-reformes-pour-le-gouvernement-portugais\/","title":{"rendered":"Malgr\u00e9 la croissance il faut des r\u00e9formes pour le gouvernement portugais"},"content":{"rendered":"<p>Le Portugal a \u00ab\u00a0accompli un miracle\u00a0\u00bb en renouant avec la croissance trois ans apr\u00e8s avoir obtenu un plan d&rsquo;aide international, mais il doit continuer \u00e0 r\u00e9former son \u00e9conomie, a estim\u00e9 l&rsquo;un des vice-pr\u00e9sidents de la Commission europ\u00e9enne, Jyrki Katainen.<\/p>\n<p>\u00ab\u00a0La Commission attend un programme national de r\u00e9formes ambitieuses qui doit confirmer la d\u00e9termination du Portugal \u00e0 poursuivre sa transformation \u00e9conomique\u00a0\u00bb, a-t-il d\u00e9clar\u00e9 devant la presse \u00e0 Lisbonne.<\/p>\n<p>\u00ab\u00a0Le Portugal a accompli un miracle\u00a0\u00bb, car le pays \u00ab\u00a0a stabilis\u00e9 la situation et renou\u00e9 avec la croissance, trois ans apr\u00e8s avoir d\u00e9marr\u00e9\u00a0\u00bb son plan de sauvetage, a relev\u00e9 le vice-pr\u00e9sident charg\u00e9 de l&rsquo;investissement, la croissance et l&#8217;emploi.<\/p>\n<p>Mais \u00ab\u00a0il n&rsquo;y a pas de place pour la complaisance, il faut r\u00e9former le pays encore davantage\u00a0\u00bb, afin de \u00ab\u00a0s&rsquo;attaquer aux faiblesses\u00a0\u00bb persistantes de l&rsquo;\u00e9conomie, a-t-il insist\u00e9.<\/p>\n<p>M. Katainen s&rsquo;\u00e9tait rendu \u00e0 Lisbonne pour promouvoir le grand plan d&rsquo;investissement de 315 milliards d&rsquo;euros lanc\u00e9 en novembre par le pr\u00e9sident de la Commission europ\u00e9enne, Jean-Claude Juncker.<\/p>\n<p>Le Portugal s&rsquo;est affranchi en mai d&rsquo;un plan d&rsquo;aide internationale de 78 milliards d&rsquo;euros accord\u00e9 en 2011 en \u00e9change d&rsquo;un programme de r\u00e9formes et de rigueur.<\/p>\n<p>A six mois des \u00e9lections l\u00e9gislatives, le gouvernement de centre droit donne cependant des signes de fatigue en mati\u00e8re d&rsquo;aust\u00e9rit\u00e9, ce qui inqui\u00e8te au plus haut point ses cr\u00e9anciers internationaux.<\/p>\n<p>Avec un produit int\u00e9rieur brut (PIB) en hausse de 0,9%, le Portugal a affich\u00e9 en 2014 sa premi\u00e8re croissance annuelle depuis 2010.<\/p>\n<p>Le Premier ministre Pedro Passos Coelho a confirm\u00e9 lundi une pr\u00e9vision de croissance \u00ab\u00a0d&rsquo;environ 1,5% en 2015\u00a0\u00bb, tout en laissant entendre qu&rsquo;elle pourrait \u00eatre \u00ab\u00a0encore sup\u00e9rieure\u00a0\u00bb.<\/p>\n<p>Le pr\u00e9sident Anibal Cavaco Silva a pour sa part estim\u00e9 qu'\u00a0\u00bbune croissance de 2%\u00a0\u00bb \u00e9tait \u00ab\u00a0possible\u00a0\u00bb cette ann\u00e9e, en raison de la chute des prix du p\u00e9trole et de l&rsquo;euro. (AFP)<\/p>\n","protected":false},"excerpt":{"rendered":"<p>Le Portugal a \u00ab\u00a0accompli un miracle\u00a0\u00bb en renouant avec la croissance trois ans apr\u00e8s avoir obtenu un plan d&rsquo;aide international, mais il doit continuer \u00e0 r\u00e9former son \u00e9conomie, a estim\u00e9 l&rsquo;un des vice-pr\u00e9sidents de la Commission europ\u00e9enne, Jyrki Katainen. \u00ab\u00a0La Commission attend un programme national de r\u00e9formes ambitieuses qui doit confirmer la d\u00e9termination du Portugal [&hellip;]<\/p>\n","protected":false},"author":1,"featured_media":1124,"comment_status":"open","ping_status":"closed","sticky":false,"template":"","format":"standard","meta":{"footnotes":""},"categories":[3],"tags":[180,321],"class_list":["post-1718","post","type-post","status-publish","format-standard","has-post-thumbnail","hentry","category-portugal","tag-commission-europeenne","tag-portugal"],"aioseo_notices":[],"_links":{"self":[{"href":"https:\/\/www.culturalusa.com\/news\/wp-json\/wp\/v2\/posts\/1718","targetHints":{"allow":["GET"]}}],"collection":[{"href":"https:\/\/www.culturalusa.com\/news\/wp-json\/wp\/v2\/posts"}],"about":[{"href":"https:\/\/www.culturalusa.com\/news\/wp-json\/wp\/v2\/types\/post"}],"author":[{"embeddable":true,"href":"https:\/\/www.culturalusa.com\/news\/wp-json\/wp\/v2\/users\/1"}],"replies":[{"embeddable":true,"href":"https:\/\/www.culturalusa.com\/news\/wp-json\/wp\/v2\/comments?post=1718"}],"version-history":[{"count":0,"href":"https:\/\/www.culturalusa.com\/news\/wp-json\/wp\/v2\/posts\/1718\/revisions"}],"wp:featuredmedia":[{"embeddable":true,"href":"https:\/\/www.culturalusa.com\/news\/wp-json\/wp\/v2\/media\/1124"}],"wp:attachment":[{"href":"https:\/\/www.culturalusa.com\/news\/wp-json\/wp\/v2\/media?parent=1718"}],"wp:term":[{"taxonomy":"category","embeddable":true,"href":"https:\/\/www.culturalusa.com\/news\/wp-json\/wp\/v2\/categories?post=1718"},{"taxonomy":"post_tag","embeddable":true,"href":"https:\/\/www.culturalusa.com\/news\/wp-json\/wp\/v2\/tags?post=1718"}],"curies":[{"name":"wp","href":"https:\/\/api.w.org\/{rel}","templated":true}]}}