{"id":1726,"date":"2015-03-24T13:33:15","date_gmt":"2015-03-24T12:33:15","guid":{"rendered":"http:\/\/www.culturalusa.com\/news\/?p=1726"},"modified":"2015-03-24T13:39:27","modified_gmt":"2015-03-24T12:39:27","slug":"ingrid-bergman-est-licone-du-festival-de-cannes-2015","status":"publish","type":"post","link":"https:\/\/www.culturalusa.com\/news\/culture\/ingrid-bergman-est-licone-du-festival-de-cannes-2015\/","title":{"rendered":"Ingrid Bergman est l&rsquo;ic\u00f4ne du Festival de Cannes 2015"},"content":{"rendered":"<p><img loading=\"lazy\" decoding=\"async\" src=\"http:\/\/www.culturalusa.com\/news\/wp-content\/uploads\/2015\/03\/ingrid-bergman.jpg\" alt=\"Ingrid Bergman\" width=\"460\" height=\"230\" class=\"aligncenter size-full wp-image-1727\" srcset=\"https:\/\/www.culturalusa.com\/news\/wp-content\/uploads\/2015\/03\/ingrid-bergman.jpg 448w, https:\/\/www.culturalusa.com\/news\/wp-content\/uploads\/2015\/03\/ingrid-bergman-275x138.jpg 275w\" sizes=\"auto, (max-width: 460px) 100vw, 460px\" \/>video &#8211; L&rsquo;actrice su\u00e9doise Ingrid Bergman a \u00e9t\u00e9 choisie pour \u00eatre l&rsquo;\u00e9g\u00e9rie du 68e festival cette ann\u00e9e. Elle succ\u00e8de \u00e0 Marcello Mastroianni, choisi lors de la pr\u00e9c\u00e9dente \u00e9dition.<\/p>\n<p>Apr\u00e8s les teintes dor\u00e9es de l&rsquo;Italien Marcello Mastroianni ornant l&rsquo;affiche cannoise l&rsquo;an dernier, place \u00e0 la blancheur immacul\u00e9e de l&rsquo;actrice su\u00e9doise au sourire radieux qui subjuga Alfred Hitchcock dans Les Encha\u00een\u00e9s.<\/p>\n<p>Une affiche toute en simplicit\u00e9 rend hommage \u00e0 cette icone du cin\u00e9ma. Le visage d&rsquo;Ingrid Bergman tout sourire sur fond blanc: l&rsquo;affiche officielle du Festival de Cannes, dont la 68e \u00e9dition se d\u00e9roulera du 13 au 24 mai, rend hommage \u00e0 l&rsquo;actrice su\u00e9doise qui succ\u00e8de \u00e0 Marcello Mastroianni, choisi pour la pr\u00e9c\u00e9dente \u00e9dition. <\/p>\n<p>\u00abIc\u00f4ne moderne, femme libre, actrice audacieuse, Ingrid Bergman fut \u00e0 la fois star hollywoodienne et figure du n\u00e9or\u00e9alisme, changeant de r\u00f4les et de pays d&rsquo;adoption au gr\u00e9 de ses passions, sans jamais perdre ce qu&rsquo;elle avait de gr\u00e2ce et de simplicit\u00e9\u00bb, souligne lundi le Festival de Cannes pour expliquer ce choix, l&rsquo;ann\u00e9e du centenaire de la naissance de la star.<\/p>\n<p>\u00abSur l&rsquo;affiche, l&rsquo;actrice d&rsquo;Alfred Hitchcock, de Roberto Rossellini et d&rsquo;Ingmar Bergman, qui a donn\u00e9 la r\u00e9plique \u00e0 Cary Grant, Humphrey Bogart ou encore Gregory Peck, se d\u00e9voile dans l&rsquo;\u00e9vidence de sa beaut\u00e9, offrant un visage serein qui semble tourn\u00e9 vers un horizon de promesses\u00bb, ajoute le Festival. <\/p>\n<p>Ingrid Bergman a pr\u00e9sid\u00e9 le jury du Festival de Cannes en 1973.<br \/>\nL&rsquo;ann\u00e9e du centenaire de sa naissance<\/p>\n<p>\u00abMa famille et moi-m\u00eame sommes tr\u00e8s touch\u00e9es que le Festival de Cannes ait choisi notre merveilleuse m\u00e8re pour figurer sur l&rsquo;affiche officielle, l&rsquo;ann\u00e9e du centenaire de sa naissance\u00bb, a confi\u00e9 Isabella Rossellini, dans un communiqu\u00e9 du Festival.<\/p>\n<p>\u00c0 partir d&rsquo;une photographie de David Seymour, cofondateur de l&rsquo;agence Magnum, Herv\u00e9 Chigioni, d\u00e9j\u00e0 auteur de l&rsquo;affiche 2014 avec Marcello Mastroianni, signe la nouvelle image du Festival 2015 avec son graphiste Gilles Frappier qui a choisi une typographie bleu ciel. <\/p>\n<p>Pendant le Festival, l&rsquo;hommage \u00e0 Ingrid Bergman se prolongera avec un documentaire in\u00e9dit, In Her Own Words, de Stig Bj\u00f6rkman, dans le cadre de Cannes Classics.<\/p>\n<p>Par ailleurs, le Festival de Cannes s&rsquo;associera au Ingrid Bergman Tribute qu&rsquo;Isabella Rossellini va organiser en septembre, un spectacle pour c\u00e9l\u00e9brer le centenaire de la naissance de sa m\u00e8re, \u00e0 partir de la correspondance \u00e9chang\u00e9e avec Roberto Rossellini.<br \/>\nLe Jury du 68e Festival de Cannes sera pr\u00e9sid\u00e9 par les r\u00e9alisateurs am\u00e9ricains Joel et Ethan Coen. (AFP)<br \/>\n[youtube]http:\/\/www.youtube.com\/watch?v=ZPHjY1vD7ng[\/youtube]\n","protected":false},"excerpt":{"rendered":"<p>video &#8211; L&rsquo;actrice su\u00e9doise Ingrid Bergman a \u00e9t\u00e9 choisie pour \u00eatre l&rsquo;\u00e9g\u00e9rie du 68e festival cette ann\u00e9e. Elle succ\u00e8de \u00e0 Marcello Mastroianni, choisi lors de la pr\u00e9c\u00e9dente \u00e9dition. Apr\u00e8s les teintes dor\u00e9es de l&rsquo;Italien Marcello Mastroianni ornant l&rsquo;affiche cannoise l&rsquo;an dernier, place \u00e0 la blancheur immacul\u00e9e de l&rsquo;actrice su\u00e9doise au sourire radieux qui subjuga Alfred [&hellip;]<\/p>\n","protected":false},"author":1,"featured_media":0,"comment_status":"open","ping_status":"closed","sticky":false,"template":"","format":"standard","meta":{"footnotes":""},"categories":[4],"tags":[187,186],"class_list":["post-1726","post","type-post","status-publish","format-standard","hentry","category-culture","tag-festival-de-cannes-2015","tag-ingrid-bergman"],"aioseo_notices":[],"_links":{"self":[{"href":"https:\/\/www.culturalusa.com\/news\/wp-json\/wp\/v2\/posts\/1726","targetHints":{"allow":["GET"]}}],"collection":[{"href":"https:\/\/www.culturalusa.com\/news\/wp-json\/wp\/v2\/posts"}],"about":[{"href":"https:\/\/www.culturalusa.com\/news\/wp-json\/wp\/v2\/types\/post"}],"author":[{"embeddable":true,"href":"https:\/\/www.culturalusa.com\/news\/wp-json\/wp\/v2\/users\/1"}],"replies":[{"embeddable":true,"href":"https:\/\/www.culturalusa.com\/news\/wp-json\/wp\/v2\/comments?post=1726"}],"version-history":[{"count":0,"href":"https:\/\/www.culturalusa.com\/news\/wp-json\/wp\/v2\/posts\/1726\/revisions"}],"wp:attachment":[{"href":"https:\/\/www.culturalusa.com\/news\/wp-json\/wp\/v2\/media?parent=1726"}],"wp:term":[{"taxonomy":"category","embeddable":true,"href":"https:\/\/www.culturalusa.com\/news\/wp-json\/wp\/v2\/categories?post=1726"},{"taxonomy":"post_tag","embeddable":true,"href":"https:\/\/www.culturalusa.com\/news\/wp-json\/wp\/v2\/tags?post=1726"}],"curies":[{"name":"wp","href":"https:\/\/api.w.org\/{rel}","templated":true}]}}