{"id":1738,"date":"2015-03-26T02:34:02","date_gmt":"2015-03-26T01:34:02","guid":{"rendered":"http:\/\/www.culturalusa.com\/news\/?p=1738"},"modified":"2015-03-26T02:35:40","modified_gmt":"2015-03-26T01:35:40","slug":"la-banque-centrale-releve-sa-prevision-de-croissance-2015-a-17","status":"publish","type":"post","link":"https:\/\/www.culturalusa.com\/news\/portugal\/la-banque-centrale-releve-sa-prevision-de-croissance-2015-a-17\/","title":{"rendered":"La Banque centrale rel\u00e8ve sa pr\u00e9vision de croissance 2015 \u00e0 1,7%"},"content":{"rendered":"<p><img loading=\"lazy\" decoding=\"async\" src=\"http:\/\/www.culturalusa.com\/news\/wp-content\/uploads\/2015\/02\/lisboa.jpg\" alt=\"Lisboa\" width=\"460\" height=\"227\" class=\"aligncenter size-full wp-image-1693\" \/>La Banque du Portugal a revu \u00e0 la hausse sa pr\u00e9vision de croissance pour 2015, tablant d\u00e9sormais sur un taux de 1,7% contre 1,5% pr\u00e9c\u00e9demment, gr\u00e2ce \u00e0 une \u00ab\u00a0augmentation des exportations\u00a0\u00bb.<\/p>\n<p>Cette estimation est plus optimiste que celle du gouvernement, qui s&rsquo;attend \u00e0 une hausse du Produit int\u00e9rieur brut de 1,5% cette ann\u00e9e, apr\u00e8s une hausse de 0,9% en 2014. Elle est aussi l\u00e9g\u00e8rement sup\u00e9rieure au chiffre avanc\u00e9 par Bruxelles (+1,6%).<\/p>\n<p>Pour 2016, la Banque centrale mise sur une croissance de 1,9%, l\u00e0 aussi revue \u00e0 la hausse par rapport \u00e0 son estimation de d\u00e9cembre (+1,6%), et table sur 2% en 2017.<\/p>\n<p>\u00ab\u00a0L&rsquo;acc\u00e9l\u00e9ration de l&rsquo;activit\u00e9 \u00e9conomique\u00a0\u00bb pr\u00e9vue sur la p\u00e9riode 2015-2017 \u00ab\u00a0refl\u00e8te dans une large mesure l&rsquo;augmentation des exportations\u00a0\u00bb, a comment\u00e9 la Banque du Portugal dans un communiqu\u00e9.<\/p>\n<p>Les exportations, l&rsquo;un des moteurs principaux de l&rsquo;\u00e9conomie portugaise, devraient progresser de 4,3% cette ann\u00e9e, contre 3,4% en 2014.<\/p>\n<p>La Banque du Portugal pr\u00e9voit aussi une hausse de l&rsquo;investissement de 4%, contre 2,3% l&rsquo;an dernier, signe d&rsquo;un regain de confiance dans l&rsquo;\u00e9conomie portugaise.<\/p>\n<p>La consommation priv\u00e9e devrait cro\u00eetre de 2,4% contre 2,1% en 2014 et les prix devraient augmenter de 0,2% en 2015 apr\u00e8s une baisse de m\u00eame ampleur l&rsquo;an dernier.<\/p>\n<p>L&rsquo;agence de notation Standard &#038; Poor&rsquo;s a relev\u00e9 vendredi la perspective de la note \u00e0 long terme du Portugal \u00e0 \u00ab\u00a0positive\u00a0\u00bb contre \u00ab\u00a0stable\u00a0\u00bb auparavant, anticipant une consolidation de la reprise \u00e9conomique dans le pays au cours des deux prochaines ann\u00e9es.<\/p>\n<p>S&#038;P a pr\u00e9cis\u00e9 que la notation, maintenue \u00e0 \u00ab\u00a0BB\u00a0\u00bb, pourrait \u00eatre relev\u00e9e si la croissance et les r\u00e9ductions de d\u00e9ficit sont au rendez-vous. (AFP)<\/p>\n","protected":false},"excerpt":{"rendered":"<p>La Banque du Portugal a revu \u00e0 la hausse sa pr\u00e9vision de croissance pour 2015, tablant d\u00e9sormais sur un taux de 1,7% contre 1,5% pr\u00e9c\u00e9demment, gr\u00e2ce \u00e0 une \u00ab\u00a0augmentation des exportations\u00a0\u00bb. Cette estimation est plus optimiste que celle du gouvernement, qui s&rsquo;attend \u00e0 une hausse du Produit int\u00e9rieur brut de 1,5% cette ann\u00e9e, apr\u00e8s une [&hellip;]<\/p>\n","protected":false},"author":1,"featured_media":0,"comment_status":"open","ping_status":"closed","sticky":false,"template":"","format":"standard","meta":{"footnotes":""},"categories":[3],"tags":[196,197],"class_list":["post-1738","post","type-post","status-publish","format-standard","hentry","category-portugal","tag-banque-du-portugal","tag-croissance-2015"],"aioseo_notices":[],"_links":{"self":[{"href":"https:\/\/www.culturalusa.com\/news\/wp-json\/wp\/v2\/posts\/1738","targetHints":{"allow":["GET"]}}],"collection":[{"href":"https:\/\/www.culturalusa.com\/news\/wp-json\/wp\/v2\/posts"}],"about":[{"href":"https:\/\/www.culturalusa.com\/news\/wp-json\/wp\/v2\/types\/post"}],"author":[{"embeddable":true,"href":"https:\/\/www.culturalusa.com\/news\/wp-json\/wp\/v2\/users\/1"}],"replies":[{"embeddable":true,"href":"https:\/\/www.culturalusa.com\/news\/wp-json\/wp\/v2\/comments?post=1738"}],"version-history":[{"count":0,"href":"https:\/\/www.culturalusa.com\/news\/wp-json\/wp\/v2\/posts\/1738\/revisions"}],"wp:attachment":[{"href":"https:\/\/www.culturalusa.com\/news\/wp-json\/wp\/v2\/media?parent=1738"}],"wp:term":[{"taxonomy":"category","embeddable":true,"href":"https:\/\/www.culturalusa.com\/news\/wp-json\/wp\/v2\/categories?post=1738"},{"taxonomy":"post_tag","embeddable":true,"href":"https:\/\/www.culturalusa.com\/news\/wp-json\/wp\/v2\/tags?post=1738"}],"curies":[{"name":"wp","href":"https:\/\/api.w.org\/{rel}","templated":true}]}}