{"id":1755,"date":"2015-04-09T14:11:47","date_gmt":"2015-04-09T12:11:47","guid":{"rendered":"http:\/\/www.culturalusa.com\/news\/?p=1755"},"modified":"2015-04-09T14:14:58","modified_gmt":"2015-04-09T12:14:58","slug":"le-deficit-commercial-reduit-en-fevrier-grace-aux-exportations","status":"publish","type":"post","link":"https:\/\/www.culturalusa.com\/news\/portugal\/le-deficit-commercial-reduit-en-fevrier-grace-aux-exportations\/","title":{"rendered":"Le d\u00e9ficit commercial r\u00e9duit en f\u00e9vrier gr\u00e2ce aux exportations"},"content":{"rendered":"<p><img loading=\"lazy\" decoding=\"async\" src=\"http:\/\/www.culturalusa.com\/news\/wp-content\/uploads\/2012\/05\/Lisboa.jpg\" alt=\"Lisboa\" width=\"460\" height=\"270\" class=\"aligncenter size-full wp-image-537\" \/>Les exportations de biens du Portugal, l&rsquo;un des moteurs de l&rsquo;\u00e9conomie, ont augment\u00e9 de 4,4% \u00e0 4 milliards d&rsquo;euros en f\u00e9vrier en glissement annuel, apr\u00e8s un recul de 2,4% en janvier, a annonc\u00e9 jeudi l&rsquo;Institut national des statistiques (Ine).<\/p>\n<p>Les importations ont quant \u00e0 elle recul\u00e9 (-3,6% \u00e0 4,5 milliards d&rsquo;euros), d&rsquo;o\u00f9 une r\u00e9duction du d\u00e9ficit commercial de 40,4% \u00e0 498 millions d&rsquo;euros en f\u00e9vrier.<\/p>\n<p>En variation mensuelle, les exportations ont augment\u00e9 de 4,2% et les importations de 1,3% en f\u00e9vrier, a pr\u00e9cis\u00e9 l&rsquo;Ine dans un communiqu\u00e9.<\/p>\n<p>La hausse des exportations est particuli\u00e8rement marqu\u00e9e vers les pays de l&rsquo;Union europ\u00e9enne (UE), +6,8% en glissement annuel, entra\u00een\u00e9es par les cat\u00e9gories des produits p\u00e9troliers raffin\u00e9s et des machines et \u00e9quipements. Vers les pays hors de l&rsquo;UE, les exportations ont diminu\u00e9 (-1,7%).<\/p>\n<p>Les importations chutent fortement en provenance des pays hors UE (-16,7%), notamment dans la cat\u00e9gorie du p\u00e9trole brut. Elles augmentent tr\u00e8s l\u00e9g\u00e8rement (+0,5%) en provenance des pays de l&rsquo;Union europ\u00e9enne.<\/p>\n<p>La Banque du Portugal avait revu \u00e0 la hausse, fin mars, sa pr\u00e9vision de croissance pour 2015, tablant d\u00e9sormais sur un taux de 1,7% contre 1,5% pr\u00e9c\u00e9demment gr\u00e2ce \u00e0 une \u00ab\u00a0augmentation des exportations\u00a0\u00bb.<\/p>\n<p>Selon la banque centrale portugaise, les exportations de biens et services devraient progresser de 4,3% cette ann\u00e9e contre 3,4% en 2014.<\/p>\n<p>L&rsquo;an dernier, les seules exportations de biens ont augment\u00e9 de 2%, selon l&rsquo;Ine, ce qui n&rsquo;a pas emp\u00each\u00e9 le d\u00e9ficit commercial de se creuser de 10% \u00e0 10,61 milliards d&rsquo;euros en raison d&rsquo;une hausse des importations de 3,3%.(AFP)<\/p>\n","protected":false},"excerpt":{"rendered":"<p>Les exportations de biens du Portugal, l&rsquo;un des moteurs de l&rsquo;\u00e9conomie, ont augment\u00e9 de 4,4% \u00e0 4 milliards d&rsquo;euros en f\u00e9vrier en glissement annuel, apr\u00e8s un recul de 2,4% en janvier, a annonc\u00e9 jeudi l&rsquo;Institut national des statistiques (Ine). Les importations ont quant \u00e0 elle recul\u00e9 (-3,6% \u00e0 4,5 milliards d&rsquo;euros), d&rsquo;o\u00f9 une r\u00e9duction du [&hellip;]<\/p>\n","protected":false},"author":1,"featured_media":0,"comment_status":"open","ping_status":"closed","sticky":false,"template":"","format":"standard","meta":{"footnotes":""},"categories":[3],"tags":[196,215,173],"class_list":["post-1755","post","type-post","status-publish","format-standard","hentry","category-portugal","tag-banque-du-portugal","tag-exportation-de-biens","tag-union-europeenne"],"aioseo_notices":[],"_links":{"self":[{"href":"https:\/\/www.culturalusa.com\/news\/wp-json\/wp\/v2\/posts\/1755","targetHints":{"allow":["GET"]}}],"collection":[{"href":"https:\/\/www.culturalusa.com\/news\/wp-json\/wp\/v2\/posts"}],"about":[{"href":"https:\/\/www.culturalusa.com\/news\/wp-json\/wp\/v2\/types\/post"}],"author":[{"embeddable":true,"href":"https:\/\/www.culturalusa.com\/news\/wp-json\/wp\/v2\/users\/1"}],"replies":[{"embeddable":true,"href":"https:\/\/www.culturalusa.com\/news\/wp-json\/wp\/v2\/comments?post=1755"}],"version-history":[{"count":0,"href":"https:\/\/www.culturalusa.com\/news\/wp-json\/wp\/v2\/posts\/1755\/revisions"}],"wp:attachment":[{"href":"https:\/\/www.culturalusa.com\/news\/wp-json\/wp\/v2\/media?parent=1755"}],"wp:term":[{"taxonomy":"category","embeddable":true,"href":"https:\/\/www.culturalusa.com\/news\/wp-json\/wp\/v2\/categories?post=1755"},{"taxonomy":"post_tag","embeddable":true,"href":"https:\/\/www.culturalusa.com\/news\/wp-json\/wp\/v2\/tags?post=1755"}],"curies":[{"name":"wp","href":"https:\/\/api.w.org\/{rel}","templated":true}]}}