{"id":1759,"date":"2015-04-11T21:35:58","date_gmt":"2015-04-11T19:35:58","guid":{"rendered":"http:\/\/www.culturalusa.com\/news\/?p=1759"},"modified":"2020-12-17T19:51:25","modified_gmt":"2020-12-17T18:51:25","slug":"manuel-valls-a-lisbonne-souhaite-que-les-portugais-venham-investir-em-franca","status":"publish","type":"post","link":"https:\/\/www.culturalusa.com\/news\/portugal\/manuel-valls-a-lisbonne-souhaite-que-les-portugais-venham-investir-em-franca\/","title":{"rendered":"Manuel Valls \u00e0 Lisbonne souhaite que les portugais \u00ab\u00a0venham investir em Fran\u00e7a\u00a0\u00bb"},"content":{"rendered":"<p>En visite au Portugal, Manuel Valls n\u2019a pas d\u00e9rog\u00e9 \u00e0 la r\u00e8gle, de prononcer dans la langue du pays visit\u00e9 son d\u00e9sormais fameux slogan \u00ab\u00a0Venham investir em Fran\u00e7a\u00a0\u00bb (venez investir en France).<\/p>\n<p>La France attend de la Gr\u00e8ce d\u2019Alexis Tsipras \u00abune liste de r\u00e9formes plus profondes\u00bb si celle-ci veut obtenir de nouvelles aides europ\u00e9ennes, a d\u00e9clar\u00e9 vendredi le Premier ministre Manuel Valls au journal portugais Diario Economico, jugeant \u00abinsuffisants\u00bb les progr\u00e8s d\u2019Ath\u00e8nes.<\/p>\n<p>Le chef du gouvernement fran\u00e7ais, en visite officielle vendredi au Portugal, invite dans cet entretien les autorit\u00e9s grecques \u00ab\u00e0 pers\u00e9v\u00e9rer dans leurs efforts\u00bb, alors que l\u2019incertitude demeure sur la capacit\u00e9 du gouvernement grec de la gauche radicale Syriza \u00e0 rembourser ses traites \u00e0 partir de mai.<\/p>\n<p>\u00abLa position de la France n\u2019a jamais vari\u00e9: il faut tenir compte du vote du peuple grec, mais il y a aussi un cadre institutionnel et des engagements pris. Ils doivent \u00eatre respect\u00e9s\u00bb, d\u00e9clare Manuel Valls au quotidien \u00e9conomique portugais.<\/p>\n<p>\u00abComme vous le savez, le temps presse. L\u2019Etat grec doit faire face prochainement \u00e0 des \u00e9ch\u00e9ances de remboursement importantes. Et les choses sont simples: pour que l\u2019assistance financi\u00e8re europ\u00e9enne puisse jouer normalement, le gouvernement grec doit d\u00e9finir rapidement une liste de r\u00e9formes plus profondes\u00bb, estime le Premier ministre fran\u00e7ais.<\/p>\n<p>\u00abIl y a des progr\u00e8s, mais ils sont encore insuffisants. Nous devons donc inviter les autorit\u00e9s grecques \u00e0 pers\u00e9v\u00e9rer dans leurs efforts\u00bb, poursuit Manuel Valls, d\u00e9fendant une \u00absolution acceptable pour tous\u00bb tout en soulignant que pour la France, une sortie de la Gr\u00e8ce de la zone euro n\u2019est pas \u00abune option envisageable\u00bb.<\/p>\n<p>La Gr\u00e8ce a honor\u00e9 jeudi son versement d\u2019avril au Fonds mon\u00e9taire international (FMI), apr\u00e8s plusieurs jours de suspense, mais l\u2019incertitude demeure sur sa capacit\u00e9 \u00e0 payer ses dettes \u00e0 partir du mois prochain, faute d\u2019accord avec ses cr\u00e9anciers.<\/p>\n<p>Le ministre des Finances grec, Yanis Varoufakis, a assur\u00e9 jeudi \u00e0 Paris que son gouvernement ne ferait pas de fausses promesses \u00abpour obtenir la prochaine tranche d\u2019aide europ\u00e9enne\u00bb. Dans le m\u00eame temps, le Premier ministre Alexis Tsipras a poursuivi \u00e0 Moscou une offensive de charme scrut\u00e9e de pr\u00e8s par l\u2019Union europ\u00e9enne (UE).<\/p>\n<p>Le Portugal a fait et fait encore beaucoup d\u2019efforts pour ses finances publiques, au point de s\u2019inqui\u00e9ter d\u2019\u00e9ventuelles faveurs accord\u00e9es \u00e0 la gauche radicale en Gr\u00e8ce. La France a pour sa part obtenu un nouveau d\u00e9lai de deux ans pour revenir sous la barre des 3%.<\/p>\n<p>Mais Manuel Valls rejette toute id\u00e9e de \u00abdeux poids deux mesures\u00bb dans les n\u00e9gociations budg\u00e9taires avec Bruxelles.<\/p>\n<p>\u00abLa France n\u2019a b\u00e9n\u00e9fici\u00e9 d\u2019aucune d\u00e9rogation, exemption ou traitement de faveur. La mauvaise conjoncture \u00e9conomique en 2014 et la tr\u00e8s faible inflation ont conduit \u00e0 une d\u00e9t\u00e9rioration de notre trajectoire budg\u00e9taire, rendant n\u00e9cessaire ce d\u00e9lai de deux ans\u00bb, fait-il valoir.<\/p>\n<p>\u00abMais la Commission a estim\u00e9 que la France avait bien r\u00e9alis\u00e9 en 2014 l\u2019effort budg\u00e9taire qui lui avait \u00e9t\u00e9 demand\u00e9\u00bb, dit-il au Diario Economico, soulignant que le d\u00e9ficit de la France en 2014 (4% du PIB) a \u00e9t\u00e9 meilleur que pr\u00e9vu.<\/p>\n<p>Au cours de sa visite au Portugal vendredi, le Premier ministre fran\u00e7ais doit notamment s\u2019exprimer devant la communaut\u00e9 d\u2019affaires franco-portugaise, avant de rencontrer le pr\u00e9sident portugais Anibal Cavaco Silva puis le Premier ministre de centre droit Pedro Passos Coelho. (AFP)<\/p>\n","protected":false},"excerpt":{"rendered":"<p>En visite au Portugal, Manuel Valls n\u2019a pas d\u00e9rog\u00e9 \u00e0 la r\u00e8gle, de prononcer dans la langue du pays visit\u00e9 son d\u00e9sormais fameux slogan \u00ab\u00a0Venham investir em Fran\u00e7a\u00a0\u00bb (venez investir en France). La France attend de la Gr\u00e8ce d\u2019Alexis Tsipras \u00abune liste de r\u00e9formes plus profondes\u00bb si celle-ci veut obtenir de nouvelles aides europ\u00e9ennes, a [&hellip;]<\/p>\n","protected":false},"author":1,"featured_media":2235,"comment_status":"open","ping_status":"closed","sticky":false,"template":"","format":"standard","meta":{"footnotes":""},"categories":[3],"tags":[47,218],"class_list":["post-1759","post","type-post","status-publish","format-standard","has-post-thumbnail","hentry","category-portugal","tag-lisbonne","tag-manuel-valls"],"aioseo_notices":[],"_links":{"self":[{"href":"https:\/\/www.culturalusa.com\/news\/wp-json\/wp\/v2\/posts\/1759","targetHints":{"allow":["GET"]}}],"collection":[{"href":"https:\/\/www.culturalusa.com\/news\/wp-json\/wp\/v2\/posts"}],"about":[{"href":"https:\/\/www.culturalusa.com\/news\/wp-json\/wp\/v2\/types\/post"}],"author":[{"embeddable":true,"href":"https:\/\/www.culturalusa.com\/news\/wp-json\/wp\/v2\/users\/1"}],"replies":[{"embeddable":true,"href":"https:\/\/www.culturalusa.com\/news\/wp-json\/wp\/v2\/comments?post=1759"}],"version-history":[{"count":0,"href":"https:\/\/www.culturalusa.com\/news\/wp-json\/wp\/v2\/posts\/1759\/revisions"}],"wp:featuredmedia":[{"embeddable":true,"href":"https:\/\/www.culturalusa.com\/news\/wp-json\/wp\/v2\/media\/2235"}],"wp:attachment":[{"href":"https:\/\/www.culturalusa.com\/news\/wp-json\/wp\/v2\/media?parent=1759"}],"wp:term":[{"taxonomy":"category","embeddable":true,"href":"https:\/\/www.culturalusa.com\/news\/wp-json\/wp\/v2\/categories?post=1759"},{"taxonomy":"post_tag","embeddable":true,"href":"https:\/\/www.culturalusa.com\/news\/wp-json\/wp\/v2\/tags?post=1759"}],"curies":[{"name":"wp","href":"https:\/\/api.w.org\/{rel}","templated":true}]}}