{"id":1766,"date":"2015-04-15T02:04:37","date_gmt":"2015-04-15T00:04:37","guid":{"rendered":"http:\/\/www.culturalusa.com\/news\/?p=1766"},"modified":"2015-04-15T02:04:37","modified_gmt":"2015-04-15T00:04:37","slug":"linflation-repart-a-la-hausse-en-mars-a-03-sur-un-an","status":"publish","type":"post","link":"https:\/\/www.culturalusa.com\/news\/portugal\/linflation-repart-a-la-hausse-en-mars-a-03-sur-un-an\/","title":{"rendered":"L&rsquo;inflation repart \u00e0 la hausse en mars \u00e0 +0,3% sur un an"},"content":{"rendered":"<p><img loading=\"lazy\" decoding=\"async\" src=\"http:\/\/www.culturalusa.com\/news\/wp-content\/uploads\/2015\/02\/lisboa.jpg\" alt=\"Lisboa\" width=\"448\" height=\"217\" class=\"aligncenter size-full wp-image-1693\" srcset=\"https:\/\/www.culturalusa.com\/news\/wp-content\/uploads\/2015\/02\/lisboa.jpg 448w, https:\/\/www.culturalusa.com\/news\/wp-content\/uploads\/2015\/02\/lisboa-275x133.jpg 275w\" sizes=\"auto, (max-width: 448px) 100vw, 448px\" \/>Les prix \u00e0 la consommation au Portugal sont repartis \u00e0 la hausse en mars, augmentant de 0,3% en glissement annuel, apr\u00e8s avoir baiss\u00e9 de 0,2% en f\u00e9vrier, a annonc\u00e9 lundi l&rsquo;Institut national des statistiques (Ine).<\/p>\n<p>En variation mensuelle, les prix ont progress\u00e9 de 1,9%, apr\u00e8s une l\u00e9g\u00e8re baisse de 0,1% le mois pr\u00e9c\u00e9dent.<\/p>\n<p>L&rsquo;indice harmonis\u00e9 des prix, qui permet la comparaison avec les autres pays de la zone euro, a augment\u00e9 en mars de 0,4% sur un an, apr\u00e8s une baisse de 0,1% en f\u00e9vrier.<\/p>\n<p>En moyenne, sur les 12 derniers mois, cet indice s&rsquo;est repli\u00e9 de 0,1%. Sur l&rsquo;ensemble de l&rsquo;ann\u00e9e 2014, il a recul\u00e9 de 0,2%.<\/p>\n<p>La hausse des prix sur un an est due surtout \u00e0 la cat\u00e9gorie des communications, dont les prix ont augment\u00e9 de 3,6% contre 2,8% le mois pr\u00e9c\u00e9dent et \u00e0 celle des restaurants et h\u00f4tels, qui a connu une hausse de 2% en mars contre 1,8% en f\u00e9vrier.<\/p>\n<p>Dans la cat\u00e9gorie des transports, les prix ont nettement moins recul\u00e9 en mars (-0,3%) qu&rsquo;en f\u00e9vrier (-2,8%).<\/p>\n<p>A l&rsquo;inverse, la cat\u00e9gorie de l&rsquo;habillement et des chaussures subit la plus forte baisse, perdant 2% en mars contre un recul de 1,8% en f\u00e9vrier.<\/p>\n<p>La Banque du Portugal pr\u00e9voit une hausse des prix de 0,2% cette ann\u00e9e, un chiffre que l&rsquo;institution a revu \u00e0 la baisse en mars par rapport \u00e0 une estimation pr\u00e9c\u00e9dente de 0,7%. (AFP)<\/p>\n","protected":false},"excerpt":{"rendered":"<p>Les prix \u00e0 la consommation au Portugal sont repartis \u00e0 la hausse en mars, augmentant de 0,3% en glissement annuel, apr\u00e8s avoir baiss\u00e9 de 0,2% en f\u00e9vrier, a annonc\u00e9 lundi l&rsquo;Institut national des statistiques (Ine). En variation mensuelle, les prix ont progress\u00e9 de 1,9%, apr\u00e8s une l\u00e9g\u00e8re baisse de 0,1% le mois pr\u00e9c\u00e9dent. L&rsquo;indice harmonis\u00e9 [&hellip;]<\/p>\n","protected":false},"author":1,"featured_media":0,"comment_status":"open","ping_status":"closed","sticky":false,"template":"","format":"standard","meta":{"footnotes":""},"categories":[3],"tags":[222,94],"class_list":["post-1766","post","type-post","status-publish","format-standard","hentry","category-portugal","tag-consommation-au-portugal","tag-inflation"],"aioseo_notices":[],"_links":{"self":[{"href":"https:\/\/www.culturalusa.com\/news\/wp-json\/wp\/v2\/posts\/1766","targetHints":{"allow":["GET"]}}],"collection":[{"href":"https:\/\/www.culturalusa.com\/news\/wp-json\/wp\/v2\/posts"}],"about":[{"href":"https:\/\/www.culturalusa.com\/news\/wp-json\/wp\/v2\/types\/post"}],"author":[{"embeddable":true,"href":"https:\/\/www.culturalusa.com\/news\/wp-json\/wp\/v2\/users\/1"}],"replies":[{"embeddable":true,"href":"https:\/\/www.culturalusa.com\/news\/wp-json\/wp\/v2\/comments?post=1766"}],"version-history":[{"count":0,"href":"https:\/\/www.culturalusa.com\/news\/wp-json\/wp\/v2\/posts\/1766\/revisions"}],"wp:attachment":[{"href":"https:\/\/www.culturalusa.com\/news\/wp-json\/wp\/v2\/media?parent=1766"}],"wp:term":[{"taxonomy":"category","embeddable":true,"href":"https:\/\/www.culturalusa.com\/news\/wp-json\/wp\/v2\/categories?post=1766"},{"taxonomy":"post_tag","embeddable":true,"href":"https:\/\/www.culturalusa.com\/news\/wp-json\/wp\/v2\/tags?post=1766"}],"curies":[{"name":"wp","href":"https:\/\/api.w.org\/{rel}","templated":true}]}}