{"id":1775,"date":"2015-04-25T22:07:55","date_gmt":"2015-04-25T20:07:55","guid":{"rendered":"http:\/\/www.culturalusa.com\/news\/?p=1775"},"modified":"2015-04-25T22:11:24","modified_gmt":"2015-04-25T20:11:24","slug":"celebrations-du-25-avril-marquees-par-lappel-de-cavaco-silva-aux-partis-politiques","status":"publish","type":"post","link":"https:\/\/www.culturalusa.com\/news\/economie\/celebrations-du-25-avril-marquees-par-lappel-de-cavaco-silva-aux-partis-politiques\/","title":{"rendered":"C\u00e9l\u00e9brations du 25 Avril marqu\u00e9es par l&rsquo;appel de Cavaco Silva aux partis politiques"},"content":{"rendered":"<p><img loading=\"lazy\" decoding=\"async\" src=\"http:\/\/www.culturalusa.com\/news\/wp-content\/uploads\/2014\/04\/25-abril.jpg\" alt=\"25 de Abril\" width=\"467\" height=\"272\" class=\"aligncenter size-full wp-image-1422\" srcset=\"https:\/\/www.culturalusa.com\/news\/wp-content\/uploads\/2014\/04\/25-abril.jpg 467w, https:\/\/www.culturalusa.com\/news\/wp-content\/uploads\/2014\/04\/25-abril-275x160.jpg 275w\" sizes=\"auto, (max-width: 467px) 100vw, 467px\" \/>Le \u00ab\u00a0cante alentejano\u00a0\u00bb (le chant de l&rsquo;Alentejo) a marqu\u00e9 aujourd&rsquo;hui le d\u00e9but de la c\u00e9r\u00e9monie solennelle de la c\u00e9l\u00e9bration du 25 Avril \u00e0 l&rsquo;Assembl\u00e9e nationale portugaise, avec le th\u00e8me \u00ab\u00a0Gr\u00e2ndola\u00a0\u00bb, vila morena\u00a0\u00bb chant\u00e9 des galeries de l&rsquo;Assembl\u00e9e, par un ch\u0153ur de Serpa .<\/p>\n<p>Le Ch\u0153ur musical et ethnographique de Serpa a chant\u00e9 le th\u00e8me embl\u00e9matique de la R\u00e9volution des oeillets , apr\u00e8s le chant de l&rsquo;hymne national dans la salle d\u00e9cor\u00e9e avec des oeillets rouges .<\/p>\n<p>La fleur qui symbolise le 25 Avril est utilis\u00e9 sur la pochette des vestes de plusieurs membres du gouvernement, \u00e0 commencer par le Premier ministre, Pedro Passos Coelho, qui, sur le banc r\u00e9serv\u00e9 \u00e0 l&rsquo;ex\u00e9cutif, assis devant le leader du plus grand parti d&rsquo;opposition, le secr\u00e9taire g\u00e9n\u00e9ral du PS Ant\u00f3nio Costa, \u00e9galement de oeillet rouge sur sa poitrine .<\/p>\n<p>Les C\u00e9l\u00e9brations du 25 Avril ont \u00e9t\u00e9 aussi marqu\u00e9es par l&rsquo;appel de Cavaco Silva au consensus de partis politiques.<\/p>\n<p>Les c\u00e9l\u00e9brations des 41 ans du 25 Avril au parlement sont d\u00e9sormais marqu\u00e9es par le retour de l&rsquo;appel du Pr\u00e9sident pour la n\u00e9cessit\u00e9 d&rsquo;engagements inter-partis, afin de garantir la stabilit\u00e9 et la gouvernabilit\u00e9.<\/p>\n<p>Le jour o\u00f9 passent les 40 ann\u00e9es des premi\u00e8res \u00e9lections libres universels de l&rsquo;Assembl\u00e9e constituante, An\u00edbal Cavaco Silva a prononc\u00e9 son dernier discours du 25 Avril, que viendra compl\u00e9ter le deuxi\u00e8me mandat au mois de mars 2016.<\/p>\n[youtube]http:\/\/www.youtube.com\/watch?v=ci76cKwFLDs[\/youtube]\nGr\u00e2ndola, Vila Morena, la chanson a servi de signal au d\u00e9part des actions militaires qui ont mis fin \u00e0 la dictature salazariste.<\/p>\n","protected":false},"excerpt":{"rendered":"<p>Le \u00ab\u00a0cante alentejano\u00a0\u00bb (le chant de l&rsquo;Alentejo) a marqu\u00e9 aujourd&rsquo;hui le d\u00e9but de la c\u00e9r\u00e9monie solennelle de la c\u00e9l\u00e9bration du 25 Avril \u00e0 l&rsquo;Assembl\u00e9e nationale portugaise, avec le th\u00e8me \u00ab\u00a0Gr\u00e2ndola\u00a0\u00bb, vila morena\u00a0\u00bb chant\u00e9 des galeries de l&rsquo;Assembl\u00e9e, par un ch\u0153ur de Serpa . Le Ch\u0153ur musical et ethnographique de Serpa a chant\u00e9 le th\u00e8me embl\u00e9matique [&hellip;]<\/p>\n","protected":false},"author":1,"featured_media":0,"comment_status":"open","ping_status":"closed","sticky":false,"template":"","format":"standard","meta":{"footnotes":""},"categories":[1],"tags":[231,232],"class_list":["post-1775","post","type-post","status-publish","format-standard","hentry","category-economie","tag-25-avril","tag-revolution-des-oeillets"],"aioseo_notices":[],"_links":{"self":[{"href":"https:\/\/www.culturalusa.com\/news\/wp-json\/wp\/v2\/posts\/1775","targetHints":{"allow":["GET"]}}],"collection":[{"href":"https:\/\/www.culturalusa.com\/news\/wp-json\/wp\/v2\/posts"}],"about":[{"href":"https:\/\/www.culturalusa.com\/news\/wp-json\/wp\/v2\/types\/post"}],"author":[{"embeddable":true,"href":"https:\/\/www.culturalusa.com\/news\/wp-json\/wp\/v2\/users\/1"}],"replies":[{"embeddable":true,"href":"https:\/\/www.culturalusa.com\/news\/wp-json\/wp\/v2\/comments?post=1775"}],"version-history":[{"count":0,"href":"https:\/\/www.culturalusa.com\/news\/wp-json\/wp\/v2\/posts\/1775\/revisions"}],"wp:attachment":[{"href":"https:\/\/www.culturalusa.com\/news\/wp-json\/wp\/v2\/media?parent=1775"}],"wp:term":[{"taxonomy":"category","embeddable":true,"href":"https:\/\/www.culturalusa.com\/news\/wp-json\/wp\/v2\/categories?post=1775"},{"taxonomy":"post_tag","embeddable":true,"href":"https:\/\/www.culturalusa.com\/news\/wp-json\/wp\/v2\/tags?post=1775"}],"curies":[{"name":"wp","href":"https:\/\/api.w.org\/{rel}","templated":true}]}}