{"id":1783,"date":"2015-05-05T12:05:53","date_gmt":"2015-05-05T10:05:53","guid":{"rendered":"http:\/\/www.culturalusa.com\/news\/?p=1783"},"modified":"2015-05-05T12:05:53","modified_gmt":"2015-05-05T10:05:53","slug":"la-tap-annule-30-des-vols-au-quatrieme-jour-de-greve-des-pilotes","status":"publish","type":"post","link":"https:\/\/www.culturalusa.com\/news\/portugal\/la-tap-annule-30-des-vols-au-quatrieme-jour-de-greve-des-pilotes\/","title":{"rendered":"La TAP annule 30% des vols au quatri\u00e8me jour de gr\u00e8ve des pilotes"},"content":{"rendered":"<p><img loading=\"lazy\" decoding=\"async\" src=\"http:\/\/www.culturalusa.com\/news\/wp-content\/uploads\/2013\/09\/tap-portugal.jpg\" alt=\"Tap Portugal\" width=\"467\" height=\"280\" class=\"aligncenter size-full wp-image-1188\" srcset=\"https:\/\/www.culturalusa.com\/news\/wp-content\/uploads\/2013\/09\/tap-portugal.jpg 467w, https:\/\/www.culturalusa.com\/news\/wp-content\/uploads\/2013\/09\/tap-portugal-275x165.jpg 275w\" sizes=\"auto, (max-width: 467px) 100vw, 467px\" \/>Les pilotes de TAP Portugal, en gr\u00e8ve depuis vendredi, poursuivaient leur mouvement lundi pour r\u00e9clamer l&rsquo;application d&rsquo;accords en vue de la privatisation de la compagnie nationale, dont 30% des vols \u00e9taient annul\u00e9s.<\/p>\n<p>\u00ab\u00a0Nous avons effectu\u00e9, aujourd&rsquo;hui (lundi) encore, autour de 70% des vols pr\u00e9vus\u00a0\u00bb, a d\u00e9clar\u00e9 une porte-parole de la TAP \u00e0 l&rsquo;AFP. <\/p>\n<p>Les pilotes reprochent notamment au gouvernement et \u00e0 leur direction de violer un accord d&rsquo;entreprise pr\u00e9voyant d&rsquo;attribuer aux pilotes entre 10 et 20% du capital en cas de privatisation, et de ne pas avoir restitu\u00e9 des primes d&rsquo;anciennet\u00e9 supprim\u00e9es en 2011. <\/p>\n<p>Selon le Syndicat des pilotes de l&rsquo;aviation civile (SPAC), \u00ab\u00a0l&rsquo;adh\u00e9sion \u00e0 la gr\u00e8ve avoisine les 70-80% des pilotes, mais l&rsquo;impact sur les vols est plus limit\u00e9 en raison du service minimum et parce que la compagnie avait all\u00e9g\u00e9 les plannings avant la gr\u00e8ve\u00a0\u00bb. <\/p>\n<p>Un tribunal arbitral a impos\u00e9 un service minimum correspondant \u00e0 environ 10% des quelque 300 vols quotidiens de la compagnie. <\/p>\n<p>Les effets de la gr\u00e8ve sont plus visibles \u00e0 l&rsquo;a\u00e9roport de Porto (nord), base op\u00e9rationnelle de Portugalia, filiale de TAP affect\u00e9e plus fortement par la gr\u00e8ve, selon une porte-parole de la compagnie. <\/p>\n<p>Dimanche, plus d&rsquo;un avion sur deux de Portugalia n&rsquo;a pu d\u00e9coller en raison du mouvement des pilotes. <\/p>\n<p>Le co\u00fbt de la gr\u00e8ve pour la TAP risque d&rsquo;\u00eatre \u00ab\u00a0sup\u00e9rieur \u00e0 30 millions d&rsquo;euros\u00a0\u00bb, a affirm\u00e9 lundi soir le secr\u00e9taire d&rsquo;Etat aux Transports, Sergio Monteiro, appelant les pilotes \u00e0 \u00ab\u00a0mettre fin au mouvement le plus rapidement possible\u00a0\u00bb. <\/p>\n<p>\u00ab\u00a0Il est encore possible d&rsquo;\u00e9viter de perdre 20 millions d&rsquo;euros\u00a0\u00bb, a-t-il estim\u00e9, invitant les pilotes \u00e0 \u00ab\u00a0revenir, ensuite, \u00e0 la table des n\u00e9gociations avec la direction de la TAP\u00a0\u00bb. <\/p>\n<p>A la recherche de fonds priv\u00e9s pour renflouer la compagnie, le gouvernement de centre droit a d\u00e9cid\u00e9 d&rsquo;en mettre en vente 66% d&rsquo;ici \u00e0 fin juin, apr\u00e8s l&rsquo;\u00e9chec d&rsquo;une premi\u00e8re tentative de privatisation en d\u00e9cembre 2012.  (AFP)<\/p>\n","protected":false},"excerpt":{"rendered":"<p>Les pilotes de TAP Portugal, en gr\u00e8ve depuis vendredi, poursuivaient leur mouvement lundi pour r\u00e9clamer l&rsquo;application d&rsquo;accords en vue de la privatisation de la compagnie nationale, dont 30% des vols \u00e9taient annul\u00e9s. \u00ab\u00a0Nous avons effectu\u00e9, aujourd&rsquo;hui (lundi) encore, autour de 70% des vols pr\u00e9vus\u00a0\u00bb, a d\u00e9clar\u00e9 une porte-parole de la TAP \u00e0 l&rsquo;AFP. Les pilotes [&hellip;]<\/p>\n","protected":false},"author":1,"featured_media":0,"comment_status":"open","ping_status":"closed","sticky":false,"template":"","format":"standard","meta":{"footnotes":""},"categories":[3],"tags":[111],"class_list":["post-1783","post","type-post","status-publish","format-standard","hentry","category-portugal","tag-tap"],"aioseo_notices":[],"_links":{"self":[{"href":"https:\/\/www.culturalusa.com\/news\/wp-json\/wp\/v2\/posts\/1783","targetHints":{"allow":["GET"]}}],"collection":[{"href":"https:\/\/www.culturalusa.com\/news\/wp-json\/wp\/v2\/posts"}],"about":[{"href":"https:\/\/www.culturalusa.com\/news\/wp-json\/wp\/v2\/types\/post"}],"author":[{"embeddable":true,"href":"https:\/\/www.culturalusa.com\/news\/wp-json\/wp\/v2\/users\/1"}],"replies":[{"embeddable":true,"href":"https:\/\/www.culturalusa.com\/news\/wp-json\/wp\/v2\/comments?post=1783"}],"version-history":[{"count":0,"href":"https:\/\/www.culturalusa.com\/news\/wp-json\/wp\/v2\/posts\/1783\/revisions"}],"wp:attachment":[{"href":"https:\/\/www.culturalusa.com\/news\/wp-json\/wp\/v2\/media?parent=1783"}],"wp:term":[{"taxonomy":"category","embeddable":true,"href":"https:\/\/www.culturalusa.com\/news\/wp-json\/wp\/v2\/categories?post=1783"},{"taxonomy":"post_tag","embeddable":true,"href":"https:\/\/www.culturalusa.com\/news\/wp-json\/wp\/v2\/tags?post=1783"}],"curies":[{"name":"wp","href":"https:\/\/api.w.org\/{rel}","templated":true}]}}