{"id":1789,"date":"2015-05-08T21:02:09","date_gmt":"2015-05-08T19:02:09","guid":{"rendered":"http:\/\/www.culturalusa.com\/news\/?p=1789"},"modified":"2020-12-17T19:50:36","modified_gmt":"2020-12-17T18:50:36","slug":"la-privatisation-des-transports-collectifs-de-lisbonne-contestee-en-justice","status":"publish","type":"post","link":"https:\/\/www.culturalusa.com\/news\/portugal\/la-privatisation-des-transports-collectifs-de-lisbonne-contestee-en-justice\/","title":{"rendered":"La privatisation des transports collectifs de Lisbonne contest\u00e9e en justice"},"content":{"rendered":"<p>L&rsquo;opposition portugaise a revendiqu\u00e9 mardi la suspension de la privatisation de la gestion des transports en commun de Lisbonne gr\u00e2ce \u00e0 une proc\u00e9dure en r\u00e9f\u00e9r\u00e9, une mesure automatique selon le gouvernement de centre droit qui dit l&rsquo;avoir faite annuler.<\/p>\n<p>Les concours sont suspendus sur d\u00e9cision du Tribunal administratif de Lisbonne, avait d\u00e9clar\u00e9 le maire socialiste de la capitale portugaise, Fernando Medina, devant l&rsquo;Assembl\u00e9e municipale.<\/p>\n<p>Mais d&rsquo;apr\u00e8s le gouvernement, cette mesure est une cons\u00e9quence automatique dans le cadre de la proc\u00e9dure en r\u00e9f\u00e9r\u00e9 et n&rsquo;implique aucune intervention du tribunal.<\/p>\n<p>Le secr\u00e9tariat d&rsquo;Etat aux Transports a pr\u00e9cis\u00e9 dans un communiqu\u00e9 que les entreprises publiques concern\u00e9es avaient argument\u00e9 devant la justice que le report du concours porte un grave pr\u00e9judice \u00e0 l&rsquo;int\u00e9r\u00eat g\u00e9n\u00e9ral et que, par cons\u00e9quent, le concours cesse d&rsquo;\u00eatre suspendu et reprendra son cours.<\/p>\n<p>La mairie socialiste s&rsquo;oppose \u00e0 l&rsquo;exploitation par des soci\u00e9t\u00e9s priv\u00e9s du M\u00e9tro de Lisbonne et de la soci\u00e9t\u00e9 de bus urbains Carris, disant craindre le chaos dans le secteur des transports.<\/p>\n<p>Le Parti socialiste, donn\u00e9 favori pour les \u00e9lections l\u00e9gislatives pr\u00e9vues \u00e0 l&rsquo;automne, conteste \u00e9galement la concession de la gestion du m\u00e9tro et des bus de Porto, la grande ville du nord du Portugal, d\u00e9j\u00e0 attribu\u00e9e au consortium espagnol compos\u00e9 de TMB, l&rsquo;op\u00e9rateur du m\u00e9tro de Barcelone, et Moventis, exploitant de transports collectifs.<\/p>\n<p>Selon le gouvernement, la privatisation de l&rsquo;exploitation et l&rsquo;entretien des transports urbains de Lisbonne et Porto doit permettre \u00e0 l&rsquo;Etat d&rsquo;\u00e9conomiser 56,5 millions d&rsquo;euros par an, en mettant fin aux indemnit\u00e9s compensatoires vers\u00e9es aux prestataires de services publics.<\/p>\n<p>En \u00e9change d&rsquo;un plan d&rsquo;aide international accord\u00e9 en 2011, le Portugal a d\u00fb mettre en oeuvre une s\u00e9v\u00e8re cure de rigueur comprenant un vaste programme de privatisations qui a d\u00e9j\u00e0 rapport\u00e9 plus de 9 milliards d&rsquo;euros. (AFP)<\/p>\n","protected":false},"excerpt":{"rendered":"<p>L&rsquo;opposition portugaise a revendiqu\u00e9 mardi la suspension de la privatisation de la gestion des transports en commun de Lisbonne gr\u00e2ce \u00e0 une proc\u00e9dure en r\u00e9f\u00e9r\u00e9, une mesure automatique selon le gouvernement de centre droit qui dit l&rsquo;avoir faite annuler. Les concours sont suspendus sur d\u00e9cision du Tribunal administratif de Lisbonne, avait d\u00e9clar\u00e9 le maire socialiste [&hellip;]<\/p>\n","protected":false},"author":1,"featured_media":3749,"comment_status":"open","ping_status":"closed","sticky":false,"template":"","format":"standard","meta":{"footnotes":""},"categories":[3],"tags":[47,243],"class_list":["post-1789","post","type-post","status-publish","format-standard","has-post-thumbnail","hentry","category-portugal","tag-lisbonne","tag-transports-collectifs"],"aioseo_notices":[],"_links":{"self":[{"href":"https:\/\/www.culturalusa.com\/news\/wp-json\/wp\/v2\/posts\/1789","targetHints":{"allow":["GET"]}}],"collection":[{"href":"https:\/\/www.culturalusa.com\/news\/wp-json\/wp\/v2\/posts"}],"about":[{"href":"https:\/\/www.culturalusa.com\/news\/wp-json\/wp\/v2\/types\/post"}],"author":[{"embeddable":true,"href":"https:\/\/www.culturalusa.com\/news\/wp-json\/wp\/v2\/users\/1"}],"replies":[{"embeddable":true,"href":"https:\/\/www.culturalusa.com\/news\/wp-json\/wp\/v2\/comments?post=1789"}],"version-history":[{"count":0,"href":"https:\/\/www.culturalusa.com\/news\/wp-json\/wp\/v2\/posts\/1789\/revisions"}],"wp:featuredmedia":[{"embeddable":true,"href":"https:\/\/www.culturalusa.com\/news\/wp-json\/wp\/v2\/media\/3749"}],"wp:attachment":[{"href":"https:\/\/www.culturalusa.com\/news\/wp-json\/wp\/v2\/media?parent=1789"}],"wp:term":[{"taxonomy":"category","embeddable":true,"href":"https:\/\/www.culturalusa.com\/news\/wp-json\/wp\/v2\/categories?post=1789"},{"taxonomy":"post_tag","embeddable":true,"href":"https:\/\/www.culturalusa.com\/news\/wp-json\/wp\/v2\/tags?post=1789"}],"curies":[{"name":"wp","href":"https:\/\/api.w.org\/{rel}","templated":true}]}}