{"id":1794,"date":"2015-05-15T14:25:15","date_gmt":"2015-05-15T12:25:15","guid":{"rendered":"http:\/\/www.culturalusa.com\/news\/?p=1794"},"modified":"2020-10-20T16:38:00","modified_gmt":"2020-10-20T14:38:00","slug":"le-maire-robert-chardon-souhaite-interdire-le-culte-de-lislam-en-france","status":"publish","type":"post","link":"https:\/\/www.culturalusa.com\/news\/actualite\/le-maire-robert-chardon-souhaite-interdire-le-culte-de-lislam-en-france\/","title":{"rendered":"Le maire Robert Chardon souhaite interdire le culte de l\u2019islam en France"},"content":{"rendered":"<p>Le maire de Venelles Robert Chardon a tenu des propos islamophobes sur Twitter, aussit\u00f4t condamn\u00e9s par Nicolas Sarkozy et Christian Estrosi.<\/p>\n<p>L\u2019UMP a lanc\u00e9 une proc\u00e9dure d\u2019exclusion visant le maire de Venelles (Bouches-du-Rh\u00f4ne), qui s\u2019est prononc\u00e9 sur Twitter pour \u00ab\u00a0interdire le culte musulman en France\u00a0\u00bb. Des propos condamn\u00e9s par Nicolas Sarkozy. J\u2019ai demand\u00e9 qu\u2019une proc\u00e9dure d\u2019exclusion soit engag\u00e9e pour des propos absurdes qui ne correspondent en aucune mani\u00e8re aux valeurs et au projet de l\u2019UMP, a d\u00e9clar\u00e9 la vice-pr\u00e9sidente du parti Nathalie Kosciusko-Morizet \u00e0 l\u2019AFP.<\/p>\n<p>Une proc\u00e9dure d\u2019exclusion de Robert Chardon est en cours, avait annonc\u00e9 peu auparavant sur Twitter, Christian Estrosi. Les propos du maire de Venelles sont intol\u00e9rables et incoh\u00e9rents, il a \u00e9t\u00e9 imm\u00e9diatement suspendu, avait ajout\u00e9 le maire de Nice, par ailleurs pr\u00e9sident de la Commission nationale d\u2019investiture de l\u2019UMP et chef de file du parti pour les \u00e9lections r\u00e9gionales en Paca.<\/p>\n<p>La la\u00efcit\u00e9 \u00ab\u00a0c&rsquo;est aussi fixer des limites\u00a0\u00bb<\/p>\n<p>Interpell\u00e9 par de nombreux internautes sur les d\u00e9clarations du maire de la commune d\u2019environ 8.000 habitants, Nicolas Sarkozy a \u00e9galement r\u00e9agi, au cours d\u2019\u00e9changes via son compte Twitter: \u00ab\u2009Je condamne cette proposition m\u00eame si la la\u00efcit\u00e9 c\u2019est aussi fixer des limites. Droit et limites, cela va ensemble\u2009\u00bb.<\/p>\n<p>\u00ab\u2009La la\u00efcit\u00e9, c\u2019est la reconnaissance du droit pour chacun de vivre sa religion\u2009\u00bb, a \u00e9galement tweett\u00e9 l\u2019ex-pr\u00e9sident de la R\u00e9publique, ajoutant, \u00e0 destination d\u2019un \u00ab\u2009Twittos\u2009\u00bb qui lui demandait \u00ab\u2009pourquoi taper sur l\u2019islam en permanence?\u2009\u00bb: \u00ab\u2009J\u2019ai cr\u00e9\u00e9 le CFCM, j\u2019ai soutenu l\u2019ouverture de mosqu\u00e9es officielles. Dire que l\u2019on tape sur l\u2019islam est une erreur\u2009\u00bb.<\/p>\n<p>Cette pol\u00e9mique intervient alors que l&rsquo;UMP va organiser une \u00ab r\u00e9union de travail sur l&rsquo;islam \u00bb le 4 juin, dans les locaux de son si\u00e8ge \u00e0 Paris, avait indiqu\u00e9 lundi Isabelle Le Callennec, porte-parole du parti.<\/p>\n<p>Il ne s&rsquo;agit pas d&rsquo;une convention, mais d&rsquo;une r\u00e9union de travail qui se d\u00e9roulera \u00e0 huis clos, a-t-elle expliqu\u00e9. La vice-pr\u00e9sidente de l&rsquo;UMP, Nathalie Kosciusko-Morizet, n&rsquo;a elle pas cach\u00e9 son scepticisme, qualifiant de \u00ab mauvaise id\u00e9e \u00bb l&rsquo;organisation d&rsquo;une premi\u00e8re convention des R\u00e9publicains consacr\u00e9e \u00e0 l&rsquo;islam.<\/p>\n<p>Robert Chardon assume<\/p>\n<p>C\u2019est bien moi qui suis l\u2019auteur\u2009\u00bb de ces tweets, avait auparavant reconnu aupr\u00e8s de l\u2019AFP le maire de Venelles, qui suit actuellement un traitement pour un cancer. Sur Twitter, jeudi, il avait lanc\u00e9 #NSDIRECT il faut interdire le culte musulman en France.<\/p>\n<p>Sur son compte, Robert Chardon a r\u00e9p\u00e9t\u00e9 plusieurs fois son appel \u00e0 interdire le culte musulman en France. Pour lui, \u00ab\u2009celui qui pratique (doit \u00eatre) imm\u00e9diatement reconduit \u00e0 la fronti\u00e8re\u2009\u00bb, a-t-il r\u00e9pondu \u00e0 un utilisateur de Twitter qui l\u2019interpellait. L\u2019\u00e9lu appelle \u00e9galement \u00e0 modifier la Constitution pour atteindre son objectif: \u00ab\u00a0Je supprime la loi de 1905 et proclame que la R\u00e9publique favorise la pratique de la foi chr\u00e9tienne\u00a0\u00bb.<\/p>\n<p>Nouveau parti<\/p>\n<p>\u00ab\u00a0Je compte aller plus loin et me pr\u00e9senter aux r\u00e9gionales et \u00e0 la pr\u00e9sidentielle\u00a0\u00bb, a assur\u00e9 \u00e0 l\u2019AFP M. Chardon, annon\u00e7ant son intention de se pr\u00e9senter \u00e0 la primaire de l\u2019UMP \u00ab\u00a0si je reste dans le parti\u00a0\u00bb.<br \/>\n\u00ab\u00a0Je risque d\u2019\u00eatre exclu\u00a0\u00bb, avait-il reconnu, avant les r\u00e9actions de Christian Estrosi et Nicolas Sarkozy: \u00ab\u00a0Dans ce cas, je vais cr\u00e9er un nouveau parti\u00a0\u00bb. (AFP)<\/p>\n<div><\/div>\n","protected":false},"excerpt":{"rendered":"<p>Le maire de Venelles Robert Chardon a tenu des propos islamophobes sur Twitter, aussit\u00f4t condamn\u00e9s par Nicolas Sarkozy et Christian Estrosi. L\u2019UMP a lanc\u00e9 une proc\u00e9dure d\u2019exclusion visant le maire de Venelles (Bouches-du-Rh\u00f4ne), qui s\u2019est prononc\u00e9 sur Twitter pour \u00ab\u00a0interdire le culte musulman en France\u00a0\u00bb. Des propos condamn\u00e9s par Nicolas Sarkozy. J\u2019ai demand\u00e9 qu\u2019une proc\u00e9dure [&hellip;]<\/p>\n","protected":false},"author":1,"featured_media":1795,"comment_status":"open","ping_status":"closed","sticky":false,"template":"","format":"standard","meta":{"footnotes":""},"categories":[30],"tags":[246,247,248],"class_list":["post-1794","post","type-post","status-publish","format-standard","has-post-thumbnail","hentry","category-actualite","tag-chardon","tag-culte","tag-religion"],"aioseo_notices":[],"_links":{"self":[{"href":"https:\/\/www.culturalusa.com\/news\/wp-json\/wp\/v2\/posts\/1794","targetHints":{"allow":["GET"]}}],"collection":[{"href":"https:\/\/www.culturalusa.com\/news\/wp-json\/wp\/v2\/posts"}],"about":[{"href":"https:\/\/www.culturalusa.com\/news\/wp-json\/wp\/v2\/types\/post"}],"author":[{"embeddable":true,"href":"https:\/\/www.culturalusa.com\/news\/wp-json\/wp\/v2\/users\/1"}],"replies":[{"embeddable":true,"href":"https:\/\/www.culturalusa.com\/news\/wp-json\/wp\/v2\/comments?post=1794"}],"version-history":[{"count":0,"href":"https:\/\/www.culturalusa.com\/news\/wp-json\/wp\/v2\/posts\/1794\/revisions"}],"wp:featuredmedia":[{"embeddable":true,"href":"https:\/\/www.culturalusa.com\/news\/wp-json\/wp\/v2\/media\/1795"}],"wp:attachment":[{"href":"https:\/\/www.culturalusa.com\/news\/wp-json\/wp\/v2\/media?parent=1794"}],"wp:term":[{"taxonomy":"category","embeddable":true,"href":"https:\/\/www.culturalusa.com\/news\/wp-json\/wp\/v2\/categories?post=1794"},{"taxonomy":"post_tag","embeddable":true,"href":"https:\/\/www.culturalusa.com\/news\/wp-json\/wp\/v2\/tags?post=1794"}],"curies":[{"name":"wp","href":"https:\/\/api.w.org\/{rel}","templated":true}]}}