{"id":1796,"date":"2015-05-17T10:53:12","date_gmt":"2015-05-17T08:53:12","guid":{"rendered":"http:\/\/www.culturalusa.com\/news\/?p=1796"},"modified":"2015-05-17T10:53:12","modified_gmt":"2015-05-17T08:53:12","slug":"la-france-contre-linstauration-de-quotas-des-migrants-au-niveau-europeen","status":"publish","type":"post","link":"https:\/\/www.culturalusa.com\/news\/actualite\/la-france-contre-linstauration-de-quotas-des-migrants-au-niveau-europeen\/","title":{"rendered":"La France contre l&rsquo;instauration de quotas des Migrants au niveau europ\u00e9en"},"content":{"rendered":"<p><img loading=\"lazy\" decoding=\"async\" src=\"http:\/\/www.culturalusa.com\/news\/wp-content\/uploads\/2013\/06\/CEE.jpg\" alt=\"CEE\" width=\"465\" height=\"290\" class=\"aligncenter size-full wp-image-1073\" srcset=\"https:\/\/www.culturalusa.com\/news\/wp-content\/uploads\/2013\/06\/CEE.jpg 465w, https:\/\/www.culturalusa.com\/news\/wp-content\/uploads\/2013\/06\/CEE-275x172.jpg 275w\" sizes=\"auto, (max-width: 465px) 100vw, 465px\" \/>La France s&rsquo;est dite oppos\u00e9e samedi \u00e0 l&rsquo;instauration de quotas pour la r\u00e9partition des migrants et des r\u00e9fugi\u00e9s entre les pays de l&rsquo;UE, propos\u00e9e cette semaine par la Commission europ\u00e9enne.<\/p>\n<p>Nous souhaitons \u00eatre particuli\u00e8rement clairs sur ce point: je suis contre l&rsquo;instauration de quotas de migrants. Ceci n&rsquo;a jamais correspondu aux propositions fran\u00e7aises, a d\u00e9clar\u00e9 le Premier ministre Manuel Valls.<\/p>\n<p>Le chef du gouvernement socialiste fran\u00e7ais s&rsquo;exprimait lors d&rsquo;un d\u00e9placement \u00e0 la fronti\u00e8re franco-italienne, o\u00f9 pr\u00e8s d&rsquo;un millier de migrants ont \u00e9t\u00e9 arr\u00eat\u00e9s au cours des derniers jours.<\/p>\n<p>Le plan d&rsquo;action pour l&rsquo;immigration et l&rsquo;asile pr\u00e9sent\u00e9 mercredi par Bruxelles pr\u00e9voit des quotas obligatoires pour une r\u00e9partition \u00e9quitable des r\u00e9fugi\u00e9s et, en cas de crise, un transfert des demandeurs d&rsquo;asile entre les \u00c9tats de l&rsquo;UE.<\/p>\n<p>L&rsquo;asile est un droit, attribu\u00e9 selon des crit\u00e8res internationaux appliqu\u00e9s par tous les pays de l&rsquo;Union europ\u00e9enne. C&rsquo;est aussi pour cette raison que le nombre de ses b\u00e9n\u00e9ficiaires ne peut faire l&rsquo;objet de quotas: on est demandeur d&rsquo;asile ou on ne l&rsquo;est pas, a fait valoir le Premier ministre fran\u00e7ais.<\/p>\n<p>Ce que la France dit, c&rsquo;est que les r\u00e9fugi\u00e9s doivent \u00eatre r\u00e9partis entre les Etats membres de fa\u00e7on plus \u00e9quitable. Cela suppose de tenir compte des efforts d\u00e9j\u00e0 consentis par chacun, a-t-il ajout\u00e9.<\/p>\n<p>Aujourd&rsquo;hui, la France, l&rsquo;Italie, l&rsquo;Allemagne, le Royaume-Uni et la Su\u00e8de accueillent 75% des r\u00e9fugi\u00e9s, des demandeurs d&rsquo;asile en Europe, a d\u00e9clar\u00e9 M. Valls.<\/p>\n<p>La France, d\u00e9j\u00e0, a fait beaucoup: ainsi 5.000 r\u00e9fugi\u00e9s syriens et 4.500 irakiens ont d\u00e9j\u00e0 \u00e9t\u00e9 accueillis en France depuis 2012. Nous continuerons \u00e0 le faire, avec le souci que les efforts soient \u00e9quitablement r\u00e9partis, a-t-il encore fait valoir.<\/p>\n<p>L&rsquo;immigration est un sujet sensible en France. L&rsquo;extr\u00eame-droite y a multipli\u00e9 depuis un an les succ\u00e8s \u00e9lectoraux avec un discours europhobe et anti-immigr\u00e9s virulent, et l&rsquo;opposition de droite, dirig\u00e9e par l&rsquo;ancien pr\u00e9sident Nicolas Sarkozy, plaide r\u00e9guli\u00e8rement pour une r\u00e9vision des accords de Schengen sur la libre circulation dans l&rsquo;UE.<\/p>\n","protected":false},"excerpt":{"rendered":"<p>La France s&rsquo;est dite oppos\u00e9e samedi \u00e0 l&rsquo;instauration de quotas pour la r\u00e9partition des migrants et des r\u00e9fugi\u00e9s entre les pays de l&rsquo;UE, propos\u00e9e cette semaine par la Commission europ\u00e9enne. Nous souhaitons \u00eatre particuli\u00e8rement clairs sur ce point: je suis contre l&rsquo;instauration de quotas de migrants. Ceci n&rsquo;a jamais correspondu aux propositions fran\u00e7aises, a d\u00e9clar\u00e9 [&hellip;]<\/p>\n","protected":false},"author":1,"featured_media":0,"comment_status":"open","ping_status":"closed","sticky":false,"template":"","format":"standard","meta":{"footnotes":""},"categories":[30],"tags":[250,249],"class_list":["post-1796","post","type-post","status-publish","format-standard","hentry","category-actualite","tag-immigration","tag-quotas-des-migrants"],"aioseo_notices":[],"_links":{"self":[{"href":"https:\/\/www.culturalusa.com\/news\/wp-json\/wp\/v2\/posts\/1796","targetHints":{"allow":["GET"]}}],"collection":[{"href":"https:\/\/www.culturalusa.com\/news\/wp-json\/wp\/v2\/posts"}],"about":[{"href":"https:\/\/www.culturalusa.com\/news\/wp-json\/wp\/v2\/types\/post"}],"author":[{"embeddable":true,"href":"https:\/\/www.culturalusa.com\/news\/wp-json\/wp\/v2\/users\/1"}],"replies":[{"embeddable":true,"href":"https:\/\/www.culturalusa.com\/news\/wp-json\/wp\/v2\/comments?post=1796"}],"version-history":[{"count":0,"href":"https:\/\/www.culturalusa.com\/news\/wp-json\/wp\/v2\/posts\/1796\/revisions"}],"wp:attachment":[{"href":"https:\/\/www.culturalusa.com\/news\/wp-json\/wp\/v2\/media?parent=1796"}],"wp:term":[{"taxonomy":"category","embeddable":true,"href":"https:\/\/www.culturalusa.com\/news\/wp-json\/wp\/v2\/categories?post=1796"},{"taxonomy":"post_tag","embeddable":true,"href":"https:\/\/www.culturalusa.com\/news\/wp-json\/wp\/v2\/tags?post=1796"}],"curies":[{"name":"wp","href":"https:\/\/api.w.org\/{rel}","templated":true}]}}