{"id":1797,"date":"2015-05-17T11:52:08","date_gmt":"2015-05-17T09:52:08","guid":{"rendered":"http:\/\/www.culturalusa.com\/news\/?p=1797"},"modified":"2015-05-17T11:52:27","modified_gmt":"2015-05-17T09:52:27","slug":"cavaco-silva-veut-creer-des-conditions-pour-que-les-jeunes-retournent-au-portugal","status":"publish","type":"post","link":"https:\/\/www.culturalusa.com\/news\/portugal\/cavaco-silva-veut-creer-des-conditions-pour-que-les-jeunes-retournent-au-portugal\/","title":{"rendered":"Cavaco Silva veut cr\u00e9er des conditions pour que les jeunes retournent au Portugal"},"content":{"rendered":"<p><img loading=\"lazy\" decoding=\"async\" src=\"http:\/\/www.culturalusa.com\/news\/wp-content\/uploads\/2015\/05\/cavaco-silva-052015.jpg\" alt=\"Cavaco Silva\" width=\"467\" height=\"300\" class=\"aligncenter size-full wp-image-1798\" srcset=\"https:\/\/www.culturalusa.com\/news\/wp-content\/uploads\/2015\/05\/cavaco-silva-052015.jpg 467w, https:\/\/www.culturalusa.com\/news\/wp-content\/uploads\/2015\/05\/cavaco-silva-052015-275x177.jpg 275w\" sizes=\"auto, (max-width: 467px) 100vw, 467px\" \/>Le Pr\u00e9sident de la R\u00e9publique, Cavaco Silva, a ouvert la \u00ab\u00a0Quatri\u00e8me Conf\u00e9rence Internationale de la Jeunesse et du Portugal, Nouvelles Directions, Un Autre Espoir\u00a0\u00bb, affirmant que les jeunes portugais vivant \u00e0 l&rsquo;\u00e9tranger ont besoin de \u00ab\u00a0r\u00e9ponses concr\u00e8tes\u00a0\u00bb pour revenir dans leur pays, et non pas de \u00ab\u00a0simple mots\u00a0\u00bb.<\/p>\n<p>Le Chef de l&rsquo;Etat a d\u00e9clar\u00e9 qu&rsquo;il \u00e9tait important de \u00ab\u00a0faire un plus grand effort\u00a0\u00bb afin que les jeunes Portugais qui sont en dehors du pays, puissent revenir.<\/p>\n<p>\u00ab\u00a0Il est essentiel de cr\u00e9er des conditions pour attirer ceux qui, pour diverses raisons, ont choisi de s&rsquo;installer \u00e0 l&rsquo;\u00e9tranger\u00a0\u00bb, a soulign\u00e9 Cavaco Silva, dans la Fondation Champalimaud \u00e0 Lisbonne.<\/p>\n<p>Pour Cavaco, \u00ab\u00a0c&rsquo;est maintenant, parce que les liens avec leur pays sont encore en vie, que nous devons faire plus d&rsquo;efforts\u00a0\u00bb. Ceci, parce que \u00ab\u00a0le pays va perdre doublement: d&rsquo;abord, perd l&rsquo;investissement r\u00e9alis\u00e9 dans la formation d&rsquo;une g\u00e9n\u00e9ration de l&rsquo;excellence; D&rsquo;autre part, perd la contribution de ces jeunes, avec leur talent et leur initiative, aider le Portugal \u00e0 revenir vers une trajectoire durable de la croissance \u00e9conomique, de la cr\u00e9ation d&#8217;emplois et de la richesse\u00a0\u00bb.<\/p>\n<p>Bien que ce soit la g\u00e9n\u00e9ration la \u00ab\u00a0plus qualifi\u00e9\u00a0\u00bb de tous, le Pr\u00e9sident affirme qu&rsquo;il est aussi celui qui peut g\u00e9rer les \u00ab\u00a0grands d\u00e9fis\u00a0\u00bb.<\/p>\n<p>\u00ab\u00a0Les jeunes de notre temps doivent faire face \u00e0 l&rsquo;incertitude d&rsquo;une mani\u00e8re que nous n&rsquo;avons pas connu dans le pass\u00e9. Dans l&rsquo;incertitude et l&rsquo;ins\u00e9curit\u00e9 quant \u00e0 l&rsquo;avenir se conjugue avec la d\u00e9cision sur l&rsquo;endroit o\u00f9 travailler et redoubler leurs talents au Portugal ou \u00e0 l&rsquo;\u00e9tranger\u00a0\u00bb, explique t-il.<\/p>\n<p>Dans la derni\u00e8re conf\u00e9rence de \u00ab\u00a0Roteiros do Futuro\u00a0\u00bb, le chef de l&rsquo;Etat est inquiet concernant \u00ab\u00a0l&rsquo;\u00e9tat actuel du d\u00e9part des jeunes portugais dans la vie collective de leur pays\u00a0\u00bb. <\/p>\n","protected":false},"excerpt":{"rendered":"<p>Le Pr\u00e9sident de la R\u00e9publique, Cavaco Silva, a ouvert la \u00ab\u00a0Quatri\u00e8me Conf\u00e9rence Internationale de la Jeunesse et du Portugal, Nouvelles Directions, Un Autre Espoir\u00a0\u00bb, affirmant que les jeunes portugais vivant \u00e0 l&rsquo;\u00e9tranger ont besoin de \u00ab\u00a0r\u00e9ponses concr\u00e8tes\u00a0\u00bb pour revenir dans leur pays, et non pas de \u00ab\u00a0simple mots\u00a0\u00bb. Le Chef de l&rsquo;Etat a d\u00e9clar\u00e9 qu&rsquo;il [&hellip;]<\/p>\n","protected":false},"author":1,"featured_media":0,"comment_status":"open","ping_status":"closed","sticky":false,"template":"","format":"standard","meta":{"footnotes":""},"categories":[3],"tags":[251],"class_list":["post-1797","post","type-post","status-publish","format-standard","hentry","category-portugal","tag-cavaco-silva"],"aioseo_notices":[],"_links":{"self":[{"href":"https:\/\/www.culturalusa.com\/news\/wp-json\/wp\/v2\/posts\/1797","targetHints":{"allow":["GET"]}}],"collection":[{"href":"https:\/\/www.culturalusa.com\/news\/wp-json\/wp\/v2\/posts"}],"about":[{"href":"https:\/\/www.culturalusa.com\/news\/wp-json\/wp\/v2\/types\/post"}],"author":[{"embeddable":true,"href":"https:\/\/www.culturalusa.com\/news\/wp-json\/wp\/v2\/users\/1"}],"replies":[{"embeddable":true,"href":"https:\/\/www.culturalusa.com\/news\/wp-json\/wp\/v2\/comments?post=1797"}],"version-history":[{"count":0,"href":"https:\/\/www.culturalusa.com\/news\/wp-json\/wp\/v2\/posts\/1797\/revisions"}],"wp:attachment":[{"href":"https:\/\/www.culturalusa.com\/news\/wp-json\/wp\/v2\/media?parent=1797"}],"wp:term":[{"taxonomy":"category","embeddable":true,"href":"https:\/\/www.culturalusa.com\/news\/wp-json\/wp\/v2\/categories?post=1797"},{"taxonomy":"post_tag","embeddable":true,"href":"https:\/\/www.culturalusa.com\/news\/wp-json\/wp\/v2\/tags?post=1797"}],"curies":[{"name":"wp","href":"https:\/\/api.w.org\/{rel}","templated":true}]}}