{"id":1801,"date":"2015-05-20T20:36:53","date_gmt":"2015-05-20T18:36:53","guid":{"rendered":"http:\/\/www.culturalusa.com\/news\/?p=1801"},"modified":"2015-05-20T20:36:53","modified_gmt":"2015-05-20T18:36:53","slug":"la-france-est-daccord-pour-repartir-les-demandeurs-dasile-dans-lue","status":"publish","type":"post","link":"https:\/\/www.culturalusa.com\/news\/actualite\/la-france-est-daccord-pour-repartir-les-demandeurs-dasile-dans-lue\/","title":{"rendered":"La France est d&rsquo;accord pour r\u00e9partir les demandeurs d&rsquo;asile dans l&rsquo;UE"},"content":{"rendered":"<p><img loading=\"lazy\" decoding=\"async\" src=\"http:\/\/www.culturalusa.com\/news\/wp-content\/uploads\/2013\/06\/objectifs-budg\u00e9taires-cee.jpg\" alt=\"Commission europ\u00e9enne\" width=\"467\" height=\"260\" class=\"aligncenter size-full wp-image-1124\" srcset=\"https:\/\/www.culturalusa.com\/news\/wp-content\/uploads\/2013\/06\/objectifs-budg\u00e9taires-cee.jpg 467w, https:\/\/www.culturalusa.com\/news\/wp-content\/uploads\/2013\/06\/objectifs-budg\u00e9taires-cee-275x153.jpg 275w\" sizes=\"auto, (max-width: 467px) 100vw, 467px\" \/>Paris s&rsquo;est d\u00e9clar\u00e9e favorable \u00e0 une r\u00e9partition \u00ab\u00a0plus \u00e9quitable\u00a0\u00bb des demandeurs d&rsquo;asile entre les pays de l&rsquo;Union europ\u00e9enne mais refuse l&rsquo;id\u00e9e de \u00ab\u00a0quotas\u00a0\u00bb.<\/p>\n<p>Cette communication des ministres des Affaires \u00e9trang\u00e8res et de l&rsquo;Int\u00e9rieur, Laurent Fabius et Bernard Cazeneuve, au conseil des ministres met un terme \u00e0 une s\u00e9rie de d\u00e9clarations, notamment du Premier ministre, qui ont entretenu la confusion.<\/p>\n<p>La semaine derni\u00e8re, Bernard Cazeneuve avait approuv\u00e9 les id\u00e9es de la Commission europ\u00e9enne qui a pr\u00e9sent\u00e9 le 13 mai les grandes lignes d&rsquo;une proposition de r\u00e9partition des demandeurs d&rsquo;asile entre les Etats membres de l&rsquo;UE.<\/p>\n<p>Mais l&rsquo;ancien pr\u00e9sident Nicolas Sarkozy et, \u00e0 sa suite, Manuel Valls, ont rejet\u00e9 l&rsquo;id\u00e9e de \u00ab\u00a0quotas de migrants\u00a0\u00bb alors qu&rsquo;il ne s&rsquo;agit ni d&rsquo;immigration ni de quotas dans les suggestions faites par Bruxelles.<\/p>\n<p>\u00ab\u00a0Je suis contre l&rsquo;instauration de quotas de migrants. Ceci n&rsquo;a jamais correspondu aux propositions fran\u00e7aises\u00a0\u00bb, a dit le Premier ministre samedi \u00e0 Menton (Alpes-Maritimes). \u00ab\u00a0En revanche, l&rsquo;Europe doit avoir une politique de l&rsquo;asile.\u00a0\u00bb<\/p>\n<p>La communication pr\u00e9sent\u00e9e mercredi en conseil des ministres clarifie la position fran\u00e7aise et permet \u00e0 la Commission de faire valoir que le front du refus de ses propositions, emmen\u00e9 par le Royaume-Uni, est plus faible qu&rsquo;il ne serait avec Paris.<\/p>\n<p>\u00ab\u00a0Sur la proposition de mettre en place un m\u00e9canisme temporaire de r\u00e9partition dans l&rsquo;Union europ\u00e9enne des demandeurs d&rsquo;asile ayant un besoin manifeste de protection (&#8230;) la France est pleinement favorable \u00e0 ce que ces personnes -et uniquement celles-l\u00e0- puissent \u00eatre, de mani\u00e8re temporaire et selon des param\u00e8tres \u00e0 discuter de mani\u00e8re approfondie, r\u00e9parties plus \u00e9quitablement\u00a0\u00bb, peut-on y lire.<\/p>\n<p><strong>Reconsuite \u00e0 la Fronti\u00e8re<\/strong><\/p>\n<p>Le gouvernement juge inacceptable que cinq \u00c9tats -Italie, Royaume-Uni, Allemagne, France et Su\u00e8de- fournissent 75 % de l&rsquo;effort total des Vingt-Huit en mati\u00e8re de demande d&rsquo;asile.<\/p>\n<p>\u00ab\u00a0En revanche, la France est et restera oppos\u00e9e \u00e0 toute id\u00e9e de quotas en mati\u00e8re de demande d&rsquo;asile, la demande d&rsquo;asile \u00e9tant un droit, attribu\u00e9 \u00e0 partir de crit\u00e8res objectifs et ne pouvant faire l&rsquo;objet d&rsquo;un contingentement\u00a0\u00bb, poursuit cette communication, en rejetant aussi les quotas d&rsquo;immigr\u00e9s ill\u00e9gaux.<\/p>\n<p>Ces derniers \u00ab\u00a0doivent, d\u00e8s leur entr\u00e9e sur le territoire de l&rsquo;Union, faire l&rsquo;objet de proc\u00e9dures de reconduite vers leurs pays d&rsquo;origine\u00a0\u00bb, concluent Laurent Fabius et Bernard Cazeneuve.<\/p>\n<p>La France a fourni des moyens pour la surveillance des c\u00f4tes d&rsquo;Afrique du Nord, veut une r\u00e9solution onusienne pour neutraliser ou rendre hors d&rsquo;usage les navires des \u00ab\u00a0passeurs\u00a0\u00bb et pr\u00f4ne des gardes-fronti\u00e8res, l&rsquo;ensemble de ces propositions devant \u00eatre \u00e9tudi\u00e9es lors du Conseil europ\u00e9en du 25 juin.<\/p>\n<p>A Strasbourg, la Commission europ\u00e9enne a critiqu\u00e9 les pays qui demandent de sauver les migrants en M\u00e9diterran\u00e9e mais refusent de les accueillir.<\/p>\n<p>Frans Timmermanns, son premier vice-pr\u00e9sident, a pr\u00e9cis\u00e9 devant le Parlement europ\u00e9en que son m\u00e9canisme de \u00ab\u00a0relocalisation temporaire\u00a0\u00bb des demandeurs d&rsquo;asile serait pr\u00e9sent\u00e9 en d\u00e9tails la semaine prochaine.<\/p>\n<p><strong>R\u00e9partir 20.000 Demandeurs d&rsquo; Asile<\/strong><\/p>\n<p>La Commission avait \u00e9voqu\u00e9 mercredi dernier le nombre de 20.000 demandeurs d&rsquo;asile \u00e0 r\u00e9partir au sein des Etats membres pour les deux prochaines ann\u00e9es.<\/p>\n<p>\u00ab\u00a0Il n&rsquo;est pas acceptable de dire aux quatre coins de l&rsquo;Union europ\u00e9enne &lsquo;arr\u00eatez les noyades&rsquo;, tout en disant &lsquo;mais qu&rsquo;ils ne viennent pas chez nous'\u00a0\u00bb, a d\u00e9clar\u00e9 Frans Timmermanns en affichant sa volont\u00e9 de lutter contre l&rsquo;immigration ill\u00e9gale.<\/p>\n<p>\u00ab\u00a0Trop souvent dans nos pays, ceux qui m\u00e9ritent l&rsquo;asile parce qu&rsquo;ils fuient la guerre, la pers\u00e9cution, sont per\u00e7us comme des profiteurs parce que nous n&rsquo;avons pas su de mani\u00e8re efficace renvoyer chez elles les personnes qui ne m\u00e9ritaient pas l&rsquo;asile.\u00a0\u00bb<\/p>\n<p>Le commissaire europ\u00e9en charg\u00e9 des migrations, Dimitris Avramopoulos, a annonc\u00e9 la mise \u00e0 disposition des Etats membres de 15 millions d&rsquo;euros pour soutenir l&rsquo;accueil des r\u00e9fugi\u00e9s.<\/p>\n<p>\u00ab\u00a0Notre voisinage imm\u00e9diat est en feu\u00a0\u00bb, a-t-il soulign\u00e9 en rappelant que 620.000 personnes avaient demand\u00e9 l&rsquo;asile dans un pays de l&rsquo;Union europ\u00e9enne en 2014 et que plus de 80.000 migrants avaient d\u00e9j\u00e0 atteint ses c\u00f4tes cette ann\u00e9e.<\/p>\n<p>La d\u00e9l\u00e9gation socialiste fran\u00e7aise au sein du Parlement europ\u00e9en, tout comme l&rsquo;ensemble de la gauche mais aussi les lib\u00e9raux-d\u00e9mocrates et le Parti populaire europ\u00e9en, groupe de centre-droit dont l&rsquo;UMP est membre, ont aussi apport\u00e9 leur soutien au projet de la Commission. (Reuters)<\/p>\n","protected":false},"excerpt":{"rendered":"<p>Paris s&rsquo;est d\u00e9clar\u00e9e favorable \u00e0 une r\u00e9partition \u00ab\u00a0plus \u00e9quitable\u00a0\u00bb des demandeurs d&rsquo;asile entre les pays de l&rsquo;Union europ\u00e9enne mais refuse l&rsquo;id\u00e9e de \u00ab\u00a0quotas\u00a0\u00bb. Cette communication des ministres des Affaires \u00e9trang\u00e8res et de l&rsquo;Int\u00e9rieur, Laurent Fabius et Bernard Cazeneuve, au conseil des ministres met un terme \u00e0 une s\u00e9rie de d\u00e9clarations, notamment du Premier ministre, qui [&hellip;]<\/p>\n","protected":false},"author":1,"featured_media":0,"comment_status":"open","ping_status":"closed","sticky":false,"template":"","format":"standard","meta":{"footnotes":""},"categories":[30],"tags":[254],"class_list":["post-1801","post","type-post","status-publish","format-standard","hentry","category-actualite","tag-demandeurs-dasile"],"aioseo_notices":[],"_links":{"self":[{"href":"https:\/\/www.culturalusa.com\/news\/wp-json\/wp\/v2\/posts\/1801","targetHints":{"allow":["GET"]}}],"collection":[{"href":"https:\/\/www.culturalusa.com\/news\/wp-json\/wp\/v2\/posts"}],"about":[{"href":"https:\/\/www.culturalusa.com\/news\/wp-json\/wp\/v2\/types\/post"}],"author":[{"embeddable":true,"href":"https:\/\/www.culturalusa.com\/news\/wp-json\/wp\/v2\/users\/1"}],"replies":[{"embeddable":true,"href":"https:\/\/www.culturalusa.com\/news\/wp-json\/wp\/v2\/comments?post=1801"}],"version-history":[{"count":0,"href":"https:\/\/www.culturalusa.com\/news\/wp-json\/wp\/v2\/posts\/1801\/revisions"}],"wp:attachment":[{"href":"https:\/\/www.culturalusa.com\/news\/wp-json\/wp\/v2\/media?parent=1801"}],"wp:term":[{"taxonomy":"category","embeddable":true,"href":"https:\/\/www.culturalusa.com\/news\/wp-json\/wp\/v2\/categories?post=1801"},{"taxonomy":"post_tag","embeddable":true,"href":"https:\/\/www.culturalusa.com\/news\/wp-json\/wp\/v2\/tags?post=1801"}],"curies":[{"name":"wp","href":"https:\/\/api.w.org\/{rel}","templated":true}]}}