{"id":1810,"date":"2015-05-27T13:08:03","date_gmt":"2015-05-27T11:08:03","guid":{"rendered":"http:\/\/www.culturalusa.com\/news\/?p=1810"},"modified":"2015-05-27T13:08:03","modified_gmt":"2015-05-27T11:08:03","slug":"six-responsables-de-la-fifa-soupconnes-de-corruption-arretes-en-suisse","status":"publish","type":"post","link":"https:\/\/www.culturalusa.com\/news\/actualite\/six-responsables-de-la-fifa-soupconnes-de-corruption-arretes-en-suisse\/","title":{"rendered":"Six responsables de la FIFA soup\u00e7onn\u00e9s de corruption arr\u00eat\u00e9s en Suisse"},"content":{"rendered":"<p><img loading=\"lazy\" decoding=\"async\" src=\"http:\/\/www.culturalusa.com\/news\/wp-content\/uploads\/2015\/05\/fifa-logo.jpg\" alt=\"FIFA\" width=\"465\" height=\"270\" class=\"aligncenter size-full wp-image-1811\" \/>Un s\u00e9isme a frapp\u00e9 la Fifa avec l&rsquo;arrestation \u00e0 Zurich, \u00e0 la demande des autorit\u00e9s am\u00e9ricaines, de six responsables soup\u00e7onn\u00e9s de corruption, \u00e0 deux jours de l&rsquo;\u00e9lection pour la pr\u00e9sidence o\u00f9 Joseph Blatter briguera un cinqui\u00e8me mandat.<\/p>\n<p>Selon les autorit\u00e9s suisses, les six responsables interpell\u00e9s sont soup\u00e7onn\u00e9s d&rsquo;avoir accept\u00e9 des dessous de table d&rsquo;un montant de plusieurs millions des ann\u00e9es 1990 \u00e0 nos jours.<\/p>\n<p>Et dans une proc\u00e9dure distincte, le parquet suisse a annonc\u00e9 avoir saisi des documents \u00e9lectroniques au si\u00e8ge de la Fifa \u00e0 Zurich. <\/p>\n<p>Ces saisies ont eu lieu dans le cadre d&rsquo;une proc\u00e9dure p\u00e9nale contre X pour soup\u00e7on \u00ab\u00a0de blanchiment d&rsquo;argent et gestion d\u00e9loyale\u00a0\u00bb entourant les attributions des Coupes du monde de football de 2018 et 2022.<br \/>\nCette proc\u00e9dure, ouverte depuis le 10 mars, n&rsquo;avait pas \u00e9t\u00e9 rendue publique jusqu&rsquo;\u00e0 aujourd&rsquo;hui.<\/p>\n<p>Le New York Times, qui a r\u00e9v\u00e9l\u00e9 les arrestations des six responsables, a indiqu\u00e9 que des policiers suisses se sont pr\u00e9sent\u00e9s au petit matin dans le luxueux h\u00f4tel cinq \u00e9toiles Baur Au Lac du centre de Zurich, o\u00f9 sont log\u00e9s les principaux dirigeants de la Fifa. Deux hommes non menott\u00e9s ont \u00e9t\u00e9 emmen\u00e9s. Parmi eux, figurait Eduardo Lio, du Costa Rica.<\/p>\n<p>Selon le quotidien new-yorkais, les accusations visent des faits de corruption au cours des vingt derni\u00e8res ann\u00e9es. Elles portent notamment sur des attributions de Coupes du monde, de droits de marketing et de t\u00e9l\u00e9vision. Les accusations visent \u00e9galement des escroqueries par voie \u00e9lectronique, des faits de racket et de blanchiment d&rsquo;argent.<\/p>\n<p>Les accusations concernent au total une dizaine de personnes, pr\u00e9cise le journal, mais certaines d&rsquo;entre elles ne se trouvent pas actuellement \u00e0 Zurich.<\/p>\n<p><strong>Jack Warner impliqu\u00e9<\/strong><\/p>\n<p>Parmi les dirigeants pr\u00e9sents ou pass\u00e9s de la Fifa vis\u00e9s par les accusations figurent Jeffrey Webb (Iles Ca\u00efman), Eugenio Figueredo (Uruguay), tous deux membres du comit\u00e9 ex\u00e9cutif, et Jack Warner (Trinit\u00e9-et-Tobago), un ancien membre du comit\u00e9 ex\u00e9cutif, d\u00e9j\u00e0 impliqu\u00e9 dans de nombreuses affaires de corruption.<\/p>\n<p>Une porte-parole de la Fifa a indiqu\u00e9 \u00e0 l&rsquo;AFP que l&rsquo;instance cherchait \u00ab\u00a0\u00e0 clarifier la situation\u00a0\u00bb apr\u00e8s ces arrestations. Une conf\u00e9rence de presse a \u00e9t\u00e9 convoqu\u00e9e \u00e0 11h00 locales (09h00 GMT) au si\u00e8ge de la F\u00e9d\u00e9ration, en pr\u00e9sence de Walter De Gregorio, directeur de la communication.<\/p>\n<p>Le Prince Ali, candidat \u00e0 la pr\u00e9sidence vendredi face \u00e0 Sepp Blatter, a lui \u00e9voqu\u00e9 dans un bref communiqu\u00e9 \u00ab\u00a0un jour triste pour le football\u00a0\u00bb. \u00ab\u00a0L&rsquo;affaire conna\u00eet ses d\u00e9veloppements actuellement, des d\u00e9tails \u00e9mergent, il ne serait pas appropri\u00e9 de faire d&rsquo;autres commentaires pour l&rsquo;heure\u00a0\u00bb, a-t-il ajout\u00e9.<\/p>\n<p>\u00ab\u00a0La police cantonale a arr\u00eat\u00e9 six fonctionnaires du football \u00e0 la demande des autorit\u00e9s am\u00e9ricaines. Des repr\u00e9sentants des m\u00e9dias sportifs et de soci\u00e9t\u00e9s de marketing sportif seraient impliqu\u00e9s dans des versements \u00e0 de hauts fonctionnaires d&rsquo;organisations footballistiques (des d\u00e9l\u00e9gu\u00e9s de la Fifa et d&rsquo;autres personnes appartenant \u00e0 des organisations affili\u00e9es \u00e0 la Fifa) en \u00e9change de droits m\u00e9diatiques et des droits de marketing de comp\u00e9titions organis\u00e9es aux Etats-Unis et en Am\u00e9rique du Sud\u00a0\u00bb, a indiqu\u00e9 le minist\u00e8re suisse de la Justice dans un communiqu\u00e9, pr\u00e9cisant agir \u00e0 la demande du parquet du district est de New York.<br \/>\nLa proc\u00e9dure avait \u00e9t\u00e9 ouverte par la procureure Loretta Lynch, entre-temps devenue ministre de la Justice de Barack Obama.<\/p>\n<p>\u00ab\u00a0Selon la demande d&rsquo;arrestation am\u00e9ricaine, l&rsquo;entente relative \u00e0 ces actes aurait \u00e9t\u00e9 conclue aux Etats-Unis, o\u00f9 ont \u00e9galement eu lieu les pr\u00e9paratifs. Des paiements auraient transit\u00e9 par des banques am\u00e9ricaines\u00a0\u00bb, ajoute le communiqu\u00e9 suisse.<\/p>\n<p><strong>Demande d&rsquo;extradition<\/strong><\/p>\n<p>Les suspects interpell\u00e9s font l&rsquo;objet d?une demande d&rsquo;extradition am\u00e9ricaine.<\/p>\n<p>Ils vont \u00eatre entendus par la police de Zurich. Ceux qui accepteront leur extradition feront l&rsquo;objet d&rsquo;une proc\u00e9dure simplifi\u00e9e \u00ab\u00a0par laquelle l&rsquo;OFJ (Office f\u00e9d\u00e9ral de la Justice) pourra sans d\u00e9lai approuver la demande d&rsquo;extradition vers les Etats-Unis et l&rsquo;ex\u00e9cuter\u00a0\u00bb.<\/p>\n<p>Pour ceux qui s&rsquo;y opposeront, \u00ab\u00a0l&rsquo;OFJ priera les Etats-Unis de faire parvenir une demande formelle d&rsquo;extradition \u00e0 la Suisse dans le d\u00e9lai de 40 jours pr\u00e9vu par le trait\u00e9 d&rsquo;extradition en vigueur entre les deux pays\u00a0\u00bb, selon le communiqu\u00e9.<\/p>\n<p>Ce coup de filet spectaculaire intervient \u00e0 deux jours de l&rsquo;\u00e9lection \u00e0 la pr\u00e9sidence de la Fifa, o\u00f9 Joseph Blatter, \u00e0 sa t\u00eate depuis 1998, briguera un cinqui\u00e8me mandat.<\/p>\n<p>M. Blatter, \u00e2g\u00e9 de 79 ans, est au centre de nombreuses critiques pour sa gouvernance de la richissime instance, qui a enregistr\u00e9 un chiffre d&rsquo;affaires de pr\u00e8s de 2 milliards d&rsquo;euros en 2014, ann\u00e9e de la derni\u00e8re Coupe du monde.<\/p>\n<p>De nombreuses accusations de corruptions, relay\u00e9es par les m\u00e9dias, ont vis\u00e9 l&rsquo;attribution des Coupes du monde 2018 et 2022 \u00e0 la Russie et au Qatar.(AFP)<\/p>\n","protected":false},"excerpt":{"rendered":"<p>Un s\u00e9isme a frapp\u00e9 la Fifa avec l&rsquo;arrestation \u00e0 Zurich, \u00e0 la demande des autorit\u00e9s am\u00e9ricaines, de six responsables soup\u00e7onn\u00e9s de corruption, \u00e0 deux jours de l&rsquo;\u00e9lection pour la pr\u00e9sidence o\u00f9 Joseph Blatter briguera un cinqui\u00e8me mandat. Selon les autorit\u00e9s suisses, les six responsables interpell\u00e9s sont soup\u00e7onn\u00e9s d&rsquo;avoir accept\u00e9 des dessous de table d&rsquo;un montant [&hellip;]<\/p>\n","protected":false},"author":1,"featured_media":0,"comment_status":"open","ping_status":"closed","sticky":false,"template":"","format":"standard","meta":{"footnotes":""},"categories":[30],"tags":[169,171,265],"class_list":["post-1810","post","type-post","status-publish","format-standard","hentry","category-actualite","tag-fifa","tag-joseph-blatter","tag-qatar"],"aioseo_notices":[],"_links":{"self":[{"href":"https:\/\/www.culturalusa.com\/news\/wp-json\/wp\/v2\/posts\/1810","targetHints":{"allow":["GET"]}}],"collection":[{"href":"https:\/\/www.culturalusa.com\/news\/wp-json\/wp\/v2\/posts"}],"about":[{"href":"https:\/\/www.culturalusa.com\/news\/wp-json\/wp\/v2\/types\/post"}],"author":[{"embeddable":true,"href":"https:\/\/www.culturalusa.com\/news\/wp-json\/wp\/v2\/users\/1"}],"replies":[{"embeddable":true,"href":"https:\/\/www.culturalusa.com\/news\/wp-json\/wp\/v2\/comments?post=1810"}],"version-history":[{"count":0,"href":"https:\/\/www.culturalusa.com\/news\/wp-json\/wp\/v2\/posts\/1810\/revisions"}],"wp:attachment":[{"href":"https:\/\/www.culturalusa.com\/news\/wp-json\/wp\/v2\/media?parent=1810"}],"wp:term":[{"taxonomy":"category","embeddable":true,"href":"https:\/\/www.culturalusa.com\/news\/wp-json\/wp\/v2\/categories?post=1810"},{"taxonomy":"post_tag","embeddable":true,"href":"https:\/\/www.culturalusa.com\/news\/wp-json\/wp\/v2\/tags?post=1810"}],"curies":[{"name":"wp","href":"https:\/\/api.w.org\/{rel}","templated":true}]}}