{"id":1823,"date":"2015-06-10T03:26:42","date_gmt":"2015-06-10T01:26:42","guid":{"rendered":"http:\/\/www.culturalusa.com\/news\/?p=1823"},"modified":"2020-11-04T14:15:03","modified_gmt":"2020-11-04T13:15:03","slug":"le-portugal-joue-encore-les-bons-eleves-et-sefforce-de-se-demarquer-dans-la-zone-euro","status":"publish","type":"post","link":"https:\/\/www.culturalusa.com\/news\/portugal\/le-portugal-joue-encore-les-bons-eleves-et-sefforce-de-se-demarquer-dans-la-zone-euro\/","title":{"rendered":"Le Portugal joue encore les bons \u00e9l\u00e8ves et s&rsquo;efforce de se d\u00e9marquer dans la zone euro"},"content":{"rendered":"<p>Face au spectre d&rsquo;un d\u00e9faut de paiement de la Gr\u00e8ce, le Portugal s&rsquo;efforce de se d\u00e9marquer du trublion de la zone euro, mais continue de figurer sur la liste des pays les plus fragiles, vuln\u00e9rables \u00e0 un tel choc.<\/p>\n<p>\u00ab\u00a0Le Portugal va beaucoup mieux que la Gr\u00e8ce. Mais malgr\u00e9 les progr\u00e8s, le pays fait partie des maillons faibles, car sa dette publique est l&rsquo;une des plus \u00e9lev\u00e9es de la zone euro\u00a0\u00bb, commente \u00e0 l&rsquo;AFP Paula Carvalho, \u00e9conomiste de la banque BPI. <\/p>\n<p>Aux antipodes d&rsquo;Ath\u00e8nes, Lisbonne compte rembourser en juin encore 2 milliards d&rsquo;euros au Fonds mon\u00e9taire international (FMI), apr\u00e8s avoir d\u00e9j\u00e0 r\u00e9gl\u00e9 par avance 6,6 milliards, soit pr\u00e8s d&rsquo;un quart de sa dette aupr\u00e8s de l&rsquo;institution. <\/p>\n<p>Cette annonce, intervenue \u00e0 quatre mois des \u00e9lections l\u00e9gislatives, tranche avec le d\u00e9lai r\u00e9clam\u00e9 par la Gr\u00e8ce, qui a report\u00e9 au 30 juin le remboursement de plusieurs \u00e9ch\u00e9ances dues, soit 1,6 milliard d&rsquo;euros. <\/p>\n<p>Le gouvernement portugais de centre droit ne cache pas ses divergences avec Syriza, le parti de gauche radicale au pouvoir \u00e0 Ath\u00e8nes. <\/p>\n<p>\u00ab\u00a0Il suffit de comparer avec un autre pays, malheureusement pr\u00e8s de nous en Europe, qui au lieu d&rsquo;anticiper les paiements au FMI les reporte\u00a0\u00bb, a l\u00e2ch\u00e9 samedi la ministre des Finances Maria Luis Albuquerque. <\/p>\n<p>Et apr\u00e8s des ann\u00e9es de lourds sacrifices au nom de l&rsquo;aust\u00e9rit\u00e9, Lisbonne verrait d&rsquo;un mauvais oeil que les cr\u00e9anciers accordent un traitement de faveur \u00e0 la Gr\u00e8ce. <\/p>\n<p>\u00ab\u00a0Les r\u00e8gles europ\u00e9ennes valent pour tous. Il faut que les Grecs acceptent de les respecter\u00a0\u00bb, r\u00e9p\u00e8te \u00e0 l&rsquo;envi la ministre. <\/p>\n<p>Fort d&rsquo;un matelas financier \u00e9valu\u00e9 fin mars \u00e0 17 milliards d&rsquo;euros, le Portugal \u00ab\u00a0peut survivre pendant de nombreux mois sans avoir recours aux march\u00e9s financiers\u00a0\u00bb, estime Pedro Lino, g\u00e9rant de Dif Broker. <\/p>\n<p>Cependant, en raison de la crise grecque, \u00ab\u00a0les taux d&#8217;emprunt du Portugal ont d\u00e9j\u00e0 commenc\u00e9 \u00e0 remonter, et on assiste \u00e0 un d\u00e9but de panique sur les march\u00e9s\u00a0\u00bb, pr\u00e9vient l&rsquo;analyste, qui compte aussi l&rsquo;Italie et l&rsquo;Espagne parmi les pays vuln\u00e9rables. <\/p>\n<p>Le taux des emprunts \u00e0 dix ans du Portugal, mesure de la confiance des investisseurs, se situait mardi \u00e0 2,933%, apr\u00e8s avoir atteint en mars un plus bas historique \u00e0 1,56%. <\/p>\n<p>Au bord de la faillite, le Portugal s&rsquo;\u00e9tait vu accorder en 2011 un plan d&rsquo;aide internationale de 78 milliards d&rsquo;euros. Le pays en est sorti en mai 2014, apr\u00e8s avoir mis en oeuvre un programme de rigueur sans pr\u00e9c\u00e9dent. <\/p>\n<p>Officiellement, pour le Premier ministre Pedro Passos Coelho, il n&rsquo;y a pas de doute: \u00ab\u00a0le Portugal est bien arm\u00e9 pour faire face \u00e0 une \u00e9ventuelle instabilit\u00e9 li\u00e9e \u00e0 une \u00e9volution moins positive des n\u00e9gociations avec la Gr\u00e8ce\u00a0\u00bb, a-t-il assur\u00e9 d\u00e9but juin. <\/p>\n<p>Mais sa ministre des Finances ne cache pas ses inqui\u00e9tudes: \u00ab\u00a0je suis pr\u00e9occup\u00e9e non seulement pour le Portugal, mais pour l&rsquo;ensemble de la zone euro\u00a0\u00bb, a-t-elle reconnu en petit comit\u00e9. <\/p>\n<p>Pourtant, les banques portugaises ont nettement r\u00e9duit leur exposition \u00e0 la Gr\u00e8ce, \u00e0 300 millions d&rsquo;euros contre 6,8 milliards en 2009. L&rsquo;Etat portugais a pr\u00eat\u00e9 plus de 1,1 milliard d&rsquo;euros \u00e0 Ath\u00e8nes.  <\/p>\n<p>Malgr\u00e9 la cure d&rsquo;aust\u00e9rit\u00e9, la dette du Portugal s&rsquo;est encore accrue en 2014, atteignant 130,2% du PIB, tout en restant nettement inf\u00e9rieure \u00e0 celle de la Gr\u00e8ce (175%).  <\/p>\n<p>Le d\u00e9ficit public a cependant pu \u00eatre r\u00e9duit \u00e0 4,5% du PIB en 2014 et le gouvernement a promis de le ramener en dessous des 3% cette ann\u00e9e. Et apr\u00e8s trois ann\u00e9es de r\u00e9cession, le Portugal a renou\u00e9 avec la croissance en 2014 et table sur une hausse du PIB de 1,6% en 2015.  <\/p>\n<p>Mais, pr\u00e9vient Domingos Amaral, professeur d&rsquo;\u00e9conomie \u00e0 l&rsquo;Universit\u00e9 catholique de Lisbonne, \u00ab\u00a0si l&rsquo;instabilit\u00e9 de la Gr\u00e8ce s&rsquo;accro\u00eet et tout d\u00e9rape, il est \u00e9vident que cela aura un impact sur le Portugal et le reste de l&rsquo;Europe\u00a0\u00bb. (AFP)<\/p>\n","protected":false},"excerpt":{"rendered":"<p>Face au spectre d&rsquo;un d\u00e9faut de paiement de la Gr\u00e8ce, le Portugal s&rsquo;efforce de se d\u00e9marquer du trublion de la zone euro, mais continue de figurer sur la liste des pays les plus fragiles, vuln\u00e9rables \u00e0 un tel choc. \u00ab\u00a0Le Portugal va beaucoup mieux que la Gr\u00e8ce. Mais malgr\u00e9 les progr\u00e8s, le pays fait partie [&hellip;]<\/p>\n","protected":false},"author":1,"featured_media":4911,"comment_status":"open","ping_status":"closed","sticky":false,"template":"","format":"standard","meta":{"footnotes":""},"categories":[3],"tags":[47,136],"class_list":["post-1823","post","type-post","status-publish","format-standard","has-post-thumbnail","hentry","category-portugal","tag-lisbonne","tag-zone-euro"],"aioseo_notices":[],"_links":{"self":[{"href":"https:\/\/www.culturalusa.com\/news\/wp-json\/wp\/v2\/posts\/1823","targetHints":{"allow":["GET"]}}],"collection":[{"href":"https:\/\/www.culturalusa.com\/news\/wp-json\/wp\/v2\/posts"}],"about":[{"href":"https:\/\/www.culturalusa.com\/news\/wp-json\/wp\/v2\/types\/post"}],"author":[{"embeddable":true,"href":"https:\/\/www.culturalusa.com\/news\/wp-json\/wp\/v2\/users\/1"}],"replies":[{"embeddable":true,"href":"https:\/\/www.culturalusa.com\/news\/wp-json\/wp\/v2\/comments?post=1823"}],"version-history":[{"count":0,"href":"https:\/\/www.culturalusa.com\/news\/wp-json\/wp\/v2\/posts\/1823\/revisions"}],"wp:featuredmedia":[{"embeddable":true,"href":"https:\/\/www.culturalusa.com\/news\/wp-json\/wp\/v2\/media\/4911"}],"wp:attachment":[{"href":"https:\/\/www.culturalusa.com\/news\/wp-json\/wp\/v2\/media?parent=1823"}],"wp:term":[{"taxonomy":"category","embeddable":true,"href":"https:\/\/www.culturalusa.com\/news\/wp-json\/wp\/v2\/categories?post=1823"},{"taxonomy":"post_tag","embeddable":true,"href":"https:\/\/www.culturalusa.com\/news\/wp-json\/wp\/v2\/tags?post=1823"}],"curies":[{"name":"wp","href":"https:\/\/api.w.org\/{rel}","templated":true}]}}