{"id":1826,"date":"2015-06-19T09:45:14","date_gmt":"2015-06-19T07:45:14","guid":{"rendered":"http:\/\/www.culturalusa.com\/news\/?p=1826"},"modified":"2015-06-19T10:01:32","modified_gmt":"2015-06-19T08:01:32","slug":"le-premier-ministre-grec-est-optimiste-sur-une-solution-a-la-crise-grecque","status":"publish","type":"post","link":"https:\/\/www.culturalusa.com\/news\/actualite\/le-premier-ministre-grec-est-optimiste-sur-une-solution-a-la-crise-grecque\/","title":{"rendered":"Le Premier ministre grec est optimiste sur une solution \u00e0 la crise grecque"},"content":{"rendered":"<p><img loading=\"lazy\" decoding=\"async\" src=\"http:\/\/www.culturalusa.com\/news\/wp-content\/uploads\/2015\/03\/merkel-et-tsipras.jpg\" alt=\"Angela Merkel et  Alexis Tsipras\" width=\"467\" height=\"267\" class=\"aligncenter size-full wp-image-1735\" srcset=\"https:\/\/www.culturalusa.com\/news\/wp-content\/uploads\/2015\/03\/merkel-et-tsipras.jpg 467w, https:\/\/www.culturalusa.com\/news\/wp-content\/uploads\/2015\/03\/merkel-et-tsipras-275x157.jpg 275w\" sizes=\"auto, (max-width: 467px) 100vw, 467px\" \/>Le Premier ministre grec Alexis Tsipras a estim\u00e9 vendredi qu&rsquo;une solution \u00e0 la crise de la dette de son pays allait \u00eatre trouv\u00e9e lui permettant \u00e0 la fois de revenir \u00e0 la croissance tout en demeurant au sein de la zone euro.<\/p>\n<p>Le chef du gouvernement grec a salu\u00e9 la tenue d&rsquo;un sommet d&rsquo;urgence des dirigeants de la zone euro lundi apr\u00e8s l&rsquo;\u00e9chec des discussions lors de la r\u00e9union de l&rsquo;Eurogroupe jeudi \u00e0 Luxembourg.<\/p>\n<p>\u00ab\u00a0Le sommet des dirigeants (de la zone euro) lundi est un d\u00e9veloppement positif sur la voie d&rsquo;un accord\u00a0\u00bb, estime Alexis Tsipras dans un communiqu\u00e9. \u00ab\u00a0Tous ceux qui parient sur une crise et des sc\u00e9narios catastrophe ont tort\u00a0\u00bb.<\/p>\n<p>\u00ab\u00a0Il y aura une solution fond\u00e9e sur le respect des r\u00e8gles de l&rsquo;UE et de la d\u00e9mocratie qui permettra \u00e0 la Gr\u00e8ce de retrouver la croissance dans l&rsquo;euro\u00a0\u00bb, a-t-il ajout\u00e9.<\/p>\n<p>Le blocage des pourparlers, qui prive Ath\u00e8nes des moyens dont elle a besoin pour honorer ses remboursements de dettes, a provoqu\u00e9 une telle acc\u00e9l\u00e9ration des retraits des banques grecques au cours des derniers jours que la Banque centrale europ\u00e9enne (BCE) se demande si elles pourront ouvrir lundi.<\/p>\n<p>Interrog\u00e9 sur la possibilit\u00e9 de parvenir \u00e0 un accord lundi soir, le ministre grec de la R\u00e9forme administrative s&rsquo;est voulu optimiste et a dit croire que c&rsquo;\u00e9tait \u00ab\u00a0le sc\u00e9nario le plus probable\u00a0\u00bb.<\/p>\n<p>Ce n&rsquo;est pas \u00ab\u00a0seulement possible, (c&rsquo;est) souhaitable pour tout le monde\u00a0\u00bb, a estim\u00e9 George Katrougalos sur Radio France Internationale rappelant qu&rsquo;une sortie de la Gr\u00e8ce de la zone euro serait \u00ab\u00a0une catastrophe pour le projet d&rsquo;unification europ\u00e9enne\u00a0\u00bb.<\/p>\n<p>\u00ab\u00a0Si on commence d&rsquo;envisager qu&rsquo;on peut aller vers l&rsquo;arri\u00e8re, \u00e7a ne va pas s&rsquo;arr\u00eater \u00e0 un pays\u00a0\u00bb, a-t-il ajout\u00e9.<\/p>\n<p>A Berlin, le chef de cabinet de la chanceli\u00e8re allemande Angela Merkel a d\u00e9clar\u00e9 que les partenaires de la Gr\u00e8ce \u00e9taient pr\u00eats \u00e0 n\u00e9gocier \u00ab\u00a0jusqu&rsquo;\u00e0 la derni\u00e8re minute\u00a0\u00bb.<\/p>\n<p>Les Etats membres de l&rsquo;Union europ\u00e9enne esp\u00e8rent que \u00ab\u00a0la Gr\u00e8ce va finalement se conduire comme d&rsquo;autres pays tels que l&rsquo;Espagne, le Portugal et l&rsquo;Irlande l&rsquo;ont fait dans le pass\u00e9\u00a0\u00bb, a dit Peter Altmaier. (Reuters)<\/p>\n","protected":false},"excerpt":{"rendered":"<p>Le Premier ministre grec Alexis Tsipras a estim\u00e9 vendredi qu&rsquo;une solution \u00e0 la crise de la dette de son pays allait \u00eatre trouv\u00e9e lui permettant \u00e0 la fois de revenir \u00e0 la croissance tout en demeurant au sein de la zone euro. Le chef du gouvernement grec a salu\u00e9 la tenue d&rsquo;un sommet d&rsquo;urgence des [&hellip;]<\/p>\n","protected":false},"author":1,"featured_media":0,"comment_status":"open","ping_status":"closed","sticky":false,"template":"","format":"standard","meta":{"footnotes":""},"categories":[30],"tags":[160,278],"class_list":["post-1826","post","type-post","status-publish","format-standard","hentry","category-actualite","tag-alexis-tsipras","tag-crise-grecque"],"aioseo_notices":[],"_links":{"self":[{"href":"https:\/\/www.culturalusa.com\/news\/wp-json\/wp\/v2\/posts\/1826","targetHints":{"allow":["GET"]}}],"collection":[{"href":"https:\/\/www.culturalusa.com\/news\/wp-json\/wp\/v2\/posts"}],"about":[{"href":"https:\/\/www.culturalusa.com\/news\/wp-json\/wp\/v2\/types\/post"}],"author":[{"embeddable":true,"href":"https:\/\/www.culturalusa.com\/news\/wp-json\/wp\/v2\/users\/1"}],"replies":[{"embeddable":true,"href":"https:\/\/www.culturalusa.com\/news\/wp-json\/wp\/v2\/comments?post=1826"}],"version-history":[{"count":0,"href":"https:\/\/www.culturalusa.com\/news\/wp-json\/wp\/v2\/posts\/1826\/revisions"}],"wp:attachment":[{"href":"https:\/\/www.culturalusa.com\/news\/wp-json\/wp\/v2\/media?parent=1826"}],"wp:term":[{"taxonomy":"category","embeddable":true,"href":"https:\/\/www.culturalusa.com\/news\/wp-json\/wp\/v2\/categories?post=1826"},{"taxonomy":"post_tag","embeddable":true,"href":"https:\/\/www.culturalusa.com\/news\/wp-json\/wp\/v2\/tags?post=1826"}],"curies":[{"name":"wp","href":"https:\/\/api.w.org\/{rel}","templated":true}]}}