{"id":1857,"date":"2015-07-13T14:01:48","date_gmt":"2015-07-13T12:01:48","guid":{"rendered":"http:\/\/www.culturalusa.com\/news\/?p=1857"},"modified":"2015-07-13T14:02:11","modified_gmt":"2015-07-13T12:02:11","slug":"un-ex-ministre-portugais-arrete-dans-laffaire-socrates","status":"publish","type":"post","link":"https:\/\/www.culturalusa.com\/news\/portugal\/un-ex-ministre-portugais-arrete-dans-laffaire-socrates\/","title":{"rendered":"Un ex-ministre portugais arr\u00eat\u00e9 dans l&rsquo;affaire Socrates"},"content":{"rendered":"<p><img loading=\"lazy\" decoding=\"async\" src=\"http:\/\/www.culturalusa.com\/news\/wp-content\/uploads\/2015\/07\/corruption-480x320.jpg\" alt=\"corruption\" width=\"480\" height=\"320\" class=\"aligncenter size-large wp-image-1858\" srcset=\"https:\/\/www.culturalusa.com\/news\/wp-content\/uploads\/2015\/07\/corruption-480x320.jpg 480w, https:\/\/www.culturalusa.com\/news\/wp-content\/uploads\/2015\/07\/corruption-275x183.jpg 275w, https:\/\/www.culturalusa.com\/news\/wp-content\/uploads\/2015\/07\/corruption-800x533.jpg 800w, https:\/\/www.culturalusa.com\/news\/wp-content\/uploads\/2015\/07\/corruption-900x600.jpg 900w, https:\/\/www.culturalusa.com\/news\/wp-content\/uploads\/2015\/07\/corruption.jpg 1260w\" sizes=\"auto, (max-width: 480px) 100vw, 480px\" \/>Un ancien ministre socialiste portugais a \u00e9t\u00e9 arr\u00eat\u00e9 puis assign\u00e9 \u00e0 r\u00e9sidence dans le cadre de l&rsquo;affaire de corruption impliquant l&rsquo;ex-Premier ministre Jos\u00e9 Socrates, en d\u00e9tention provisoire depuis sept mois, a annonc\u00e9 le parquet g\u00e9n\u00e9ral.<\/p>\n<p>Armando Vara, 61 ans, r\u00e9put\u00e9 proche de l&rsquo;ancien chef de gouvernement socialiste, est soup\u00e7onn\u00e9 de corruption, fraude fiscale aggrav\u00e9e et blanchiment de capitaux, a indiqu\u00e9 le minist\u00e8re public dans un communiqu\u00e9 vendredi soir.<\/p>\n<p>Jeudi, la justice avait arr\u00eat\u00e9 l&rsquo;ancien ministre et perquisitionn\u00e9 son domicile, plusieurs entreprises et une institution bancaire.<\/p>\n<p>Selon la presse portugaise, ces perquisitions visaient la Caixa Geral de Depositos (CGD) alors que la justice enqu\u00eate sur la prise de participation controvers\u00e9e, en 2006, de la banque publique dans le complexe touristique de luxe Vale do Lobo en Algarve.<\/p>\n<p>Armando Vara, alors administrateur de la CGD, et Jos\u00e9 Socrates, chef du gouvernement de l&rsquo;\u00e9poque, seraient soup\u00e7onn\u00e9s par la justice d&rsquo;avoir touch\u00e9 des commissions dans le cadre de ces transactions.<\/p>\n<p>Premier ministre de 2005 \u00e0 2011, Jos\u00e9 Socrates a \u00e9t\u00e9 arr\u00eat\u00e9 le 21 novembre dernier puis mis en examen pour corruption, blanchiment d&rsquo;argent et fraude fiscale aggrav\u00e9e, et plac\u00e9 en d\u00e9tention provisoire.<\/p>\n<p>Six autres personnes avaient d\u00e9j\u00e0 \u00e9t\u00e9 mises en examen dans le cadre de cette affaire, tr\u00e8s encombrante pour l&rsquo;opposition socialiste \u00e0 l&rsquo;approche des \u00e9lections l\u00e9gislatives pr\u00e9vues \u00e0 l&rsquo;automne.<\/p>\n<p>Armando Vara, secr\u00e9taire d&rsquo;Etat aux Affaires int\u00e9rieures, puis ministre de la Jeunesse et des Sports pendant le gouvernement d&rsquo;Antonio Guterres (1995 \u00e0 2002), avait d\u00e9j\u00e0 \u00e9t\u00e9 condamn\u00e9 en septembre 2014 \u00e0 cinq ans de prison ferme pour trafic d&rsquo;influence, un jugement dont il a fait appel.<\/p>\n<p>Cette affaire avait agit\u00e9 la classe politique portugaise en novembre 2009, quand la presse avait r\u00e9v\u00e9l\u00e9 l&rsquo;existence d&rsquo;\u00e9coutes de conversations t\u00e9l\u00e9phoniques entre MM. Vara et Socrates. (AFP)<\/p>\n","protected":false},"excerpt":{"rendered":"<p>Un ancien ministre socialiste portugais a \u00e9t\u00e9 arr\u00eat\u00e9 puis assign\u00e9 \u00e0 r\u00e9sidence dans le cadre de l&rsquo;affaire de corruption impliquant l&rsquo;ex-Premier ministre Jos\u00e9 Socrates, en d\u00e9tention provisoire depuis sept mois, a annonc\u00e9 le parquet g\u00e9n\u00e9ral. Armando Vara, 61 ans, r\u00e9put\u00e9 proche de l&rsquo;ancien chef de gouvernement socialiste, est soup\u00e7onn\u00e9 de corruption, fraude fiscale aggrav\u00e9e et [&hellip;]<\/p>\n","protected":false},"author":1,"featured_media":0,"comment_status":"open","ping_status":"closed","sticky":false,"template":"","format":"standard","meta":{"footnotes":""},"categories":[3],"tags":[298,299],"class_list":["post-1857","post","type-post","status-publish","format-standard","hentry","category-portugal","tag-armando-vara","tag-corruption"],"aioseo_notices":[],"_links":{"self":[{"href":"https:\/\/www.culturalusa.com\/news\/wp-json\/wp\/v2\/posts\/1857","targetHints":{"allow":["GET"]}}],"collection":[{"href":"https:\/\/www.culturalusa.com\/news\/wp-json\/wp\/v2\/posts"}],"about":[{"href":"https:\/\/www.culturalusa.com\/news\/wp-json\/wp\/v2\/types\/post"}],"author":[{"embeddable":true,"href":"https:\/\/www.culturalusa.com\/news\/wp-json\/wp\/v2\/users\/1"}],"replies":[{"embeddable":true,"href":"https:\/\/www.culturalusa.com\/news\/wp-json\/wp\/v2\/comments?post=1857"}],"version-history":[{"count":0,"href":"https:\/\/www.culturalusa.com\/news\/wp-json\/wp\/v2\/posts\/1857\/revisions"}],"wp:attachment":[{"href":"https:\/\/www.culturalusa.com\/news\/wp-json\/wp\/v2\/media?parent=1857"}],"wp:term":[{"taxonomy":"category","embeddable":true,"href":"https:\/\/www.culturalusa.com\/news\/wp-json\/wp\/v2\/categories?post=1857"},{"taxonomy":"post_tag","embeddable":true,"href":"https:\/\/www.culturalusa.com\/news\/wp-json\/wp\/v2\/tags?post=1857"}],"curies":[{"name":"wp","href":"https:\/\/api.w.org\/{rel}","templated":true}]}}