{"id":1864,"date":"2015-07-21T11:57:25","date_gmt":"2015-07-21T09:57:25","guid":{"rendered":"http:\/\/www.culturalusa.com\/news\/?p=1864"},"modified":"2015-07-21T11:57:25","modified_gmt":"2015-07-21T09:57:25","slug":"le-portugal-retablit-les-visas-dores-destines-aux-etrangers-fortunes","status":"publish","type":"post","link":"https:\/\/www.culturalusa.com\/news\/portugal\/le-portugal-retablit-les-visas-dores-destines-aux-etrangers-fortunes\/","title":{"rendered":"Le Portugal r\u00e9tablit les visas dor\u00e9s destin\u00e9s aux \u00e9trangers fortun\u00e9s"},"content":{"rendered":"<p><img loading=\"lazy\" decoding=\"async\" src=\"http:\/\/www.culturalusa.com\/news\/wp-content\/uploads\/2012\/04\/passoscoelho-discurso.jpg\" alt=\"Pedro Passos Coelho\" width=\"467\" height=\"270\" class=\"aligncenter size-full wp-image-356\" \/>(Un petit jeu politique?) Le Portugal gardera ses fameux <strong>visas dor\u00e9s<\/strong>. Le gouvernement a adopt\u00e9 jeudi 16 juillet un d\u00e9cret permettant de r\u00e9tablir ces permis de s\u00e9jour accord\u00e9s \u00e0 des investisseurs \u00e9trangers en \u00e9change de leur participation \u00e0 l\u2019\u00e9conomie du pays. <\/p>\n<p>Leur attribution avait \u00e9t\u00e9 gel\u00e9e au d\u00e9but du mois de juillet en raison d\u2019un vide juridique.<\/p>\n<p>1,46 milliard d\u2019euros d\u2019investissements<\/p>\n<p>Le Portugal octroie depuis la fin de 2012 des permis de s\u00e9jour \u00e0 des candidats pr\u00eats \u00e0 d\u00e9bourser au moins 500 000 euros pour l\u2019achat d\u2019une maison ou d\u2019un appartement, investir au moins un million d\u2019euros ou encore cr\u00e9er dix emplois. <\/p>\n<p>Ces visas ont g\u00e9n\u00e9r\u00e9 des investissements de 1,46 milliard d\u2019euros depuis leur mise en place, avec quelque 2 420 visas <strong>dor\u00e9s<\/strong> accord\u00e9s, dont 1 947 \u00e0 des citoyens chinois.<\/p>\n<p>Le patron de la police des fronti\u00e8res, Antonio Be\u00e7a Pereira, avait suspendu le 1er juillet l&rsquo;octroi des <strong>visas gold<\/strong> et r\u00e9clam\u00e9 l&rsquo;adoption d&rsquo;un d\u00e9cret d&rsquo;application de la nouvelle loi, prenant de court le gouvernement. <\/p>\n<p>Une d\u00e9cision surprise, cons\u00e9quence notamment d\u2019une affaire de corruption qui avait contraint le pr\u00e9c\u00e9dent patron de la police des fronti\u00e8res \u00e0 d\u00e9missionner de son poste.<\/p>\n<p>Le porte-parole du gouvernement s\u2019est f\u00e9licit\u00e9 de cette d\u00e9cision \u00e0 l\u2019issue du conseil des ministres :<\/p>\n<p>\u00ab\u00a0Ce serait lamentable que le Portugal rate le coche des investissements au profit d\u2019autres pays.\u00a0\u00bb<\/p>\n<p>Une derni\u00e8re \u00e9tape est encore \u00e0 franchir avant de lever d\u00e9finitivement le gel des visas : le d\u00e9cret doit \u00eatre publi\u00e9 par le pr\u00e9sident de la R\u00e9publique Anibal Cavaco Silva.<\/p>\n","protected":false},"excerpt":{"rendered":"<p>(Un petit jeu politique?) Le Portugal gardera ses fameux visas dor\u00e9s. Le gouvernement a adopt\u00e9 jeudi 16 juillet un d\u00e9cret permettant de r\u00e9tablir ces permis de s\u00e9jour accord\u00e9s \u00e0 des investisseurs \u00e9trangers en \u00e9change de leur participation \u00e0 l\u2019\u00e9conomie du pays. Leur attribution avait \u00e9t\u00e9 gel\u00e9e au d\u00e9but du mois de juillet en raison d\u2019un [&hellip;]<\/p>\n","protected":false},"author":1,"featured_media":0,"comment_status":"open","ping_status":"closed","sticky":false,"template":"","format":"standard","meta":{"footnotes":""},"categories":[3],"tags":[303],"class_list":["post-1864","post","type-post","status-publish","format-standard","hentry","category-portugal","tag-etrangers-fortunes"],"aioseo_notices":[],"_links":{"self":[{"href":"https:\/\/www.culturalusa.com\/news\/wp-json\/wp\/v2\/posts\/1864","targetHints":{"allow":["GET"]}}],"collection":[{"href":"https:\/\/www.culturalusa.com\/news\/wp-json\/wp\/v2\/posts"}],"about":[{"href":"https:\/\/www.culturalusa.com\/news\/wp-json\/wp\/v2\/types\/post"}],"author":[{"embeddable":true,"href":"https:\/\/www.culturalusa.com\/news\/wp-json\/wp\/v2\/users\/1"}],"replies":[{"embeddable":true,"href":"https:\/\/www.culturalusa.com\/news\/wp-json\/wp\/v2\/comments?post=1864"}],"version-history":[{"count":0,"href":"https:\/\/www.culturalusa.com\/news\/wp-json\/wp\/v2\/posts\/1864\/revisions"}],"wp:attachment":[{"href":"https:\/\/www.culturalusa.com\/news\/wp-json\/wp\/v2\/media?parent=1864"}],"wp:term":[{"taxonomy":"category","embeddable":true,"href":"https:\/\/www.culturalusa.com\/news\/wp-json\/wp\/v2\/categories?post=1864"},{"taxonomy":"post_tag","embeddable":true,"href":"https:\/\/www.culturalusa.com\/news\/wp-json\/wp\/v2\/tags?post=1864"}],"curies":[{"name":"wp","href":"https:\/\/api.w.org\/{rel}","templated":true}]}}