{"id":1870,"date":"2015-07-21T13:48:04","date_gmt":"2015-07-21T11:48:04","guid":{"rendered":"http:\/\/www.culturalusa.com\/news\/?p=1870"},"modified":"2015-07-21T13:48:22","modified_gmt":"2015-07-21T11:48:22","slug":"les-vingt-huit-narrivent-pas-a-sentendre-sur-une-repartition-des-migrants","status":"publish","type":"post","link":"https:\/\/www.culturalusa.com\/news\/actualite\/les-vingt-huit-narrivent-pas-a-sentendre-sur-une-repartition-des-migrants\/","title":{"rendered":"Les Vingt-Huit n&rsquo;arrivent pas \u00e0 s&rsquo;entendre sur une r\u00e9partition des migrants"},"content":{"rendered":"<p><img loading=\"lazy\" decoding=\"async\" src=\"http:\/\/www.culturalusa.com\/news\/wp-content\/uploads\/2013\/06\/CEE.jpg\" alt=\"CEE\" width=\"465\" height=\"290\" class=\"aligncenter size-full wp-image-1073\" srcset=\"https:\/\/www.culturalusa.com\/news\/wp-content\/uploads\/2013\/06\/CEE.jpg 465w, https:\/\/www.culturalusa.com\/news\/wp-content\/uploads\/2013\/06\/CEE-275x172.jpg 275w\" sizes=\"auto, (max-width: 465px) 100vw, 465px\" \/>Les Vingt-Huit ne sont pas parvenus \u00e0 s&rsquo;entendre sur la r\u00e9partition de 40.000 demandeurs d&rsquo;asile entre les diff\u00e9rents pays de l&rsquo;Union europ\u00e9enne au cours des deux prochaines ann\u00e9es et ont remis une d\u00e9cision finale \u00e0 la fin de l&rsquo;ann\u00e9e.<\/p>\n<p>A la suite de la mort de 700 migrants en mer M\u00e9diterran\u00e9e entre la Libye et l&rsquo;Italie au mois d&rsquo;avril, les dirigeants europ\u00e9ens se sont promis en juin de trouver avant la fin juillet un arrangement concernant la relocalisation des migrants.<\/p>\n<p>A Bruxelles, les 28 ministres charg\u00e9s du dossier se sont mis d&rsquo;accord pour respecter les conclusions du sommet de juin, sans toutefois d\u00e9cider du nombre de migrants que chaque pays devra accueillir.<\/p>\n<p>Jusqu&rsquo;\u00e0 pr\u00e9sent, les Etats de l&rsquo;Union europ\u00e9enne n&rsquo;ont trouv\u00e9 une solution que pour environ 32.000 demandeurs d&rsquo;asile arriv\u00e9s sur les c\u00f4tes italiennes et grecques.<\/p>\n<p>\u00ab\u00a0Nous y sommes presque\u00a0\u00bb, a d\u00e9clar\u00e9 le commissaire europ\u00e9en aux Migrations, Dimitris Avramopoulos, lors d&rsquo;une conf\u00e9rence de presse organis\u00e9e \u00e0 l&rsquo;issue de la r\u00e9union des ministres. \u00ab\u00a0Je suis un peu d\u00e9\u00e7u, mais c&rsquo;est un pas important en avant\u00a0\u00bb, a-t-il ajout\u00e9.<\/p>\n<p>Les premiers demandeurs d&rsquo;asile pourraient \u00eatre relocalis\u00e9s avant qu&rsquo;un accord complet ne soit trouv\u00e9, \u00ab\u00a0\u00e0 partir d&rsquo;octobre\u00a0\u00bb, selon le ministre luxembourgeois, Jean Asselborn.<\/p>\n<p>L&rsquo;Autriche a refus\u00e9 de s&rsquo;engager sur un quelconque chiffre. \u00ab\u00a0L&rsquo;Autriche est devenu le premier pays d&rsquo;arriv\u00e9e et doit faire face \u00e0 dix fois plus de demande d&rsquo;asile que l&rsquo;Italie et la Gr\u00e8ce r\u00e9unies, ce n&rsquo;est pas normal\u00a0\u00bb, a dit Johanna Mikl-Leitner, ministre autrichienne de l&rsquo;Int\u00e9rieur.<\/p>\n<p>La Hongrie a \u00e9t\u00e9 exempt\u00e9e, tandis que la Grande-Bretagne et le Danemark n&rsquo;ont aucune obligation de participer au plan. L&rsquo;Irlande a elle aussi re\u00e7u une dispense, mais s&rsquo;est tout de m\u00eame port\u00e9e volontaire pour accueillir 600 demandeurs d&rsquo;asile venus d&rsquo;Italie et de Gr\u00e8ce.<\/p>\n<p>Environ 150.000 migrants, pouss\u00e9s sur les routes du d\u00e9part par les guerres et la pauvret\u00e9, sont arriv\u00e9s en Europe par la mer depuis le d\u00e9but de l&rsquo;ann\u00e9e, essentiellement via la Gr\u00e8ce et l&rsquo;Italie, selon les chiffres de l&rsquo;Organisation internationales pour les migrations. (Reuters)<\/p>\n","protected":false},"excerpt":{"rendered":"<p>Les Vingt-Huit ne sont pas parvenus \u00e0 s&rsquo;entendre sur la r\u00e9partition de 40.000 demandeurs d&rsquo;asile entre les diff\u00e9rents pays de l&rsquo;Union europ\u00e9enne au cours des deux prochaines ann\u00e9es et ont remis une d\u00e9cision finale \u00e0 la fin de l&rsquo;ann\u00e9e. A la suite de la mort de 700 migrants en mer M\u00e9diterran\u00e9e entre la Libye et [&hellip;]<\/p>\n","protected":false},"author":1,"featured_media":0,"comment_status":"open","ping_status":"closed","sticky":false,"template":"","format":"standard","meta":{"footnotes":""},"categories":[30],"tags":[307],"class_list":["post-1870","post","type-post","status-publish","format-standard","hentry","category-actualite","tag-repartition-des-migrants"],"aioseo_notices":[],"_links":{"self":[{"href":"https:\/\/www.culturalusa.com\/news\/wp-json\/wp\/v2\/posts\/1870","targetHints":{"allow":["GET"]}}],"collection":[{"href":"https:\/\/www.culturalusa.com\/news\/wp-json\/wp\/v2\/posts"}],"about":[{"href":"https:\/\/www.culturalusa.com\/news\/wp-json\/wp\/v2\/types\/post"}],"author":[{"embeddable":true,"href":"https:\/\/www.culturalusa.com\/news\/wp-json\/wp\/v2\/users\/1"}],"replies":[{"embeddable":true,"href":"https:\/\/www.culturalusa.com\/news\/wp-json\/wp\/v2\/comments?post=1870"}],"version-history":[{"count":0,"href":"https:\/\/www.culturalusa.com\/news\/wp-json\/wp\/v2\/posts\/1870\/revisions"}],"wp:attachment":[{"href":"https:\/\/www.culturalusa.com\/news\/wp-json\/wp\/v2\/media?parent=1870"}],"wp:term":[{"taxonomy":"category","embeddable":true,"href":"https:\/\/www.culturalusa.com\/news\/wp-json\/wp\/v2\/categories?post=1870"},{"taxonomy":"post_tag","embeddable":true,"href":"https:\/\/www.culturalusa.com\/news\/wp-json\/wp\/v2\/tags?post=1870"}],"curies":[{"name":"wp","href":"https:\/\/api.w.org\/{rel}","templated":true}]}}