{"id":1877,"date":"2015-07-28T03:17:44","date_gmt":"2015-07-28T01:17:44","guid":{"rendered":"http:\/\/www.culturalusa.com\/news\/?p=1877"},"modified":"2015-07-28T03:17:44","modified_gmt":"2015-07-28T01:17:44","slug":"le-gouvernement-portugais-privatise-son-fret-ferroviaire","status":"publish","type":"post","link":"https:\/\/www.culturalusa.com\/news\/portugal\/le-gouvernement-portugais-privatise-son-fret-ferroviaire\/","title":{"rendered":"Le gouvernement portugais privatise son fret ferroviaire"},"content":{"rendered":"<p><img loading=\"lazy\" decoding=\"async\" src=\"http:\/\/www.culturalusa.com\/news\/wp-content\/uploads\/2015\/07\/fret-ferroviere.jpg\" alt=\"fret ferrovi\u00e8re\" width=\"467\" height=\"270\" class=\"aligncenter size-full wp-image-1878\" srcset=\"https:\/\/www.culturalusa.com\/news\/wp-content\/uploads\/2015\/07\/fret-ferroviere.jpg 467w, https:\/\/www.culturalusa.com\/news\/wp-content\/uploads\/2015\/07\/fret-ferroviere-275x159.jpg 275w\" sizes=\"auto, (max-width: 467px) 100vw, 467px\" \/>Le gouvernement portugais a d\u00e9sign\u00e9 l&rsquo;op\u00e9rateur ferroviaire MSC Rail, filiale de l&rsquo;armateur italien MSC, comme vainqueur de l&rsquo;appel d&rsquo;offres pour la privatisation de 100% de la filiale du fret des chemins de fers portugais, CP Carga. <\/p>\n<p>\u00ab\u00a0L&rsquo;offre de MSC a \u00e9t\u00e9 la meilleure\u00a0\u00bb en termes de projet strat\u00e9gique et de prix, a d\u00e9clar\u00e9 le secr\u00e9taire d&rsquo;Etat aux Transports, Sergio Monteiro, \u00e0 l&rsquo;issue d&rsquo;un Conseil des ministres.<\/p>\n<p>En promettant de mettre 53 millions d&rsquo;euros sur la table, le groupe MSC, un des plus gros clients de CP Carga, a \u00e9vinc\u00e9 les deux autres candidats encore en lice, la holding portugaise Cofihold et le fonds d&rsquo;investissement Atena Equity Partners.<\/p>\n<p>La candidature du groupe suisse Springwater avait d\u00e9j\u00e0 \u00e9t\u00e9 \u00e9cart\u00e9e par le gouvernement d\u00e9but juillet.<\/p>\n<p>La filiale du fret des chemins de fers portugais avait transport\u00e9 au total l&rsquo;an dernier 9,2 millions de tonnes de marchandises, soit une hausse de 11%. CP Carga a d\u00e9gag\u00e9 un b\u00e9n\u00e9fice net de 5,3 millions d&rsquo;euros, apr\u00e8s une perte de 22,9 millions d&rsquo;euros en 2013.<\/p>\n<p>Sa privatisation \u00ab\u00a0d\u00e9coule de l&rsquo;accord avec la tro\u00efka\u00a0\u00bb des cr\u00e9anciers du Portugal (UE-BCE-FMI) conclu en 2011, avait pr\u00e9cis\u00e9 le gouvernement lors de l&rsquo;annonce de sa d\u00e9cision en mars.<\/p>\n<p>En \u00e9change d&rsquo;une aide internationale de 78 milliards d&rsquo;euros accord\u00e9e en 2011, le Portugal a mis en oeuvre un plan de rigueur comprenant un vaste programme de privatisations qui a d\u00e9j\u00e0 rapport\u00e9 plus de 9 milliards d&rsquo;euros, d\u00e9passant l&rsquo;objectif initial qui \u00e9tait de 5,5 milliards d&rsquo;euros.  <\/p>\n<p>Cherchant \u00e0 boucler l&rsquo;essentiel de ce programme avant la fin de son mandat, le gouvernement de centre droit avait ainsi c\u00e9d\u00e9 en juin 61% de la compagnie a\u00e9rienne TAP Portugal \u00e0 l&rsquo;homme d&rsquo;affaires am\u00e9ricano-br\u00e9silien David Neeleman, fondateur de la compagnie br\u00e9silienne Azul.<\/p>\n<p>En revanche, le gouvernement a renonc\u00e9 jeudi \u00e0 la privatisation de la soci\u00e9t\u00e9 Emef, qui assure l&rsquo;entretien du mat\u00e9riel roulant des chemins de fer du Portugal, pour laquelle la candidature du groupe industriel fran\u00e7ais Alstom avait \u00e9t\u00e9 retenue. (AFP)<\/p>\n","protected":false},"excerpt":{"rendered":"<p>Le gouvernement portugais a d\u00e9sign\u00e9 l&rsquo;op\u00e9rateur ferroviaire MSC Rail, filiale de l&rsquo;armateur italien MSC, comme vainqueur de l&rsquo;appel d&rsquo;offres pour la privatisation de 100% de la filiale du fret des chemins de fers portugais, CP Carga. \u00ab\u00a0L&rsquo;offre de MSC a \u00e9t\u00e9 la meilleure\u00a0\u00bb en termes de projet strat\u00e9gique et de prix, a d\u00e9clar\u00e9 le secr\u00e9taire [&hellip;]<\/p>\n","protected":false},"author":1,"featured_media":0,"comment_status":"open","ping_status":"closed","sticky":false,"template":"","format":"standard","meta":{"footnotes":""},"categories":[3],"tags":[202],"class_list":["post-1877","post","type-post","status-publish","format-standard","hentry","category-portugal","tag-fret-ferroviaire"],"aioseo_notices":[],"_links":{"self":[{"href":"https:\/\/www.culturalusa.com\/news\/wp-json\/wp\/v2\/posts\/1877","targetHints":{"allow":["GET"]}}],"collection":[{"href":"https:\/\/www.culturalusa.com\/news\/wp-json\/wp\/v2\/posts"}],"about":[{"href":"https:\/\/www.culturalusa.com\/news\/wp-json\/wp\/v2\/types\/post"}],"author":[{"embeddable":true,"href":"https:\/\/www.culturalusa.com\/news\/wp-json\/wp\/v2\/users\/1"}],"replies":[{"embeddable":true,"href":"https:\/\/www.culturalusa.com\/news\/wp-json\/wp\/v2\/comments?post=1877"}],"version-history":[{"count":0,"href":"https:\/\/www.culturalusa.com\/news\/wp-json\/wp\/v2\/posts\/1877\/revisions"}],"wp:attachment":[{"href":"https:\/\/www.culturalusa.com\/news\/wp-json\/wp\/v2\/media?parent=1877"}],"wp:term":[{"taxonomy":"category","embeddable":true,"href":"https:\/\/www.culturalusa.com\/news\/wp-json\/wp\/v2\/categories?post=1877"},{"taxonomy":"post_tag","embeddable":true,"href":"https:\/\/www.culturalusa.com\/news\/wp-json\/wp\/v2\/tags?post=1877"}],"curies":[{"name":"wp","href":"https:\/\/api.w.org\/{rel}","templated":true}]}}