{"id":1910,"date":"2015-08-25T14:34:04","date_gmt":"2015-08-25T12:34:04","guid":{"rendered":"http:\/\/www.culturalusa.com\/news\/?p=1910"},"modified":"2025-08-16T15:18:26","modified_gmt":"2025-08-16T13:18:26","slug":"les-nombreux-incendies-cet-ete-au-portugal-ont-mobilise-plus-de-80000-pompiers","status":"publish","type":"post","link":"https:\/\/www.culturalusa.com\/news\/portugal\/les-nombreux-incendies-cet-ete-au-portugal-ont-mobilise-plus-de-80000-pompiers\/","title":{"rendered":"Les nombreux incendies cet \u00e9t\u00e9 au Portugal ont mobilis\u00e9 plus de 80000 pompiers"},"content":{"rendered":"<h2>Video &#8211; La s\u00e8cheresse a touch\u00e9 pr\u00e8s de 80% du territoire portugais. Les nombreux incendies cet \u00e9t\u00e9 ont mobilis\u00e9 plus de 80&rsquo;000 pompiers.<\/h2>\n<p>Un homme a \u00e9t\u00e9 tu\u00e9 dans un incendie qui s\u00e9vit dans le district de Guarda, dans le Centre Est du Portugal, ont indiqu\u00e9 les services de la protection civile, alors que les feux mobilisaient pr\u00e8s de 800 pompiers dans tout le pays.<\/p>\n<p>Cet incendie, qui s&rsquo;est d\u00e9clench\u00e9 dans la nuit de vendredi \u00e0 samedi, mobilisait encore pr\u00e8s de 400 hommes et plus de 120 v\u00e9hicules.<\/p>\n<p>La situation est encore tr\u00e8s compliqu\u00e9e, notamment en raison d&rsquo;un vent soutenu, ont pr\u00e9cis\u00e9 les services de secours, ajoutant qu&rsquo;il y avait eu quelques situations de panique, mais pas de d\u00e9g\u00e2ts mat\u00e9riels.<\/p>\n<p>Apr\u00e8s avoir \u00e9t\u00e9 relativement \u00e9pargn\u00e9 en 2014, le Portugal conna\u00eet cette ann\u00e9e une s\u00e9cheresse s\u00e9v\u00e8re, qui touche 80% de son territoire et favorise de nombreux d\u00e9parts de feu.<\/p>\n<p>Depuis le d\u00e9but du mois d&rsquo;ao\u00fbt, les pompiers portugais sont intervenus sur pr\u00e8s de 3.500 d\u00e9parts de feux, mobilisant en tout pratiquement 80.000 hommes.<\/p>\n<p>Pr\u00e8s de 80% du territoire portugais est actuellement touch\u00e9 par une s\u00e9cheresse s\u00e9v\u00e8re, qui favorise les incendies. Depuis le d\u00e9but du mois d&rsquo;ao\u00fbt, plus de 80&rsquo;000 pompiers sont intervenus sur 3500 d\u00e9parts de feux.<\/p>\n","protected":false},"excerpt":{"rendered":"<p>Video &#8211; La s\u00e8cheresse a touch\u00e9 pr\u00e8s de 80% du territoire portugais. Les nombreux incendies cet \u00e9t\u00e9 ont mobilis\u00e9 plus de 80&rsquo;000 pompiers. Un homme a \u00e9t\u00e9 tu\u00e9 dans un incendie qui s\u00e9vit dans le district de Guarda, dans le Centre Est du Portugal, ont indiqu\u00e9 les services de la protection civile, alors que les [&hellip;]<\/p>\n","protected":false},"author":1,"featured_media":1911,"comment_status":"open","ping_status":"closed","sticky":false,"template":"","format":"standard","meta":{"footnotes":""},"categories":[3],"tags":[326,325,327],"class_list":["post-1910","post","type-post","status-publish","format-standard","has-post-thumbnail","hentry","category-portugal","tag-incendies","tag-incendies-au-portugal","tag-pompiers"],"aioseo_notices":[],"_links":{"self":[{"href":"https:\/\/www.culturalusa.com\/news\/wp-json\/wp\/v2\/posts\/1910","targetHints":{"allow":["GET"]}}],"collection":[{"href":"https:\/\/www.culturalusa.com\/news\/wp-json\/wp\/v2\/posts"}],"about":[{"href":"https:\/\/www.culturalusa.com\/news\/wp-json\/wp\/v2\/types\/post"}],"author":[{"embeddable":true,"href":"https:\/\/www.culturalusa.com\/news\/wp-json\/wp\/v2\/users\/1"}],"replies":[{"embeddable":true,"href":"https:\/\/www.culturalusa.com\/news\/wp-json\/wp\/v2\/comments?post=1910"}],"version-history":[{"count":2,"href":"https:\/\/www.culturalusa.com\/news\/wp-json\/wp\/v2\/posts\/1910\/revisions"}],"predecessor-version":[{"id":13664,"href":"https:\/\/www.culturalusa.com\/news\/wp-json\/wp\/v2\/posts\/1910\/revisions\/13664"}],"wp:featuredmedia":[{"embeddable":true,"href":"https:\/\/www.culturalusa.com\/news\/wp-json\/wp\/v2\/media\/1911"}],"wp:attachment":[{"href":"https:\/\/www.culturalusa.com\/news\/wp-json\/wp\/v2\/media?parent=1910"}],"wp:term":[{"taxonomy":"category","embeddable":true,"href":"https:\/\/www.culturalusa.com\/news\/wp-json\/wp\/v2\/categories?post=1910"},{"taxonomy":"post_tag","embeddable":true,"href":"https:\/\/www.culturalusa.com\/news\/wp-json\/wp\/v2\/tags?post=1910"}],"curies":[{"name":"wp","href":"https:\/\/api.w.org\/{rel}","templated":true}]}}