{"id":1914,"date":"2015-08-29T02:25:32","date_gmt":"2015-08-29T00:25:32","guid":{"rendered":"http:\/\/www.culturalusa.com\/news\/?p=1914"},"modified":"2021-01-06T21:32:13","modified_gmt":"2021-01-06T20:32:13","slug":"wikileaks-representants-de-la-suede-et-de-lequateur-vont-se-pencher-sur-le-cas-assange","status":"publish","type":"post","link":"https:\/\/www.culturalusa.com\/news\/actualite\/wikileaks-representants-de-la-suede-et-de-lequateur-vont-se-pencher-sur-le-cas-assange\/","title":{"rendered":"WikiLeaks : repr\u00e9sentants de la Su\u00e8de et de l&rsquo;\u00c9quateur vont se pencher sur le cas Assange"},"content":{"rendered":"<p>Des repr\u00e9sentants su\u00e9dois vont rencontrer lundi \u00e0 Stockholm des officiels \u00e9quatoriens pour rechercher un accord permettant \u00e0 la justice su\u00e9doise d&rsquo;interroger le fondateur de WikiLeaks Julian Assange, vis\u00e9 par une plainte pour viol et reclus depuis plus de trois ans dans l&rsquo;ambassade d&rsquo;Equateur \u00e0 Londres, a-t-on appris vendredi.<\/p>\n<p>\u00ab\u00a0C&rsquo;est la premi\u00e8re fois que nous allons nous rencontrer et nous allons discuter d&rsquo;un accord g\u00e9n\u00e9ral de coop\u00e9ration judiciaire entre les deux pays\u00a0\u00bb, a expliqu\u00e9 \u00e0 l&rsquo;AFP la responsable des n\u00e9gociations, Cecilia Riddselius.<\/p>\n<p>Des repr\u00e9sentants su\u00e9dois vont rencontrer lundi \u00e0 Stockholm des officiels \u00e9quatoriens pour rechercher un accord permettant \u00e0 la justice su\u00e9doise d&rsquo;interroger le fondateur de WikiLeaks, Julian Assange, vis\u00e9 en Su\u00e8de par une plainte pour viol et reclus depuis plus de trois ans dans l&rsquo;ambassade d&rsquo;\u00c9quateur \u00e0 Londres, a-t-on appris vendredi.<\/p>\n<p>\u00ab\u00a0C&rsquo;est la premi\u00e8re fois que nous allons nous rencontrer et nous allons discuter d&rsquo;un accord g\u00e9n\u00e9ral de coop\u00e9ration judiciaire entre les deux pays\u00a0\u00bb, a expliqu\u00e9 \u00e0 l&rsquo;AFP, la responsable des n\u00e9gociations, Cecilia Riddselius.<\/p>\n<p>Il ne s&rsquo;agit pas pour la Su\u00e8de d&rsquo;un accord portant exclusivement sur le cas de M. Assange, impossible selon la l\u00e9gislation su\u00e9doise, mais de permettre la coop\u00e9ration entre les deux pays pour faire avancer les enqu\u00eates judiciaires, a-t-elle pr\u00e9cis\u00e9.<\/p>\n<p>La Su\u00e8de compte qu&rsquo;un tel accord, dont elle n&rsquo;attend pas la signature d\u00e8s lundi, permette l&rsquo;audition de M. Assange, accus\u00e9 de viol par une Su\u00e9doise depuis 2010.<\/p>\n<p>L&rsquo;Australien de 44 ans \u00e9tait jusqu&rsquo;\u00e0 la mi-ao\u00fbt \u00e9galement accus\u00e9 d&rsquo;agression sexuelle, mais il a \u00e9t\u00e9 lib\u00e9r\u00e9 de cette accusation car le d\u00e9lai de prescription de cinq ans s&rsquo;est \u00e9coul\u00e9 depuis les faits.<\/p>\n<p>Vis\u00e9 par un mandat d&rsquo;arr\u00eat europ\u00e9en, il refuse de se rendre en Su\u00e8de de peur d&rsquo;\u00eatre extrad\u00e9 vers les \u00c9tats-Unis, o\u00f9 il pourrait se voir reprocher la publication par Wikileaks en 2010 de 500.000 documents class\u00e9s secret d\u00e9fense sur l&rsquo;Irak et l&rsquo;Afghanistan et 250.000 communications diplomatiques.<\/p>\n<p>Apr\u00e8s l&rsquo;avoir longtemps refus\u00e9, le Parquet su\u00e9dois a accept\u00e9 au printemps d&rsquo;aller l&rsquo;interroger \u00e0 Londres dans l&rsquo;ambassade d&rsquo;\u00c9quateur qui lui a accord\u00e9 l&rsquo;asile en 2012.<\/p>\n<p>Depuis, la justice su\u00e9doise s&rsquo;est heurt\u00e9e au refus de Quito de lui ouvrir les portes de son ambassade, qui subordonne cette audition \u00e0 la signature d&rsquo;un accord bilat\u00e9ral.<\/p>\n<p>Les discussions seront men\u00e9es c\u00f4t\u00e9 su\u00e9dois par la secr\u00e9taire d&rsquo;Etat Ann Linde, bras droit du ministre de l&rsquo;Int\u00e9rieur, et du c\u00f4t\u00e9 \u00e9quatorien par F\u00e9rnando Yepez Lasso.<\/p>\n","protected":false},"excerpt":{"rendered":"<p>Des repr\u00e9sentants su\u00e9dois vont rencontrer lundi \u00e0 Stockholm des officiels \u00e9quatoriens pour rechercher un accord permettant \u00e0 la justice su\u00e9doise d&rsquo;interroger le fondateur de WikiLeaks Julian Assange, vis\u00e9 par une plainte pour viol et reclus depuis plus de trois ans dans l&rsquo;ambassade d&rsquo;Equateur \u00e0 Londres, a-t-on appris vendredi. \u00ab\u00a0C&rsquo;est la premi\u00e8re fois que nous allons [&hellip;]<\/p>\n","protected":false},"author":1,"featured_media":6708,"comment_status":"open","ping_status":"closed","sticky":false,"template":"","format":"standard","meta":{"footnotes":""},"categories":[30],"tags":[329,328],"class_list":["post-1914","post","type-post","status-publish","format-standard","has-post-thumbnail","hentry","category-actualite","tag-julian-assange","tag-wikileaks"],"aioseo_notices":[],"_links":{"self":[{"href":"https:\/\/www.culturalusa.com\/news\/wp-json\/wp\/v2\/posts\/1914","targetHints":{"allow":["GET"]}}],"collection":[{"href":"https:\/\/www.culturalusa.com\/news\/wp-json\/wp\/v2\/posts"}],"about":[{"href":"https:\/\/www.culturalusa.com\/news\/wp-json\/wp\/v2\/types\/post"}],"author":[{"embeddable":true,"href":"https:\/\/www.culturalusa.com\/news\/wp-json\/wp\/v2\/users\/1"}],"replies":[{"embeddable":true,"href":"https:\/\/www.culturalusa.com\/news\/wp-json\/wp\/v2\/comments?post=1914"}],"version-history":[{"count":0,"href":"https:\/\/www.culturalusa.com\/news\/wp-json\/wp\/v2\/posts\/1914\/revisions"}],"wp:featuredmedia":[{"embeddable":true,"href":"https:\/\/www.culturalusa.com\/news\/wp-json\/wp\/v2\/media\/6708"}],"wp:attachment":[{"href":"https:\/\/www.culturalusa.com\/news\/wp-json\/wp\/v2\/media?parent=1914"}],"wp:term":[{"taxonomy":"category","embeddable":true,"href":"https:\/\/www.culturalusa.com\/news\/wp-json\/wp\/v2\/categories?post=1914"},{"taxonomy":"post_tag","embeddable":true,"href":"https:\/\/www.culturalusa.com\/news\/wp-json\/wp\/v2\/tags?post=1914"}],"curies":[{"name":"wp","href":"https:\/\/api.w.org\/{rel}","templated":true}]}}