{"id":1920,"date":"2015-09-02T11:35:46","date_gmt":"2015-09-02T09:35:46","guid":{"rendered":"http:\/\/www.culturalusa.com\/news\/?p=1920"},"modified":"2015-09-02T11:35:46","modified_gmt":"2015-09-02T09:35:46","slug":"schengen-4300-migrants-ont-debarque-au-piree-en-grece","status":"publish","type":"post","link":"https:\/\/www.culturalusa.com\/news\/actualite\/schengen-4300-migrants-ont-debarque-au-piree-en-grece\/","title":{"rendered":"Schengen : 4300 migrants ont d\u00e9barqu\u00e9 au Pir\u00e9e en Gr\u00e8ce"},"content":{"rendered":"<p><img loading=\"lazy\" decoding=\"async\" src=\"http:\/\/www.culturalusa.com\/news\/wp-content\/uploads\/2015\/09\/migrants-grece.jpg\" alt=\"Migrants Gr\u00e8ce\" width=\"467\" height=\"264\" class=\"aligncenter size-full wp-image-1921\" srcset=\"https:\/\/www.culturalusa.com\/news\/wp-content\/uploads\/2015\/09\/migrants-grece.jpg 467w, https:\/\/www.culturalusa.com\/news\/wp-content\/uploads\/2015\/09\/migrants-grece-275x155.jpg 275w\" sizes=\"auto, (max-width: 467px) 100vw, 467px\" \/>Angela Merkel a estim\u00e9 que l\u2019espace Schengen sera certainement remis en cause si l\u2019Union europ\u00e9enne n\u2019est pas en mesure de s\u2019entendre sur un \u00e9quilibre concernant la r\u00e9partition juste des migrants. Une r\u00e9union des ministres de l\u2019Int\u00e9rieur des Vingt-Huit est pr\u00e9vue le 14 septembre pour essayer de trouver une solution aux probl\u00e8mes des r\u00e9fugi\u00e9s.<\/p>\n<p>Environ 4.300 migrants, dont beaucoup de r\u00e9fugi\u00e9s syriens, ont d\u00e9barqu\u00e9 mardi soir et mercredi matin au Pir\u00e9e en Gr\u00e8ce, transport\u00e9s de l&rsquo;\u00eele de Lesbos par les autorit\u00e9s grecques, qui demandent une aide de l&rsquo;Union europ\u00e9enne pour faire face \u00e0 cet afflux, a indiqu\u00e9 la police portuaire.<\/p>\n<p>Les arrivants, quelque 1.800 d\u00e9barqu\u00e9s mardi soir et 2.500 arriv\u00e9s mercredi \u00e0 l&rsquo;aube, ont \u00e9t\u00e9 achemin\u00e9s dans une gare proche, selon la m\u00eame source.<\/p>\n<p>Pour la plupart, il ne s&rsquo;agira que d&rsquo;une pause avant de continuer leur p\u00e9riple vers le nord de l&rsquo;Europe, notamment en empruntant la route des Balkans, une odyss\u00e9e qui confronte l&rsquo;Union europ\u00e9enne \u00e0 une crise migratoire in\u00e9dite.<\/p>\n<p>Les autorit\u00e9s grecques ont organis\u00e9 ce transfert \u00e0 bord de deux bateaux sp\u00e9cialement affr\u00e9t\u00e9s pour soulager Lesbos, en mer Eg\u00e9e orientale. L&rsquo;\u00eele est devenue ces derniers mois l&rsquo;une des principales portes d&rsquo;entr\u00e9e en Europe pour r\u00e9fugi\u00e9s et migrants de par sa proximit\u00e9 avec la Turquie, plaque tournante des exodes et flux migratoires.<\/p>\n<p>Le gouvernement grec ne cesse de souligner qu&rsquo;il n&rsquo;est pas en mesure de faire face \u00e0 l&rsquo;ampleur de cet afflux, r\u00e9clamant une r\u00e9ponse europ\u00e9enne coordonn\u00e9e et plus de moyens.<\/p>\n<p>Apr\u00e8s une r\u00e9union interminist\u00e9rielle mercredi matin, le dossier doit \u00eatre au centre d&rsquo;entretiens pr\u00e9vus jeudi \u00e0 Ath\u00e8nes entre les responsables grecs et le vice-pr\u00e9sident de la Commission europ\u00e9enne, Frans Timmermans, attendu avec le commissaire europ\u00e9en aux questions migratoires, le grec Dimitris Avramopoulos.<\/p>\n","protected":false},"excerpt":{"rendered":"<p>Angela Merkel a estim\u00e9 que l\u2019espace Schengen sera certainement remis en cause si l\u2019Union europ\u00e9enne n\u2019est pas en mesure de s\u2019entendre sur un \u00e9quilibre concernant la r\u00e9partition juste des migrants. Une r\u00e9union des ministres de l\u2019Int\u00e9rieur des Vingt-Huit est pr\u00e9vue le 14 septembre pour essayer de trouver une solution aux probl\u00e8mes des r\u00e9fugi\u00e9s. Environ 4.300 [&hellip;]<\/p>\n","protected":false},"author":1,"featured_media":0,"comment_status":"open","ping_status":"closed","sticky":false,"template":"","format":"standard","meta":{"footnotes":""},"categories":[30],"tags":[244,331],"class_list":["post-1920","post","type-post","status-publish","format-standard","hentry","category-actualite","tag-migrants","tag-schengen"],"aioseo_notices":[],"_links":{"self":[{"href":"https:\/\/www.culturalusa.com\/news\/wp-json\/wp\/v2\/posts\/1920","targetHints":{"allow":["GET"]}}],"collection":[{"href":"https:\/\/www.culturalusa.com\/news\/wp-json\/wp\/v2\/posts"}],"about":[{"href":"https:\/\/www.culturalusa.com\/news\/wp-json\/wp\/v2\/types\/post"}],"author":[{"embeddable":true,"href":"https:\/\/www.culturalusa.com\/news\/wp-json\/wp\/v2\/users\/1"}],"replies":[{"embeddable":true,"href":"https:\/\/www.culturalusa.com\/news\/wp-json\/wp\/v2\/comments?post=1920"}],"version-history":[{"count":0,"href":"https:\/\/www.culturalusa.com\/news\/wp-json\/wp\/v2\/posts\/1920\/revisions"}],"wp:attachment":[{"href":"https:\/\/www.culturalusa.com\/news\/wp-json\/wp\/v2\/media?parent=1920"}],"wp:term":[{"taxonomy":"category","embeddable":true,"href":"https:\/\/www.culturalusa.com\/news\/wp-json\/wp\/v2\/categories?post=1920"},{"taxonomy":"post_tag","embeddable":true,"href":"https:\/\/www.culturalusa.com\/news\/wp-json\/wp\/v2\/tags?post=1920"}],"curies":[{"name":"wp","href":"https:\/\/api.w.org\/{rel}","templated":true}]}}