{"id":1924,"date":"2015-09-07T12:32:16","date_gmt":"2015-09-07T10:32:16","guid":{"rendered":"http:\/\/www.culturalusa.com\/news\/?p=1924"},"modified":"2015-09-07T12:32:16","modified_gmt":"2015-09-07T10:32:16","slug":"la-france-va-accueillir-24-000-migrants-et-propose-une-conference-internationale","status":"publish","type":"post","link":"https:\/\/www.culturalusa.com\/news\/actualite\/la-france-va-accueillir-24-000-migrants-et-propose-une-conference-internationale\/","title":{"rendered":"La France va accueillir 24.000 migrants et propose une conf\u00e9rence internationale"},"content":{"rendered":"<figure id=\"attachment_558\" aria-describedby=\"caption-attachment-558\" style=\"width: 450px\" class=\"wp-caption aligncenter\"><img loading=\"lazy\" decoding=\"async\" src=\"http:\/\/www.culturalusa.com\/news\/wp-content\/uploads\/2012\/05\/Hollande-Merkel.jpg\" alt=\"Hollande - Merkel\" width=\"450\" height=\"262\" class=\"size-full wp-image-558\" srcset=\"https:\/\/www.culturalusa.com\/news\/wp-content\/uploads\/2012\/05\/Hollande-Merkel.jpg 450w, https:\/\/www.culturalusa.com\/news\/wp-content\/uploads\/2012\/05\/Hollande-Merkel-275x160.jpg 275w\" sizes=\"auto, (max-width: 450px) 100vw, 450px\" \/><figcaption id=\"caption-attachment-558\" class=\"wp-caption-text\">Hollande &#8211; Merkel<\/figcaption><\/figure>La France va accueillir 24.000 r\u00e9fugi\u00e9s sur les deux prochaines ann\u00e9es, a annonc\u00e9 lundi le pr\u00e9sident Fran\u00e7ois Hollande, en proposant d&rsquo;organiser \u00e0 Paris une conf\u00e9rence internationale sur la crise engendr\u00e9e par l&rsquo;afflux de migrants dans l&rsquo;Union europ\u00e9enne.<\/p>\n<p>La Commission europ\u00e9enne va proposer de r\u00e9partir 120.000 r\u00e9fugi\u00e9s (entre les pays de l&rsquo;UE) sur les deux prochaines ann\u00e9es, ce qui repr\u00e9sentera pour la France 24.000 personnes. Nous le ferons, a d\u00e9clar\u00e9 M. Hollande lors d&rsquo;une conf\u00e9rence de presse.<\/p>\n<p>C&rsquo;est le devoir de la France, a justifi\u00e9 le chef de l&rsquo;Etat en invoquant l&rsquo;histoire du pays, marqu\u00e9e par des g\u00e9n\u00e9rations de r\u00e9fugi\u00e9s, d&rsquo;exil\u00e9s qui sont venus participer \u00e0 sa construction.<\/p>\n<p>Le droit d&rsquo;asile, c&rsquo;est un principe fondamental de nos institutions, ce principe a m\u00eame \u00e9t\u00e9 int\u00e9gr\u00e9 dans notre Constitution, a-t-il soulign\u00e9, alors que l&rsquo;opinion fran\u00e7aise est majoritairement oppos\u00e9e \u00e0 l&rsquo;accueil de nouveaux migrants ou r\u00e9fugi\u00e9s selon les enqu\u00eates d&rsquo;opinion.<\/p>\n<p>Le pr\u00e9sident fran\u00e7ais a d\u00e9fendu sa proposition commune, avec la chanceli\u00e8re allemande Angela Merkel, d&rsquo;un m\u00e9canisme obligatoire de r\u00e9partition des demandeurs d&rsquo;asile entre les pays de l&rsquo;UE, tout en soulignant la n\u00e9cessit\u00e9 d&rsquo;aller plus loin.<\/p>\n<p>Sans politique d&rsquo;ensemble, le m\u00e9canisme de r\u00e9partition explosera et ce sera la fin de Schengen, a-t-il mis en garde.<\/p>\n<p>Il a \u00e9galement critiqu\u00e9 implicitement la Hongrie, pour la construction d&rsquo;une cl\u00f4ture \u00e0 sa fronti\u00e8re avec la Serbie pour emp\u00eacher l&rsquo;entr\u00e9e de migrants, et les autres pays d&rsquo;Europe centrale oppos\u00e9s \u00e0 leur accueil.<\/p>\n<p>Il y a des pays qui voudraient faire des crit\u00e8res ethniques, qui voudraient accueillir certains et pas d&rsquo;autres, au nom de religions. Il y a des pays qui voudraient b\u00e2tir des murs et ne pas prendre un seul r\u00e9fugi\u00e9, a d\u00e9nonc\u00e9 M. Hollande.<\/p>\n<p>Qu&rsquo;est-ce que ces pays auraient pens\u00e9 il y a trente ans si, au moment de la chute du Mur de Berlin, nous avions dit: +Non, pas tout de suite, pas comme \u00e7a, ne venez pas, prenez votre temps, restez l\u00e0 o\u00f9 vous \u00eates+?.<\/p>\n<p>Pour \u00e9viter une crise humanitaire gigantesque, nous devons aussi agir avec les pays d&rsquo;origine et de transit, a plaid\u00e9 Fran\u00e7ois Hollande, en se pronon\u00e7ant notamment pour l&rsquo;\u00e9tablissement sur place de centres d&rsquo;identification et d&rsquo;h\u00e9bergement des migrants.<\/p>\n<p>Il y a ce qu&rsquo;il se passe de l&rsquo;autre c\u00f4t\u00e9 de la M\u00e9diterran\u00e9e. Si nous n&rsquo;agissons pas pour qu&rsquo;il y ait des centres (&#8230;.) qui puissent retenir, accueillir ces populations au plus pr\u00e8s de leur pays d&rsquo;origine, alors nous serons face non plus \u00e0 une crise de d\u00e9plac\u00e9s mais \u00e0 une crise humanitaire gigantesque, qui ne sera plus sur des milliers mais sur des centaines de milliers de personnes.<\/p>\n<p>Il faut sans doute encore \u00e9lever le niveau de la responsabilit\u00e9&#8230; Nous ferons la proposition d&rsquo;une conf\u00e9rence internationale sur les r\u00e9fugi\u00e9s et nous serons pr\u00eats \u00e0 l&rsquo;accueillir, a ajout\u00e9 le pr\u00e9sident fran\u00e7ais, sans avancer de date pour la tenue d&rsquo;une telle r\u00e9union. (AFP)<\/p>\n","protected":false},"excerpt":{"rendered":"<p>La France va accueillir 24.000 r\u00e9fugi\u00e9s sur les deux prochaines ann\u00e9es, a annonc\u00e9 lundi le pr\u00e9sident Fran\u00e7ois Hollande, en proposant d&rsquo;organiser \u00e0 Paris une conf\u00e9rence internationale sur la crise engendr\u00e9e par l&rsquo;afflux de migrants dans l&rsquo;Union europ\u00e9enne. La Commission europ\u00e9enne va proposer de r\u00e9partir 120.000 r\u00e9fugi\u00e9s (entre les pays de l&rsquo;UE) sur les deux prochaines [&hellip;]<\/p>\n","protected":false},"author":1,"featured_media":0,"comment_status":"open","ping_status":"closed","sticky":false,"template":"","format":"standard","meta":{"footnotes":""},"categories":[30],"tags":[336],"class_list":["post-1924","post","type-post","status-publish","format-standard","hentry","category-actualite","tag-24-000-migrants"],"aioseo_notices":[],"_links":{"self":[{"href":"https:\/\/www.culturalusa.com\/news\/wp-json\/wp\/v2\/posts\/1924","targetHints":{"allow":["GET"]}}],"collection":[{"href":"https:\/\/www.culturalusa.com\/news\/wp-json\/wp\/v2\/posts"}],"about":[{"href":"https:\/\/www.culturalusa.com\/news\/wp-json\/wp\/v2\/types\/post"}],"author":[{"embeddable":true,"href":"https:\/\/www.culturalusa.com\/news\/wp-json\/wp\/v2\/users\/1"}],"replies":[{"embeddable":true,"href":"https:\/\/www.culturalusa.com\/news\/wp-json\/wp\/v2\/comments?post=1924"}],"version-history":[{"count":0,"href":"https:\/\/www.culturalusa.com\/news\/wp-json\/wp\/v2\/posts\/1924\/revisions"}],"wp:attachment":[{"href":"https:\/\/www.culturalusa.com\/news\/wp-json\/wp\/v2\/media?parent=1924"}],"wp:term":[{"taxonomy":"category","embeddable":true,"href":"https:\/\/www.culturalusa.com\/news\/wp-json\/wp\/v2\/categories?post=1924"},{"taxonomy":"post_tag","embeddable":true,"href":"https:\/\/www.culturalusa.com\/news\/wp-json\/wp\/v2\/tags?post=1924"}],"curies":[{"name":"wp","href":"https:\/\/api.w.org\/{rel}","templated":true}]}}