{"id":1926,"date":"2015-09-07T12:47:54","date_gmt":"2015-09-07T10:47:54","guid":{"rendered":"http:\/\/www.culturalusa.com\/news\/?p=1926"},"modified":"2025-07-03T19:25:27","modified_gmt":"2025-07-03T17:25:27","slug":"jose-socrates-lancien-premier-ministre-portugais-sort-de-prison","status":"publish","type":"post","link":"https:\/\/www.culturalusa.com\/news\/portugal\/jose-socrates-lancien-premier-ministre-portugais-sort-de-prison\/","title":{"rendered":"Jos\u00e9 Socrates l\u2019ancien premier ministre portugais sort de prison"},"content":{"rendered":"<h2>En d\u00e9tention provisoire depuis novembre 2014 dans le cadre d\u2019une enqu\u00eate pour corruption et blanchiment d\u2019argent, l\u2019ancien premier ministre portugais Jos\u00e9 Socrates a \u00e9t\u00e9 autoris\u00e9 \u00e0 sortir de prison, a annonc\u00e9 le parquet g\u00e9n\u00e9ral. Sur d\u00e9cision du tribunal d\u2019instruction, il sera \u00ab\u00a0assign\u00e9 \u00e0 r\u00e9sidence sans obligation de port d\u2019un bracelet \u00e9lectronique\u00a0\u00bb.<\/h2>\n<blockquote><p>Chef du gouvernement de 2005 \u00e0 2011, il avait \u00e9t\u00e9 arr\u00eat\u00e9 le 21 novembre, puis inculp\u00e9 trois jours plus tard pour corruption, blanchiment d\u2019argent et fraude fiscale aggrav\u00e9e.<\/p><\/blockquote>\n<p>Il \u00e9tait depuis plac\u00e9 en d\u00e9tention provisoire \u00e0 la prison d\u2019Evora, dans le sud-est du pays.<\/p>\n<p>La justice avait d\u00e9j\u00e0 rejet\u00e9 de nombreuses demandes de lib\u00e9ration de l\u2019ancien chef de l\u2019ex\u00e9cutif, \u00e2g\u00e9 de 57 ans. Mais, en juin, l\u2019ancien dirigeant socialiste, qui a toujours clam\u00e9 son innocence, se d\u00e9clarant \u00ab\u00a0prisonnier politique\u00a0\u00bb, avait refus\u00e9 une proposition du minist\u00e8re public de l\u2019assigner \u00e0 r\u00e9sidence sous surveillance \u00e9lectronique.<\/p>\n<p>Affaire encombrante pour le PS<br \/>\nPlusieurs autres personnes, dont l\u2019entrepreneur Carlos Santos Silva et l\u2019ancien ministre socialiste Armando Vara, ont \u00e9t\u00e9 inculp\u00e9s dans le cadre de cette affaire de corruption, tr\u00e8s encombrante pour le PS \u00e0 l\u2019approche des \u00e9lections l\u00e9gislatives, pr\u00e9vues pour le 4 octobre.<\/p>\n<p>M. Santos Silva, son homme de paille pr\u00e9sum\u00e9, avait \u00e9t\u00e9 assign\u00e9 \u00e0 r\u00e9sidence sous surveillance \u00e9lectronique en mai, apr\u00e8s avoir pass\u00e9 six mois en d\u00e9tention provisoire.<\/p>\n<p>Selon la presse portugaise, la justice soup\u00e7onne l\u2019entrepreneur d\u2019avoir re\u00e7u des sommes importantes pour le compte de Jos\u00e9 Socrates, en contrepartie d\u2019un traitement de faveur accord\u00e9 au groupe de construction Lena, durant le mandat du premier ministre. (AFP)<\/p>\n","protected":false},"excerpt":{"rendered":"<p>En d\u00e9tention provisoire depuis novembre 2014 dans le cadre d\u2019une enqu\u00eate pour corruption et blanchiment d\u2019argent, l\u2019ancien premier ministre portugais Jos\u00e9 Socrates a \u00e9t\u00e9 autoris\u00e9 \u00e0 sortir de prison, a annonc\u00e9 le parquet g\u00e9n\u00e9ral. Sur d\u00e9cision du tribunal d\u2019instruction, il sera \u00ab\u00a0assign\u00e9 \u00e0 r\u00e9sidence sans obligation de port d\u2019un bracelet \u00e9lectronique\u00a0\u00bb. Chef du gouvernement de [&hellip;]<\/p>\n","protected":false},"author":1,"featured_media":993,"comment_status":"open","ping_status":"closed","sticky":false,"template":"","format":"standard","meta":{"footnotes":""},"categories":[3],"tags":[2812,117],"class_list":["post-1926","post","type-post","status-publish","format-standard","has-post-thumbnail","hentry","category-portugal","tag-corruption-au-portugal","tag-jose-socrates"],"aioseo_notices":[],"_links":{"self":[{"href":"https:\/\/www.culturalusa.com\/news\/wp-json\/wp\/v2\/posts\/1926","targetHints":{"allow":["GET"]}}],"collection":[{"href":"https:\/\/www.culturalusa.com\/news\/wp-json\/wp\/v2\/posts"}],"about":[{"href":"https:\/\/www.culturalusa.com\/news\/wp-json\/wp\/v2\/types\/post"}],"author":[{"embeddable":true,"href":"https:\/\/www.culturalusa.com\/news\/wp-json\/wp\/v2\/users\/1"}],"replies":[{"embeddable":true,"href":"https:\/\/www.culturalusa.com\/news\/wp-json\/wp\/v2\/comments?post=1926"}],"version-history":[{"count":2,"href":"https:\/\/www.culturalusa.com\/news\/wp-json\/wp\/v2\/posts\/1926\/revisions"}],"predecessor-version":[{"id":13508,"href":"https:\/\/www.culturalusa.com\/news\/wp-json\/wp\/v2\/posts\/1926\/revisions\/13508"}],"wp:featuredmedia":[{"embeddable":true,"href":"https:\/\/www.culturalusa.com\/news\/wp-json\/wp\/v2\/media\/993"}],"wp:attachment":[{"href":"https:\/\/www.culturalusa.com\/news\/wp-json\/wp\/v2\/media?parent=1926"}],"wp:term":[{"taxonomy":"category","embeddable":true,"href":"https:\/\/www.culturalusa.com\/news\/wp-json\/wp\/v2\/categories?post=1926"},{"taxonomy":"post_tag","embeddable":true,"href":"https:\/\/www.culturalusa.com\/news\/wp-json\/wp\/v2\/tags?post=1926"}],"curies":[{"name":"wp","href":"https:\/\/api.w.org\/{rel}","templated":true}]}}