{"id":1932,"date":"2015-09-14T11:13:18","date_gmt":"2015-09-14T09:13:18","guid":{"rendered":"http:\/\/www.culturalusa.com\/news\/?p=1932"},"modified":"2015-09-14T11:48:34","modified_gmt":"2015-09-14T09:48:34","slug":"migrants-lue-va-recourir-a-la-force-militaire-contre-les-passeurs","status":"publish","type":"post","link":"https:\/\/www.culturalusa.com\/news\/economie\/migrants-lue-va-recourir-a-la-force-militaire-contre-les-passeurs\/","title":{"rendered":"Migrants : l&rsquo;UE va recourir \u00e0 la force militaire contre les passeurs"},"content":{"rendered":"<p><img loading=\"lazy\" decoding=\"async\" src=\"http:\/\/www.culturalusa.com\/news\/wp-content\/uploads\/2015\/09\/refugies-munique-germany.jpg\" alt=\"refugi\u00e9s munique germany\" width=\"467\" height=\"250\" class=\"aligncenter size-full wp-image-1933\" srcset=\"https:\/\/www.culturalusa.com\/news\/wp-content\/uploads\/2015\/09\/refugies-munique-germany.jpg 467w, https:\/\/www.culturalusa.com\/news\/wp-content\/uploads\/2015\/09\/refugies-munique-germany-275x147.jpg 275w\" sizes=\"auto, (max-width: 467px) 100vw, 467px\" \/><strong>Recours \u00e0 la force militaire contre les passeurs!<\/strong><br \/>\nSelon le journal allemand Der Welt montre que <strong>plus de 70% des r\u00e9fugi\u00e9s accueillis par l&rsquo;Allemagne sont des hommes<\/strong>. Ce chiffre, inhabituel en tant de guerre, pousse la presse britannique \u00e0 se demander si des terroristes se cachent parmi eux. <\/p>\n<blockquote><p>Le journal \u00ab\u00a0Der Welt\u00a0\u00bb \u00e9tablit une classification en fonction des religions des migrants. Ce sont sans surprise les musulmans qui repr\u00e9sentent la majeur parti d&rsquo;entre eux. <\/p>\n<p>En 2014, plus de 126 000 migrants recueillis par la premi\u00e8re \u00e9conomie de la zone euro \u00e9taient musulmans. <\/p>\n<p>Cette forte repr\u00e9sentation masculine et musulmane fait na\u00eetre une inqui\u00e9tude outre-manche, notamment dans la presse britannique. La pr\u00e9sence de djihadistes, travestis en migrants, fait l&rsquo;objet d&rsquo;enqu\u00eates.<\/p><\/blockquote>\n<p>Selon des sources europ\u00e9ennes, l&rsquo;UE a d\u00e9cid\u00e9 de recourir \u00e0 la force militaire contre les passeurs de migrants en M\u00e9diterran\u00e9e. Dans le cadre de l&rsquo;op\u00e9ration EU Navfor Med les navires de guerre europ\u00e9ens sont autoris\u00e9s \u00e0 arraisonner les navires soup\u00e7onn\u00e9s de servir aux passeurs et \u00e0 proc\u00e9der \u00e0 des arrestations.<br \/>\nCette mesure devra \u00eatre effective d\u00e9but octobre.<\/p>\n<p><strong>L&rsquo;Allemagne dit \u00ab\u00a0stop\u00a0\u00bb <\/strong><\/p>\n<p>Apr\u00e8s une semaine o\u00f9 elle a laiss\u00e9 entrer toutes les personnes qui le souhaitaient, l&rsquo;Allemagne, totalement d\u00e9bord\u00e9e, a pris un virage \u00e0 180 degr\u00e9s dimanche soir en r\u00e9tablissant le contr\u00f4le \u00e0 ses fronti\u00e8res, notamment avec l&rsquo;Autriche, point d&rsquo;arriv\u00e9e principale des r\u00e9fugi\u00e9s. Le trafic ferroviaire a m\u00eame \u00e9t\u00e9 interrompu.<\/p>\n<p>Ces contr\u00f4les aux fronti\u00e8res sont en th\u00e9orie abolis puisque les deux pays appartiennent \u00e0 l&rsquo;espace Schengen, qui fonctionne comme un espace unique sans contr\u00f4le obligatoire des fronti\u00e8res internes. <\/p>\n<p>Mais les contr\u00f4les peuvent \u00eatre r\u00e9tablis \u00ab\u00a0si la situation l&rsquo;exige\u00a0\u00bb. R\u00e9sultat indirect : si les migrants ne passent plus la fronti\u00e8re, les travailleurs frontaliers doivent faire la queue avant de passer d&rsquo;un pays \u00e0 l&rsquo;autre. <\/p>\n<p>\u00ab\u00a0Les demandeurs d&rsquo;asile doivent comprendre qu&rsquo;ils ne peuvent se choisir les Etats o\u00f9 ils chercheront protection\u00a0\u00bb, a pr\u00e9venu Thomas de Maizi\u00e8re, le ministre allemand de l&rsquo;Int\u00e9rieur. <\/p>\n<p>Berlin entend donc revenir \u00e0 une stricte application des r\u00e8gles europ\u00e9ennes qui pr\u00e9voient que les demandes d&rsquo;asile doivent \u00eatre d\u00e9pos\u00e9es dans le premier pays d&rsquo;entr\u00e9e de l&rsquo;UE.<\/p>\n<p>Sur ce point Berlin a re\u00e7u le soutien de Paris, qui a appel\u00e9 au \u00ab\u00a0respect scrupuleux par chacun des pays de l&rsquo;Union europ\u00e9enne des r\u00e8gles de Schengen\u00a0\u00bb.<br \/>\n\u00ab\u00a0C&rsquo;est faute de leur respect que l&rsquo;Allemagne a d\u00e9cid\u00e9 d&rsquo;\u00e9tablir temporairement des contr\u00f4les \u00e0 ses fronti\u00e8res\u00a0\u00bb, a d\u00e9clar\u00e9 Bernard Cazeneuve, le ministre fran\u00e7ais de l&rsquo;Int\u00e9rieur. <\/p>\n<p>Dans la matin\u00e9e, Fran\u00e7ois Hollande a fait savoir que la  France et l&rsquo;Allemagne allaient \u00eatre \u00ab\u00a0extr\u00eamement pressantes\u00a0\u00bb pour la mise en place de centres de contr\u00f4le aux fronti\u00e8res de l&rsquo;Union europ\u00e9enne pour que \u00ab\u00a0l&rsquo;Europe puisse faire respecter ses fronti\u00e8res\u00a0\u00bb.<\/p>\n<p>Haute tension \u00e0 pr\u00e9voir \u00e0 la r\u00e9union de l&rsquo;UE<\/p>\n<p>Cette d\u00e9cision allemande intervient alors que les ministres de l&rsquo;Int\u00e9rieur des Vingt-Huit examineront cet apr\u00e8s-midi \u00e0 Bruxelles la proposition de la Commission europ\u00e9enne de r\u00e9partir de mani\u00e8re contraignante \u00e0 travers l&rsquo;Union europ\u00e9enne les 160.000 demandeurs d&rsquo;asile arriv\u00e9s ces derniers mois en Italie, en Gr\u00e8ce et en Hongrie.<\/p>\n<p>Si le texte est adopt\u00e9, chaque pays aura des quotas selon ses crit\u00e8res de taille, de population ou de poids \u00e9conomique.<\/p>\n<p>Plusieurs pays d&rsquo;Europe de l&rsquo;Est, la Hongrie et la Slovaquie en t\u00eate, refusent absolument d&rsquo;accueillir des r\u00e9fugi\u00e9s via des quotas contraignants. Ils soulignent que le projet de la Commission encouragerait un afflux suppl\u00e9mentaire de r\u00e9fugi\u00e9s et menacerait la coh\u00e9sion de leurs soci\u00e9t\u00e9s. (Presse &#038; AFP)<\/p>\n","protected":false},"excerpt":{"rendered":"<p>Recours \u00e0 la force militaire contre les passeurs! Selon le journal allemand Der Welt montre que plus de 70% des r\u00e9fugi\u00e9s accueillis par l&rsquo;Allemagne sont des hommes. Ce chiffre, inhabituel en tant de guerre, pousse la presse britannique \u00e0 se demander si des terroristes se cachent parmi eux. Le journal \u00ab\u00a0Der Welt\u00a0\u00bb \u00e9tablit une classification [&hellip;]<\/p>\n","protected":false},"author":1,"featured_media":0,"comment_status":"open","ping_status":"closed","sticky":false,"template":"","format":"standard","meta":{"footnotes":""},"categories":[1],"tags":[339,340,341],"class_list":["post-1932","post","type-post","status-publish","format-standard","hentry","category-economie","tag-force-militaire","tag-passeurs","tag-refugies"],"aioseo_notices":[],"_links":{"self":[{"href":"https:\/\/www.culturalusa.com\/news\/wp-json\/wp\/v2\/posts\/1932","targetHints":{"allow":["GET"]}}],"collection":[{"href":"https:\/\/www.culturalusa.com\/news\/wp-json\/wp\/v2\/posts"}],"about":[{"href":"https:\/\/www.culturalusa.com\/news\/wp-json\/wp\/v2\/types\/post"}],"author":[{"embeddable":true,"href":"https:\/\/www.culturalusa.com\/news\/wp-json\/wp\/v2\/users\/1"}],"replies":[{"embeddable":true,"href":"https:\/\/www.culturalusa.com\/news\/wp-json\/wp\/v2\/comments?post=1932"}],"version-history":[{"count":0,"href":"https:\/\/www.culturalusa.com\/news\/wp-json\/wp\/v2\/posts\/1932\/revisions"}],"wp:attachment":[{"href":"https:\/\/www.culturalusa.com\/news\/wp-json\/wp\/v2\/media?parent=1932"}],"wp:term":[{"taxonomy":"category","embeddable":true,"href":"https:\/\/www.culturalusa.com\/news\/wp-json\/wp\/v2\/categories?post=1932"},{"taxonomy":"post_tag","embeddable":true,"href":"https:\/\/www.culturalusa.com\/news\/wp-json\/wp\/v2\/tags?post=1932"}],"curies":[{"name":"wp","href":"https:\/\/api.w.org\/{rel}","templated":true}]}}