{"id":1941,"date":"2015-09-22T16:21:51","date_gmt":"2015-09-22T14:21:51","guid":{"rendered":"http:\/\/www.culturalusa.com\/news\/?p=1941"},"modified":"2015-09-22T16:21:51","modified_gmt":"2015-09-22T14:21:51","slug":"debut-dune-campagne-legislative-au-portugal-entre-austerite-et-promesses","status":"publish","type":"post","link":"https:\/\/www.culturalusa.com\/news\/portugal\/debut-dune-campagne-legislative-au-portugal-entre-austerite-et-promesses\/","title":{"rendered":"D\u00e9but d&rsquo;une campagne l\u00e9gislative au Portugal entre aust\u00e9rit\u00e9 et promesses"},"content":{"rendered":"<p><img loading=\"lazy\" decoding=\"async\" src=\"http:\/\/www.culturalusa.com\/news\/wp-content\/uploads\/2015\/09\/Passos-Costa.jpg\" alt=\"Passos Coelho et Antonio Costa\" width=\"467\" height=\"285\" class=\"aligncenter size-full wp-image-1942\" srcset=\"https:\/\/www.culturalusa.com\/news\/wp-content\/uploads\/2015\/09\/Passos-Costa.jpg 467w, https:\/\/www.culturalusa.com\/news\/wp-content\/uploads\/2015\/09\/Passos-Costa-275x168.jpg 275w\" sizes=\"auto, (max-width: 467px) 100vw, 467px\" \/>La campagne des \u00e9lections l\u00e9gislatives a \u00e9t\u00e9 officiellement lanc\u00e9e dimanche au Portugal, \u00e0 deux semaines d&rsquo;un scrutin qui promet un duel ultra serr\u00e9 entre la coalition sortante de droite et l&rsquo;opposition socialiste, sans garantie de d\u00e9boucher sur un gouvernement stable.<\/p>\n<p>Apr\u00e8s quatre ans d&rsquo;aust\u00e9rit\u00e9, les partis traditionnels restent pr\u00e9dominants, en l&rsquo;absence de mouvement fort de contestation comme en Gr\u00e8ce ou en Espagne. Mais ni la droite ni la gauche ne semblent en mesure de d\u00e9gager une majorit\u00e9 absolue.<\/p>\n<p>Selon un sondage paru vendredi, le Parti socialiste (PS), emmen\u00e9 par Antonio Costa, conserve une l\u00e9g\u00e8re avance en termes de voix (35,5% contre 34%), mais l&rsquo;alliance entre le Parti social-d\u00e9mocrate (PSD, centre droit) et le CDS (droite) remporterait davantage de d\u00e9put\u00e9s.<\/p>\n<p>Une telle impasse est in\u00e9dite au Portugal depuis l&rsquo;av\u00e8nement de la d\u00e9mocratie en 1974, et la Constitution reste vague en la mati\u00e8re. Du coup, au soir des \u00e9lections du 4 octobre, les deux camps pourraient revendiquer la victoire.<\/p>\n<p>Un an et demi apr\u00e8s la sortie du Portugal de son plan de sauvetage international, le sc\u00e9nario d&rsquo;un gouvernement minoritaire, suspendu \u00e0 des accords parlementaires al\u00e9atoires avec les partis de l&rsquo;opposition, suscite des inqui\u00e9tudes.<\/p>\n<p>\u00ab\u00a0Vu l&rsquo;\u00e9norme dette du Portugal\u00a0\u00bb qui fr\u00f4le les 130% du PIB, \u00ab\u00a0le pays ne peut pas se permettre d&rsquo;avoir un gouvernement faible et de refroidir les investisseurs\u00a0\u00bb, a comment\u00e9 \u00e0 l&rsquo;AFP David Schnautz, analyste de Commerzbank.<\/p>\n<p><strong>En qu\u00eate d&rsquo;alli\u00e9s<\/strong><\/p>\n<p>Un avis partag\u00e9 par le pr\u00e9sident de la R\u00e9publique, le conservateur Anibal Cavaco Silva: \u00ab\u00a0le Portugal ne peut pas se payer le luxe d&rsquo;ajouter des querelles politiques aux probl\u00e8mes \u00e9conomiques et sociaux\u00a0\u00bb.<\/p>\n<p>Lors de la convocation des \u00e9lections fin juillet, il n&rsquo;avait pas cach\u00e9 sa pr\u00e9f\u00e9rence pour une grande coalition droite-gauche, seule mani\u00e8re selon lui d&rsquo;obtenir \u00ab\u00a0un gouvernement solide, stable et durable\u00a0\u00bb.<\/p>\n<p>Ni l&rsquo;actuel Premier ministre Pedro Passos Coelho ni Antonio Costa ne semblent pour l&rsquo;instant pr\u00eats \u00e0 former un gouvernement commun, \u00e0 l&rsquo;instar de la grande coalition dirig\u00e9e de 1983 \u00e0 1985 par le socialiste Mario Soares.<\/p>\n<p>\u00ab\u00a0Une grande coalition n&rsquo;est imaginable que dans une situation extr\u00eame comme dans le cas d&rsquo;une invasion martienne\u00a0\u00bb, a ainsi ironis\u00e9 M. Costa.<\/p>\n<p>Mais les deux camps manquent cruellement d&rsquo;alli\u00e9 potentiel sur l&rsquo;\u00e9chiquier politique.<\/p>\n<p>\u00ab\u00a0En cas de victoire des partis au gouvernement, il n&rsquo;y a pas de recours possible \u00e0 droite. Et si le PS l&#8217;emporte, on a du mal \u00e0 imaginer une coalition avec le Parti communiste\u00a0\u00bb, explique le politologue Antonio Costa Pinto.<\/p>\n<p>Des accords parlementaires avec le PC, qui, alli\u00e9 aux Verts, peut compter sur environ 10% des voix, ou le Bloc de gauche (5%), parti fr\u00e8re du Syriza grec, \u00ab\u00a0ne sont toutefois pas \u00e0 exclure\u00a0\u00bb, dit-il.<\/p>\n<p><strong>L&rsquo;effet Syriza<\/strong><\/p>\n<p>Donn\u00e9 longtemps favori, le PS a perdu du terrain face \u00e0 la coalition sortante.<\/p>\n<p>La crise grecque est pass\u00e9e par l\u00e0. Si Antonio Costa, ancien maire de Lisbonne, avait dans un premier temps salu\u00e9 en janvier la victoire de Syriza, il a depuis mod\u00e9r\u00e9 son discours.<\/p>\n<p>\u00ab\u00a0Il faut tourner la page de l&rsquo;aust\u00e9rit\u00e9 sans toutefois entrer en rupture avec les r\u00e8gles de l&rsquo;Union europ\u00e9enne\u00a0\u00bb, a-t-il clarifi\u00e9 jeudi lors d&rsquo;un d\u00e9bat \u00e0 la radio avec Pedro Passos Coelho.<\/p>\n<p>Ce qui n&rsquo;a pas emp\u00each\u00e9 son rival d&rsquo;assimiler le PS portugais \u00e0 Syriza et d&rsquo;agiter le spectre d&rsquo;un retour de la \u00ab\u00a0tro\u00efka\u00a0\u00bb des cr\u00e9anciers (UE-BCE-FMI) en cas de victoire des socialistes.<\/p>\n<p>Autre sujet \u00e9pineux pour le PS, les d\u00e9boires judiciaires de l&rsquo;ancien Premier ministre socialiste Jos\u00e9 Socrates, mis en examen pour corruption et blanchiment d&rsquo;argent, qui a \u00e9t\u00e9 assign\u00e9 \u00e0 r\u00e9sidence d\u00e9but septembre.<\/p>\n<p>Antonio Costa a pris soin de se d\u00e9marquer de ce dernier, pr\u00e9sentant un programme \u00e9conomique mod\u00e9r\u00e9 et promettant d&rsquo;\u00e9viter toute d\u00e9rive des d\u00e9penses publiques.<\/p>\n<p>Pedro Passos Coelho, qui met en avant la r\u00e9cente reprise \u00e9conomique et un recul du ch\u00f4mage, compte lui maintenir le cap de la rigueur en cas de victoire, tout en all\u00e9geant le fardeau fiscal.(AFP)<\/p>\n","protected":false},"excerpt":{"rendered":"<p>La campagne des \u00e9lections l\u00e9gislatives a \u00e9t\u00e9 officiellement lanc\u00e9e dimanche au Portugal, \u00e0 deux semaines d&rsquo;un scrutin qui promet un duel ultra serr\u00e9 entre la coalition sortante de droite et l&rsquo;opposition socialiste, sans garantie de d\u00e9boucher sur un gouvernement stable. Apr\u00e8s quatre ans d&rsquo;aust\u00e9rit\u00e9, les partis traditionnels restent pr\u00e9dominants, en l&rsquo;absence de mouvement fort de [&hellip;]<\/p>\n","protected":false},"author":1,"featured_media":0,"comment_status":"open","ping_status":"closed","sticky":false,"template":"","format":"standard","meta":{"footnotes":""},"categories":[3],"tags":[346],"class_list":["post-1941","post","type-post","status-publish","format-standard","hentry","category-portugal","tag-campagne-legislative-portugal"],"aioseo_notices":[],"_links":{"self":[{"href":"https:\/\/www.culturalusa.com\/news\/wp-json\/wp\/v2\/posts\/1941","targetHints":{"allow":["GET"]}}],"collection":[{"href":"https:\/\/www.culturalusa.com\/news\/wp-json\/wp\/v2\/posts"}],"about":[{"href":"https:\/\/www.culturalusa.com\/news\/wp-json\/wp\/v2\/types\/post"}],"author":[{"embeddable":true,"href":"https:\/\/www.culturalusa.com\/news\/wp-json\/wp\/v2\/users\/1"}],"replies":[{"embeddable":true,"href":"https:\/\/www.culturalusa.com\/news\/wp-json\/wp\/v2\/comments?post=1941"}],"version-history":[{"count":0,"href":"https:\/\/www.culturalusa.com\/news\/wp-json\/wp\/v2\/posts\/1941\/revisions"}],"wp:attachment":[{"href":"https:\/\/www.culturalusa.com\/news\/wp-json\/wp\/v2\/media?parent=1941"}],"wp:term":[{"taxonomy":"category","embeddable":true,"href":"https:\/\/www.culturalusa.com\/news\/wp-json\/wp\/v2\/categories?post=1941"},{"taxonomy":"post_tag","embeddable":true,"href":"https:\/\/www.culturalusa.com\/news\/wp-json\/wp\/v2\/tags?post=1941"}],"curies":[{"name":"wp","href":"https:\/\/api.w.org\/{rel}","templated":true}]}}