{"id":1944,"date":"2015-10-01T01:14:45","date_gmt":"2015-09-30T23:14:45","guid":{"rendered":"http:\/\/www.culturalusa.com\/news\/?p=1944"},"modified":"2015-10-01T01:14:45","modified_gmt":"2015-09-30T23:14:45","slug":"syrie-enquete-ouverte-visant-le-regime-assad-pour-crimes-contre-lhumanite","status":"publish","type":"post","link":"https:\/\/www.culturalusa.com\/news\/actualite\/syrie-enquete-ouverte-visant-le-regime-assad-pour-crimes-contre-lhumanite\/","title":{"rendered":"Syrie : enqu\u00eate ouverte visant le r\u00e9gime Assad pour crimes contre l&rsquo;humanit\u00e9"},"content":{"rendered":"<p><img loading=\"lazy\" decoding=\"async\" src=\"http:\/\/www.culturalusa.com\/news\/wp-content\/uploads\/2015\/10\/Bachar-Al-Assad.jpg\" alt=\"Bachar Al Assad\" width=\"467\" height=\"290\" class=\"aligncenter size-full wp-image-1945\" srcset=\"https:\/\/www.culturalusa.com\/news\/wp-content\/uploads\/2015\/10\/Bachar-Al-Assad.jpg 467w, https:\/\/www.culturalusa.com\/news\/wp-content\/uploads\/2015\/10\/Bachar-Al-Assad-275x171.jpg 275w\" sizes=\"auto, (max-width: 467px) 100vw, 467px\" \/>Une enqu\u00eate p\u00e9nale pour \u00ab\u00a0crimes contre l&rsquo;humanit\u00e9\u00a0\u00bb a \u00e9t\u00e9 ouverte en France visant le r\u00e9gime de Bachar al-Assad, pour des exactions commises en Syrie entre 2011 et 2013, Paris appelant \u00e0 \u00ab\u00a0agir contre l&rsquo;impunit\u00e9 de ces assassins\u00a0\u00bb.<\/p>\n<p>Ce front judiciaire, initi\u00e9 par le Quai d&rsquo;Orsay via un signalement \u00e0 la justice, est ouvert alors que Paris, Washington et Ryad viennent de refuser \u00e0 l&rsquo;ONU toute participation du pr\u00e9sident syrien \u00e0 la recherche d&rsquo;une solution au conflit syrien, comme le pr\u00e9conise au contraire Moscou.<\/p>\n<p>\u00ab\u00a0Face \u00e0 ces crimes qui heurtent la conscience humaine, \u00e0 cette bureaucratie de l&rsquo;horreur, face \u00e0 cette n\u00e9gation des valeurs d&rsquo;humanit\u00e9, il est de notre responsabilit\u00e9 d&rsquo;agir contre l&rsquo;impunit\u00e9 de ces assassins\u00a0\u00bb, a affirm\u00e9 le ministre des Affaires \u00e9trang\u00e8res Laurent Fabius dans une d\u00e9claration transmise \u00e0 l&rsquo;AFP.<\/p>\n<p>Le parquet de Paris a ouvert le 15 septembre une enqu\u00eate pr\u00e9liminaire contre X pour \u00ab\u00a0crimes contre l&rsquo;humanit\u00e9\u00a0\u00bb apr\u00e8s un signalement du minist\u00e8re des Affaires \u00e9trang\u00e8res, a-t-on appris mercredi de source judiciaire.<\/p>\n<p>Selon cette source, la qualification de crimes contre l&rsquo;humanit\u00e9 vise des faits d&rsquo;enl\u00e8vements et de tortures commis par le r\u00e9gime syrien.<\/p>\n<p>L&rsquo;enqu\u00eate se base notamment sur le t\u00e9moignage de \u00ab\u00a0C\u00e9sar\u00a0\u00bb, un ex-photographe de la police militaire syrienne qui s&rsquo;\u00e9tait enfui de Syrie en juillet 2013, en emportant 55.000 photographies effroyables de corps tortur\u00e9s.<\/p>\n<p>\u00ab\u00a0Le rapport C\u00e9sar &#8211; des milliers de photos insoutenables, authentifi\u00e9es par de nombreux experts, qui montrent des cadavres tortur\u00e9s et morts de faim dans les prisons du r\u00e9gime &#8211; t\u00e9moigne de la cruaut\u00e9 syst\u00e9matique du r\u00e9gime de Bachar al-Assad\u00a0\u00bb, d\u00e9clare M. Fabius, qui se trouve \u00e0 New York pour l&rsquo;Assembl\u00e9e g\u00e9n\u00e9rale des Nations unies.<\/p>\n<p><strong>Une premi\u00e8re dans le monde<\/strong><\/p>\n<p>La F\u00e9d\u00e9ration internationale des ligues des droits de l&rsquo;Homme (FIDH), s&rsquo;est f\u00e9licit\u00e9e de l&rsquo;ouverture de cette enqu\u00eate, \u00ab\u00a0une premi\u00e8re dans le monde\u00a0\u00bb. \u00ab\u00a0Le moment choisi n&rsquo;est pas innocent\u00a0\u00bb, a expliqu\u00e9 le pr\u00e9sident d&rsquo;honneur de la FIDH, Patrick Beaudouin.<\/p>\n<p>\u00ab\u00a0Il faut esp\u00e9rer que cette enqu\u00eate pr\u00e9liminaire puisse aller plus loin avec l&rsquo;ouverture d&rsquo;une information\u00a0\u00bb, a-t-il ajout\u00e9.<\/p>\n<p>Pour cela, il faut qu&rsquo;une de ces deux conditions soit remplie: soit une des victimes a la nationalit\u00e9 fran\u00e7aise (mais \u00e0 ce jour il n&rsquo;y en a pas d&rsquo;identifi\u00e9e), soit l&rsquo;un des responsables impliqu\u00e9s dans ces crimes a une r\u00e9sidence habituelle en France, a expliqu\u00e9 une source proche du dossier.<\/p>\n<p>L&rsquo;enqu\u00eate a \u00e9t\u00e9 confi\u00e9e \u00e0 l&rsquo;Office central de lutte contre les crimes contre l&rsquo;humanit\u00e9, les g\u00e9nocides et les crimes de guerre (OCLCHGCG).<\/p>\n<p>Il travaillera notamment \u00e0 partir des photos accumul\u00e9es pendant deux ans par cet homme se faisant appeler \u00ab\u00a0C\u00e9sar\u00a0\u00bb, qui a travaill\u00e9 dans une unit\u00e9 de documentation de la police militaire syrienne avant d&rsquo;\u00eatre exfiltr\u00e9 de Syrie en juillet 2013.<\/p>\n<p>Lors d&rsquo;une conf\u00e9rence de presse \u00e0 Paris en mars 2014, plusieurs photos d&rsquo;une cruaut\u00e9 insoutenable, provenant d&rsquo;une carte-m\u00e9moire emport\u00e9e par \u00ab\u00a0C\u00e9sar\u00a0\u00bb, avaient \u00e9t\u00e9 projet\u00e9es.<\/p>\n<p>Intitul\u00e9 \u00ab\u00a0Assad&rsquo;s secret massacres\u00a0\u00bb (\u00ab\u00a0Les massacres secrets d&rsquo;Assad\u00a0\u00bb), le photoreportage \u00e9tait destin\u00e9 aux instances internationales dont l&rsquo;ONU, pour instruire un dossier sur la responsabilit\u00e9 du r\u00e9gime dans des \u00ab\u00a0tortures de masse\u00a0\u00bb.<\/p>\n<p>Sur ces clich\u00e9s, on voyait des yeux arrach\u00e9s, des gens avec des l\u00e9sions sur le dos ou le ventre, des corps d\u00e9charn\u00e9s et aussi une photo montrant une centaine de cadavres gisant dans un hangar, au milieu de sacs de plastique devant servir \u00e0 les enterrer.<\/p>\n<p>L&rsquo;annonce de l&rsquo;ouverture de cette enqu\u00eate intervient alors que la crise syrienne est au centre de l&rsquo;Assembl\u00e9e g\u00e9n\u00e9rale des Nations unies.<\/p>\n<p>Lundi, le pr\u00e9sident Fran\u00e7ois Hollande a affirm\u00e9 \u00e0 l&rsquo;ONU qu'\u00a0\u00bbon ne peut pas faire travailler ensemble les victimes et le bourreau\u00a0\u00bb, se pronon\u00e7ant ainsi pour l&rsquo;exclusion de Bachar al-Assad d&rsquo;une solution politique au conflit.<\/p>\n<p>La France a men\u00e9 dimanche ses premi\u00e8res frappes contre le groupe Etat islamique (EI) en Syrie, au nom de la \u00ab\u00a0l\u00e9gitime d\u00e9fense\u00a0\u00bb contre la menace terroriste, et pour avoir voix au chapitre dans le grand jeu diplomatico-militaire en cours sur ce dossier. (AFP)<\/p>\n","protected":false},"excerpt":{"rendered":"<p>Une enqu\u00eate p\u00e9nale pour \u00ab\u00a0crimes contre l&rsquo;humanit\u00e9\u00a0\u00bb a \u00e9t\u00e9 ouverte en France visant le r\u00e9gime de Bachar al-Assad, pour des exactions commises en Syrie entre 2011 et 2013, Paris appelant \u00e0 \u00ab\u00a0agir contre l&rsquo;impunit\u00e9 de ces assassins\u00a0\u00bb. Ce front judiciaire, initi\u00e9 par le Quai d&rsquo;Orsay via un signalement \u00e0 la justice, est ouvert alors que [&hellip;]<\/p>\n","protected":false},"author":1,"featured_media":0,"comment_status":"open","ping_status":"closed","sticky":false,"template":"","format":"standard","meta":{"footnotes":""},"categories":[30],"tags":[347],"class_list":["post-1944","post","type-post","status-publish","format-standard","hentry","category-actualite","tag-crimes-contre-lhumanite"],"aioseo_notices":[],"_links":{"self":[{"href":"https:\/\/www.culturalusa.com\/news\/wp-json\/wp\/v2\/posts\/1944","targetHints":{"allow":["GET"]}}],"collection":[{"href":"https:\/\/www.culturalusa.com\/news\/wp-json\/wp\/v2\/posts"}],"about":[{"href":"https:\/\/www.culturalusa.com\/news\/wp-json\/wp\/v2\/types\/post"}],"author":[{"embeddable":true,"href":"https:\/\/www.culturalusa.com\/news\/wp-json\/wp\/v2\/users\/1"}],"replies":[{"embeddable":true,"href":"https:\/\/www.culturalusa.com\/news\/wp-json\/wp\/v2\/comments?post=1944"}],"version-history":[{"count":0,"href":"https:\/\/www.culturalusa.com\/news\/wp-json\/wp\/v2\/posts\/1944\/revisions"}],"wp:attachment":[{"href":"https:\/\/www.culturalusa.com\/news\/wp-json\/wp\/v2\/media?parent=1944"}],"wp:term":[{"taxonomy":"category","embeddable":true,"href":"https:\/\/www.culturalusa.com\/news\/wp-json\/wp\/v2\/categories?post=1944"},{"taxonomy":"post_tag","embeddable":true,"href":"https:\/\/www.culturalusa.com\/news\/wp-json\/wp\/v2\/tags?post=1944"}],"curies":[{"name":"wp","href":"https:\/\/api.w.org\/{rel}","templated":true}]}}