{"id":1951,"date":"2015-10-05T01:31:39","date_gmt":"2015-10-04T23:31:39","guid":{"rendered":"http:\/\/www.culturalusa.com\/news\/?p=1951"},"modified":"2025-04-22T10:32:43","modified_gmt":"2025-04-22T08:32:43","slug":"le-pape-francois-fixe-les-lignes-rouges-a-louverture-du-synode-sur-la-famille","status":"publish","type":"post","link":"https:\/\/www.culturalusa.com\/news\/actualite\/le-pape-francois-fixe-les-lignes-rouges-a-louverture-du-synode-sur-la-famille\/","title":{"rendered":"Le pape Fran\u00e7ois fixe les lignes rouges \u00e0 l&rsquo;ouverture du synode sur la famille"},"content":{"rendered":"<h2>Le pape a r\u00e9affirm\u00e9 dimanche avec force le dogme catholique sur le caract\u00e8re indissoluble du mariage, n\u00e9cessairement c\u00e9l\u00e9br\u00e9 entre un homme et une femme, \u00e0 l&rsquo;ouverture d&rsquo;un synode tr\u00e8s attendu sur la famille.<\/h2>\n<p>Jorge Bergoglio, particuli\u00e8rement grave et pr\u00e9occup\u00e9, a clairement fix\u00e9 les lignes rouges que ce deuxi\u00e8me synode en deux ans sur la famille ne devra pas d\u00e9passer, dans une basilique Saint-Pierre pleine \u00e0 craquer.<\/p>\n<p>Ce que Dieu a uni, l&rsquo;homme ne peut le d\u00e9faire, a-t-il rappel\u00e9,citant l&rsquo;\u00e9vangile. En clair, \u00ab\u00a0Dieu unit les coeurs de deux personnes qui s&rsquo;aiment&#8230; dans l&rsquo;unit\u00e9 et l&rsquo;indissolubilit\u00e9\u00a0\u00bb, a ainsi r\u00e9affirm\u00e9 le pape, dans un discours tr\u00e8s ferme, qui devrait rassurer les plus conservateurs au sein de l&rsquo;Eglise.<\/p>\n<p>Et ce couple ne peut \u00eatre que celui form\u00e9 par un homme et d&rsquo;une femme. \u00ab\u00a0Voil\u00e0 le r\u00eave de Dieu pour sa cr\u00e9ature bien-aim\u00e9e: la voir se r\u00e9aliser dans l&rsquo;union d&rsquo;amour entre l&rsquo;homme et la femme\u00a0\u00bb, a encore affirm\u00e9 Jorge Bergoglio.<\/p>\n<p>La r\u00e9affirmation de cette \u00ab\u00a0v\u00e9rit\u00e9\u00a0\u00bb de l&rsquo;Eglise intervient poins de 24 heures apr\u00e8s le coming out d&rsquo;un haut dignitaire du Vatican samedi, qui a r\u00e9v\u00e9l\u00e9 son homosexualit\u00e9 et d\u00e9nonc\u00e9 \u00ab\u00a0l&rsquo;homophobie institutionnalis\u00e9e\u00a0\u00bb de l&rsquo;Eglise catholique.<\/p>\n<p>Le Vatican a imm\u00e9diatement condamn\u00e9 le geste de ce pr\u00eatre polonais, Mgr Krysztof Olaf Charamsa, le qualifiant de \u00ab\u00a0tr\u00e8s grave et irresponsable\u00a0\u00bb et le r\u00e9voquant de ses fonctions aupr\u00e8s de la Congr\u00e9gation pour la doctrine de la foi, charg\u00e9e de veiller au bon respect du dogme catholique, dont il \u00e9tait membre depuis 2003.<\/p>\n<p>Pour le porte-parole du Vatican, le p\u00e8re Lombardi, cette d\u00e9claration n&rsquo;avait pas d&rsquo;autre but que de \u00ab\u00a0soumettre l&rsquo;assembl\u00e9e synodale (des \u00e9v\u00eaques) \u00e0 une pression m\u00e9diatique injustifi\u00e9e\u00a0\u00bb.<\/p>\n<p>Or, pour le th\u00e9ologien polonais, il est justement temps que \u00ab\u00a0l&rsquo;Eglise ouvre les yeux face aux gays croyants et comprenne que la solution qu&rsquo;elle propose, \u00e0 savoir l&rsquo;abstinence totale et une vie sans amour, n&rsquo;est pas humaine\u00a0\u00bb.<\/p>\n<h3><strong>Vivre dans la v\u00e9rit\u00e9<\/strong><\/h3>\n<p>Mais pour Fran\u00e7ois, l&rsquo;Eglise ne doit pas renoncer \u00e0 elle-m\u00eame, elle doit \u00ab\u00a0vivre sa mission dans la v\u00e9rit\u00e9, qui ne change pas selon les modes passag\u00e8res et les opinions dominantes\u00a0\u00bb.<\/p>\n<p>Et s&rsquo;il n&rsquo;est pas question de \u00ab\u00a0pointer du doigt pour juger les autres\u00a0\u00bb, de rejeter ces \u00ab\u00a0couples bless\u00e9s\u00a0\u00bb, l&rsquo;Eglise ne peut \u00eatre qu&rsquo;un \u00ab\u00a0h\u00f4pital de campagne\u00a0\u00bb, les aidant \u00e0 revenir dans le droit chemin.<\/p>\n<p>Fran\u00e7ois a rappel\u00e9 de ce point de vue le devoir de la mis\u00e9ricorde, condamnant \u00ab\u00a0une \u00c9glise aux portes closes, qui, au lieu d&rsquo;\u00eatre un pont, devient une barri\u00e8re\u00a0\u00bb.<\/p>\n<p>Le pape a \u00e9galement fustig\u00e9 la \u00ab\u00a0solitude\u00a0\u00bb, citant \u00ab\u00a0les personnes \u00e2g\u00e9es, abandonn\u00e9es m\u00eame de leurs propres enfants; les veufs et les veuves; tant d&rsquo;hommes et de femmes laiss\u00e9s par leur \u00e9pouse ou par leur mari; tant de jeunes victimes de la culture de la consommation et du d\u00e9chet\u00a0\u00bb.<\/p>\n<p>\u00ab\u00a0Il semblerait, a-t-il ajout\u00e9, que les soci\u00e9t\u00e9s les plus avanc\u00e9es soient justement celles qui ont le taux le plus bas de natalit\u00e9 et le taux le plus \u00e9lev\u00e9 d&rsquo;avortements, de divorces, de suicides et de pollution environnementale et sociale\u00a0\u00bb.<\/p>\n<p>Ce deuxi\u00e8me synode en deux ans sur la famille est tr\u00e8s attendu par l&rsquo;ensemble des catholiques.<\/p>\n<p>Au-del\u00e0 de la question de l&rsquo;homosexualit\u00e9, soulev\u00e9e avec fracas samedi par le coming out de ce pr\u00eatre polonais, bien d&rsquo;autres sujets divisent aussi l&rsquo;Eglise, \u00e0 commencer par la question cruciale des divorc\u00e9s remari\u00e9s. Peuvent-ils communier comme les autres fid\u00e8les, comme beaucoup le r\u00e9clament, ou sont-ils condamn\u00e9s \u00e0 rester \u00e9ternellement en dehors de ce sacrement, comme bien d&rsquo;autres le soutiennent ?<\/p>\n<h3><strong>Doctrine rigoureuse, pratique changeante<\/strong><\/h3>\n<p>Car, m\u00eame si plusieurs questionnaires envoy\u00e9s dans les dioc\u00e8ses ont r\u00e9v\u00e9l\u00e9 le gouffre entre la doctrine rigoureuse du Vatican et la pratique &#8211; souple et changeante &#8211; de beaucoup de croyants, l&rsquo;Eglise peine \u00e0 trouver un juste \u00e9quilibre.<\/p>\n<p>Fran\u00e7ois a nomm\u00e9 \u00e0 la mi-septembre les 360 participants de ce deuxi\u00e8me round : un savant dosage entre \u00ab\u00a0conservateurs\u00a0\u00bb et \u00ab\u00a0lib\u00e9raux\u00a0\u00bb qui n&rsquo;a pas exclu les plus radicaux des deux camps.<\/p>\n<p>Face \u00e0 ces centaines d&rsquo;\u00e9v\u00eaques ayant personnellement renonc\u00e9 il y a des d\u00e9cennies \u00e0 fonder une famille, seuls 18 couples auront la charge de faire entendre la voix des femmes et des la\u00efcs.<\/p>\n<p>Pour le pape argentin, la famille traditionnelle subit une crise profonde et l&rsquo;Eglise doit savoir r\u00e9pondre aux \u00e9volutions du temps sans pour autant s&rsquo;y conformer. A la fin du synode, il reviendra \u00e0 Jorge Bergoglio de d\u00e9cider seul, probablement au printemps, des inflexions \u00e0 apporter ou non \u00e0 la mani\u00e8re de vivre sa foi. (AFP)<\/p>\n","protected":false},"excerpt":{"rendered":"<p>Le pape a r\u00e9affirm\u00e9 dimanche avec force le dogme catholique sur le caract\u00e8re indissoluble du mariage, n\u00e9cessairement c\u00e9l\u00e9br\u00e9 entre un homme et une femme, \u00e0 l&rsquo;ouverture d&rsquo;un synode tr\u00e8s attendu sur la famille. Jorge Bergoglio, particuli\u00e8rement grave et pr\u00e9occup\u00e9, a clairement fix\u00e9 les lignes rouges que ce deuxi\u00e8me synode en deux ans sur la famille [&hellip;]<\/p>\n","protected":false},"author":1,"featured_media":1952,"comment_status":"open","ping_status":"closed","sticky":false,"template":"","format":"standard","meta":{"footnotes":""},"categories":[30],"tags":[350],"class_list":["post-1951","post","type-post","status-publish","format-standard","has-post-thumbnail","hentry","category-actualite","tag-pape-francois"],"aioseo_notices":[],"_links":{"self":[{"href":"https:\/\/www.culturalusa.com\/news\/wp-json\/wp\/v2\/posts\/1951","targetHints":{"allow":["GET"]}}],"collection":[{"href":"https:\/\/www.culturalusa.com\/news\/wp-json\/wp\/v2\/posts"}],"about":[{"href":"https:\/\/www.culturalusa.com\/news\/wp-json\/wp\/v2\/types\/post"}],"author":[{"embeddable":true,"href":"https:\/\/www.culturalusa.com\/news\/wp-json\/wp\/v2\/users\/1"}],"replies":[{"embeddable":true,"href":"https:\/\/www.culturalusa.com\/news\/wp-json\/wp\/v2\/comments?post=1951"}],"version-history":[{"count":2,"href":"https:\/\/www.culturalusa.com\/news\/wp-json\/wp\/v2\/posts\/1951\/revisions"}],"predecessor-version":[{"id":13322,"href":"https:\/\/www.culturalusa.com\/news\/wp-json\/wp\/v2\/posts\/1951\/revisions\/13322"}],"wp:featuredmedia":[{"embeddable":true,"href":"https:\/\/www.culturalusa.com\/news\/wp-json\/wp\/v2\/media\/1952"}],"wp:attachment":[{"href":"https:\/\/www.culturalusa.com\/news\/wp-json\/wp\/v2\/media?parent=1951"}],"wp:term":[{"taxonomy":"category","embeddable":true,"href":"https:\/\/www.culturalusa.com\/news\/wp-json\/wp\/v2\/categories?post=1951"},{"taxonomy":"post_tag","embeddable":true,"href":"https:\/\/www.culturalusa.com\/news\/wp-json\/wp\/v2\/tags?post=1951"}],"curies":[{"name":"wp","href":"https:\/\/api.w.org\/{rel}","templated":true}]}}