{"id":1957,"date":"2015-10-17T20:38:06","date_gmt":"2015-10-17T18:38:06","guid":{"rendered":"http:\/\/www.culturalusa.com\/news\/?p=1957"},"modified":"2015-10-17T20:39:34","modified_gmt":"2015-10-17T18:39:34","slug":"le-flux-de-migrants-se-redirige-vers-la-slovenie-lunion-europeenne-toujours-sans-solution","status":"publish","type":"post","link":"https:\/\/www.culturalusa.com\/news\/actualite\/le-flux-de-migrants-se-redirige-vers-la-slovenie-lunion-europeenne-toujours-sans-solution\/","title":{"rendered":"Le flux de migrants se redirige vers la Slov\u00e9nie l&rsquo;Union Europ\u00e9enne toujours sans solution"},"content":{"rendered":"<p><img loading=\"lazy\" decoding=\"async\" src=\"http:\/\/www.culturalusa.com\/news\/wp-content\/uploads\/2015\/10\/flux-migrants.jpg\" alt=\"flux de migrants\" width=\"467\" height=\"280\" class=\"aligncenter size-full wp-image-1958\" srcset=\"https:\/\/www.culturalusa.com\/news\/wp-content\/uploads\/2015\/10\/flux-migrants.jpg 467w, https:\/\/www.culturalusa.com\/news\/wp-content\/uploads\/2015\/10\/flux-migrants-275x165.jpg 275w\" sizes=\"auto, (max-width: 467px) 100vw, 467px\" \/>La Hongrie a ferm\u00e9, comme annonc\u00e9, les principaux points de passage des migrants \u00e0 sa fronti\u00e8re croate, tandis que la Turquie a jet\u00e9 un froid en qualifiant son \u00ab\u00a0plan d&rsquo;action\u00a0\u00bb migratoire avec l&rsquo;UE, annonc\u00e9 en grande pompe, de simple \u00ab\u00a0projet\u00a0\u00bb au budget \u00ab\u00a0inacceptable\u00a0\u00bb.<\/p>\n<p>Le flot de migrants traversant les Balkans \u00e0 destination de l&rsquo;ouest de l&rsquo;Europe s&rsquo;est redirig\u00e9 vers la Slov\u00e9nie samedi, apr\u00e8s la fermeture dans la nuit de sa fronti\u00e8re croate par la Hongrie, l&rsquo;UE cherchant toujours un terrain d&rsquo;entente avec la Turquie pour juguler le flux.<\/p>\n<p>Quelque 600 migrants principalement originaires de Syrie, d&rsquo;Irak et d&rsquo;Afghanistan \u00e9taient entr\u00e9s en Slov\u00e9nie \u00e0 la mi-journ\u00e9e, et au moins 1.800 autres \u00e9taient attendus dans l&rsquo;apr\u00e8s-midi, selon les autorit\u00e9s.<\/p>\n<p>Une partie des migrants \u00e9taient directement enregistr\u00e9s \u00e0 la fronti\u00e8re, dans une ambiance d\u00e9tendue, d&rsquo;autres \u00e9tant achemin\u00e9s vers un centre d&rsquo;accueil situ\u00e9 pr\u00e8s de la fronti\u00e8re autrichienne, a constat\u00e9 un journaliste de l&rsquo;AFP.<\/p>\n<p>La Slov\u00e9nie a annonc\u00e9 qu&rsquo;elle ne s&rsquo;opposerait pas au transit vers l&rsquo;Autriche des migrants acceptant de se faire enregistrer, aussi longtemps que l&rsquo;Allemagne, destination finale de la majorit\u00e9 d&rsquo;entre eux, maintiendrait sa politique accommodante \u00e0 leur \u00e9gard.<\/p>\n<p>Soumise \u00e0 une pression croissante de son propre camp, la chanceli\u00e8re conservatrice Angela Merkel doit se rendre dimanche \u00e0 Istanbul pour discuter de la crise migratoire apr\u00e8s que la Turquie a accueilli fra\u00eechement le \u00ab\u00a0plan d&rsquo;action\u00a0\u00bb \u00e9labor\u00e9 jeudi par l&rsquo;UE pour retenir les migrants dans ce pays.<\/p>\n<p>Partisane d&rsquo;une ligne dure dans ce dossier, la Hongrie a ferm\u00e9 dans la nuit de vendredi \u00e0 samedi sa fronti\u00e8re croate aux migrants, par o\u00f9 plus de 170.000 personnes ont transit\u00e9 en un mois.<\/p>\n<p>Budapest a justifi\u00e9 cette mesure par l&rsquo;absence de d\u00e9ploiement de force europ\u00e9enne \u00e0 la fronti\u00e8re turco-grecque destin\u00e9e \u00e0 tarir rapidement les arriv\u00e9es de r\u00e9fugi\u00e9s.<\/p>\n<p>Zagreb a en cons\u00e9quence redirig\u00e9 samedi vers la Slov\u00e9nie, en accord avec Ljubljana, le corridor permettant aux migrants de rejoindre l&rsquo;ouest et le nord de l&rsquo;Europe.<\/p>\n<p>Au poste-fronti\u00e8re slov\u00e8ne de Petisovci, une grande tente blanche a \u00e9t\u00e9 \u00e9rig\u00e9e pour l&rsquo;enregistrement des r\u00e9fugi\u00e9s.<\/p>\n<p>Dans une atmosph\u00e8re bon enfant, les migrants &#8211;principalement des jeunes hommes, mais aussi quelques familles&#8211; y sont soumis \u00e0 une fouille avant de d\u00e9cliner leur identit\u00e9. Ils sont ensuite achemin\u00e9s pr\u00e8s de la fronti\u00e8re autrichienne, dans un centre d&rsquo;accueil d&rsquo;o\u00f9 ils sont libres de poursuivre leur route.<\/p>\n<p>Sa\u00efd, un juriste de 40 ans voyageant avec sa femme et ses deux enfants de 2 et 3 ans, ne cache pas sa joie d&rsquo;avoir atteint la zone Schengen. \u00ab\u00a0Je veux aller dans n&rsquo;importe quel pays, du moment qu&rsquo;il est tranquille. Pour l&rsquo;avenir de mes enfants\u00a0\u00bb, confie-t-il \u00e0 l&rsquo;AFP.<\/p>\n<p>\u00ab\u00a0La plupart des gens ici fuient la guerre, ils cherchent \u00e0 sauver leur vie\u00a0\u00bb, a confirm\u00e9 une porte-parole du Haut-commissariat de l&rsquo;ONU aux r\u00e9fugi\u00e9s (HCR), Caroline van Buren, pr\u00e9sente \u00e0 Petisovci.<\/p>\n<p><strong>Nouveau naufrage mortel<\/strong><\/p>\n<p>La nouvelle proc\u00e9dure tranche avec le dispositif qui avait \u00e9t\u00e9 mis en place par la Slov\u00e9nie en septembre, lors d&rsquo;une premi\u00e8re vague d&rsquo;arriv\u00e9es : Ljubljana avait alors d\u00e9ploy\u00e9 des policiers arm\u00e9s, et seuls 3.500 migrants au total avaient pu p\u00e9n\u00e9trer dans le pays.<\/p>\n<p>La Slov\u00e9nie a cette fois-ci annonc\u00e9 disposer de 8.000 places d&rsquo;h\u00e9bergement, un chiffre qui correspond \u00e0 la moyenne du nombre de migrants susceptibles de transiter quotidiennement par le pays.<\/p>\n<p>La Hongrie a annonc\u00e9 samedi r\u00e9introduire des contr\u00f4les \u00e0 sa fronti\u00e8re avec la Slov\u00e9nie afin d&rsquo;\u00e9viter une entr\u00e9e de migrants depuis ce pays.<\/p>\n<p>L&rsquo;Autriche a \u00e9galement renforc\u00e9 la pr\u00e9sence des forces de l&rsquo;ordre \u00e0 la fronti\u00e8re slov\u00e8ne, et se pr\u00e9parait \u00e0 y recevoir le flux de r\u00e9fugi\u00e9s, qui jusqu&rsquo;\u00e0 pr\u00e9sent transitait par la fronti\u00e8re hongroise.<\/p>\n<p>Le ministre slov\u00e8ne des Affaires \u00e9trang\u00e8res, Karl Erjavec, a indiqu\u00e9 avoir re\u00e7u l&rsquo;assurance de Vienne que l&rsquo;Autriche ne prendrait \u00ab\u00a0aucune mesure sp\u00e9ciale (contre les migrants, ndlr) tant que l&rsquo;Allemagne ne change pas sa propre attitude\u00a0\u00bb et continue \u00e0 recevoir les r\u00e9fugi\u00e9s.<\/p>\n<p>Le p\u00e9riple des milliers de migrants affluant vers l&rsquo;Europe via la Gr\u00e8ce, la Mac\u00e9doine et la Serbie reste toujours aussi p\u00e9rilleux : 12 migrants sont morts noy\u00e9s samedi lorsque leur embarcation a fait naufrage dans les eaux turques alors qu&rsquo;ils tentaient de rejoindre l&rsquo;\u00eele grecque de Lesbos.<\/p>\n<p>Peu avant, quatre migrants &#8212; trois enfants et une femme &#8212; ont trouv\u00e9 la mort quand leur embarcation a fait naufrage, \u00e9galement en mer Eg\u00e9e, pr\u00e8s de l&rsquo;\u00eele grecque de Kalymnos.<\/p>\n<p>L&rsquo;UE avait esp\u00e9r\u00e9 avoir franchi un pas d\u00e9cisif jeudi contre ce ph\u00e9nom\u00e8ne avec son \u00ab\u00a0plan d&rsquo;action\u00a0\u00bb destin\u00e9 \u00e0 inciter Ankara \u00e0 conserver les migrants son territoire.<\/p>\n<p>Mais la Turquie, qui exige notamment d&rsquo;\u00eatre consid\u00e9r\u00e9e comme un \u00ab\u00a0pays s\u00fbr\u00a0\u00bb par les Europ\u00e9ens, fait monter les ench\u00e8res, qualifiant ce plan de simple \u00ab\u00a0projet\u00a0\u00bb, au budget \u00ab\u00a0inacceptable\u00a0\u00bb.<\/p>\n<p>Le pr\u00e9sident islamo-conservateur turc Recep Tayyip Erdogan avait raill\u00e9 vendredi les Europ\u00e9ens, cit\u00e9s pour le prix Nobel de la paix pour l&rsquo;accueil de \u00ab\u00a030.000, 40.000\u00a0\u00bb r\u00e9fugi\u00e9s selon lui, rappelant que son pays accueillait 2,2 millions de Syriens. (AFP)<\/p>\n","protected":false},"excerpt":{"rendered":"<p>La Hongrie a ferm\u00e9, comme annonc\u00e9, les principaux points de passage des migrants \u00e0 sa fronti\u00e8re croate, tandis que la Turquie a jet\u00e9 un froid en qualifiant son \u00ab\u00a0plan d&rsquo;action\u00a0\u00bb migratoire avec l&rsquo;UE, annonc\u00e9 en grande pompe, de simple \u00ab\u00a0projet\u00a0\u00bb au budget \u00ab\u00a0inacceptable\u00a0\u00bb. Le flot de migrants traversant les Balkans \u00e0 destination de l&rsquo;ouest de [&hellip;]<\/p>\n","protected":false},"author":1,"featured_media":0,"comment_status":"open","ping_status":"closed","sticky":false,"template":"","format":"standard","meta":{"footnotes":""},"categories":[30],"tags":[353],"class_list":["post-1957","post","type-post","status-publish","format-standard","hentry","category-actualite","tag-flux-de-migrants"],"aioseo_notices":[],"_links":{"self":[{"href":"https:\/\/www.culturalusa.com\/news\/wp-json\/wp\/v2\/posts\/1957","targetHints":{"allow":["GET"]}}],"collection":[{"href":"https:\/\/www.culturalusa.com\/news\/wp-json\/wp\/v2\/posts"}],"about":[{"href":"https:\/\/www.culturalusa.com\/news\/wp-json\/wp\/v2\/types\/post"}],"author":[{"embeddable":true,"href":"https:\/\/www.culturalusa.com\/news\/wp-json\/wp\/v2\/users\/1"}],"replies":[{"embeddable":true,"href":"https:\/\/www.culturalusa.com\/news\/wp-json\/wp\/v2\/comments?post=1957"}],"version-history":[{"count":0,"href":"https:\/\/www.culturalusa.com\/news\/wp-json\/wp\/v2\/posts\/1957\/revisions"}],"wp:attachment":[{"href":"https:\/\/www.culturalusa.com\/news\/wp-json\/wp\/v2\/media?parent=1957"}],"wp:term":[{"taxonomy":"category","embeddable":true,"href":"https:\/\/www.culturalusa.com\/news\/wp-json\/wp\/v2\/categories?post=1957"},{"taxonomy":"post_tag","embeddable":true,"href":"https:\/\/www.culturalusa.com\/news\/wp-json\/wp\/v2\/tags?post=1957"}],"curies":[{"name":"wp","href":"https:\/\/api.w.org\/{rel}","templated":true}]}}