{"id":1969,"date":"2015-11-02T09:47:24","date_gmt":"2015-11-02T08:47:24","guid":{"rendered":"http:\/\/www.culturalusa.com\/news\/?p=1969"},"modified":"2015-11-02T09:47:24","modified_gmt":"2015-11-02T08:47:24","slug":"avis-de-tempete-le-portugal-risque-de-devenir-ingouvernable","status":"publish","type":"post","link":"https:\/\/www.culturalusa.com\/news\/portugal\/avis-de-tempete-le-portugal-risque-de-devenir-ingouvernable\/","title":{"rendered":"Avis de temp\u00eate : le Portugal risque de devenir ingouvernable"},"content":{"rendered":"<p><img loading=\"lazy\" decoding=\"async\" src=\"http:\/\/www.culturalusa.com\/news\/wp-content\/uploads\/2013\/07\/portas-passos.jpg\" alt=\"Paulo Portas et Passos Coelho\" width=\"467\" height=\"300\" class=\"aligncenter size-full wp-image-1150\" srcset=\"https:\/\/www.culturalusa.com\/news\/wp-content\/uploads\/2013\/07\/portas-passos.jpg 467w, https:\/\/www.culturalusa.com\/news\/wp-content\/uploads\/2013\/07\/portas-passos-275x177.jpg 275w\" sizes=\"auto, (max-width: 467px) 100vw, 467px\" \/><br \/>\nLe Portugal est actuellement dans une zone de turbulences dont personne, en ce moment, ne peut pr\u00e9dire l&rsquo;issue. Le r\u00e9sultat des \u00e9lections l\u00e9gislatives du 4 octobre ne semblait pourtant pas de nature \u00e0 g\u00e9n\u00e9rer pareille instabilit\u00e9. <\/p>\n<p>L&rsquo;instabilit\u00e9 politique risque de rendre le Portugal \u00ab\u00a0ingouvernable\u00a0\u00bb, propos du Pr\u00e9sident Anibal Cavaco Silva lors de la c\u00e9r\u00e9monie d&rsquo;investiture du nouveau gouvernement minoritaire de droite, dont la survie est menac\u00e9e par une \u00e9ventuelle union de la gauche.<\/p>\n<p>\u00ab\u00a0Sans stabilit\u00e9 politique, le Portugal deviendra un pays ingouvernable\u00a0\u00bb, a d\u00e9clar\u00e9 le chef de l&rsquo;Etat, appelant l&rsquo;ensemble des partis \u00e0 \u00ab\u00a0agir de fa\u00e7on responsable\u00a0\u00bb.<\/p>\n<p>\u00ab\u00a0Le gouvernement qui entre en fonctions aujourd&rsquo;hui ne dispose pas d&rsquo;un soutien majoritaire au Parlement. L&rsquo;effort de dialogue et de compromis avec les autres forces politiques doit donc se poursuivre\u00a0\u00bb, a soulign\u00e9 M. Cavaco Silva, un conservateur de 76 ans.<\/p>\n<p>La coalition de droite emmen\u00e9e par le Premier ministre Pedro Passos Coelho a remport\u00e9 les \u00e9lections l\u00e9gislatives du 4 octobre, mais elle a perdu la majorit\u00e9 absolue dont elle disposait depuis 2011.<\/p>\n<p>Dans ce nouveau rapport de forces, le Parti socialiste et les formations de la gauche antilib\u00e9rale, qui disposent ensemble de 122 d\u00e9put\u00e9s sur 230, ont annonc\u00e9 leur intention de provoquer la chute du gouvernement en rejetant son programme lors d&rsquo;un vote pr\u00e9vu le 10 novembre au Parlement.<\/p>\n<p>Le sort du nouveau gouvernement d\u00e9pend ainsi de la capacit\u00e9 du patron des socialistes, l&rsquo;ancien maire de Lisbonne Antonio Costa, \u00e0 sceller une alliance in\u00e9dite avec le Bloc de gauche, formation proche du Syriza en Gr\u00e8ce, le Parti communiste et les Verts.<br \/>\nM. Passos Coelho a tout de m\u00eame \u00e9t\u00e9 reconduit au poste de Premier ministre car \u00ab\u00a0c&rsquo;est \u00e0 la force qui a remport\u00e9 les \u00e9lections de former le gouvernement\u00a0\u00bb, a r\u00e9affirm\u00e9 vendredi le pr\u00e9sident de la R\u00e9publique.<\/p>\n<p>\u00ab\u00a0Jusqu&rsquo;au moment de la d\u00e9signation du Premier ministre, aucune solution alternative en vue d&rsquo;un gouvernement stable, coh\u00e9rent et cr\u00e9dible ne m&rsquo;avait \u00e9t\u00e9 propos\u00e9e par les autres forces politiques\u00a0\u00bb, a pr\u00e9cis\u00e9 M. Cavaco Silva.<\/p>\n<p>Prenant ensuite la parole, M. Passos Coelho s&rsquo;est engag\u00e9 \u00e0 \u00ab\u00a0faire preuve d&rsquo;ouverture au compromis\u00a0\u00bb, tout en critiquant ceux qui menacent de le renverser: \u00ab\u00a0personne ne doit sacrifier le bien-\u00eatre des Portugais au nom d&rsquo;un programme id\u00e9ologique, ou d&rsquo;ambitions personnelles ou partisanes\u00a0\u00bb. (AFP)<\/p>\n","protected":false},"excerpt":{"rendered":"<p>Le Portugal est actuellement dans une zone de turbulences dont personne, en ce moment, ne peut pr\u00e9dire l&rsquo;issue. Le r\u00e9sultat des \u00e9lections l\u00e9gislatives du 4 octobre ne semblait pourtant pas de nature \u00e0 g\u00e9n\u00e9rer pareille instabilit\u00e9. L&rsquo;instabilit\u00e9 politique risque de rendre le Portugal \u00ab\u00a0ingouvernable\u00a0\u00bb, propos du Pr\u00e9sident Anibal Cavaco Silva lors de la c\u00e9r\u00e9monie d&rsquo;investiture [&hellip;]<\/p>\n","protected":false},"author":1,"featured_media":0,"comment_status":"open","ping_status":"closed","sticky":false,"template":"","format":"standard","meta":{"footnotes":""},"categories":[3],"tags":[],"class_list":["post-1969","post","type-post","status-publish","format-standard","hentry","category-portugal"],"aioseo_notices":[],"_links":{"self":[{"href":"https:\/\/www.culturalusa.com\/news\/wp-json\/wp\/v2\/posts\/1969","targetHints":{"allow":["GET"]}}],"collection":[{"href":"https:\/\/www.culturalusa.com\/news\/wp-json\/wp\/v2\/posts"}],"about":[{"href":"https:\/\/www.culturalusa.com\/news\/wp-json\/wp\/v2\/types\/post"}],"author":[{"embeddable":true,"href":"https:\/\/www.culturalusa.com\/news\/wp-json\/wp\/v2\/users\/1"}],"replies":[{"embeddable":true,"href":"https:\/\/www.culturalusa.com\/news\/wp-json\/wp\/v2\/comments?post=1969"}],"version-history":[{"count":0,"href":"https:\/\/www.culturalusa.com\/news\/wp-json\/wp\/v2\/posts\/1969\/revisions"}],"wp:attachment":[{"href":"https:\/\/www.culturalusa.com\/news\/wp-json\/wp\/v2\/media?parent=1969"}],"wp:term":[{"taxonomy":"category","embeddable":true,"href":"https:\/\/www.culturalusa.com\/news\/wp-json\/wp\/v2\/categories?post=1969"},{"taxonomy":"post_tag","embeddable":true,"href":"https:\/\/www.culturalusa.com\/news\/wp-json\/wp\/v2\/tags?post=1969"}],"curies":[{"name":"wp","href":"https:\/\/api.w.org\/{rel}","templated":true}]}}