{"id":1979,"date":"2015-11-11T20:12:47","date_gmt":"2015-11-11T19:12:47","guid":{"rendered":"http:\/\/www.culturalusa.com\/news\/?p=1979"},"modified":"2015-11-11T20:12:47","modified_gmt":"2015-11-11T19:12:47","slug":"la-gauche-portugaise-fait-tomber-le-gouvernement-pro-austerite","status":"publish","type":"post","link":"https:\/\/www.culturalusa.com\/news\/portugal\/la-gauche-portugaise-fait-tomber-le-gouvernement-pro-austerite\/","title":{"rendered":"La gauche portugaise fait tomber le gouvernement pro-aust\u00e9rit\u00e9"},"content":{"rendered":"<figure id=\"attachment_1980\" aria-describedby=\"caption-attachment-1980\" style=\"width: 468px\" class=\"wp-caption aligncenter\"><img loading=\"lazy\" decoding=\"async\" src=\"http:\/\/www.culturalusa.com\/news\/wp-content\/uploads\/2015\/11\/antonio_costa.jpg\" alt=\"Antonio Costa\" width=\"468\" height=\"300\" class=\"size-full wp-image-1980\" srcset=\"https:\/\/www.culturalusa.com\/news\/wp-content\/uploads\/2015\/11\/antonio_costa.jpg 468w, https:\/\/www.culturalusa.com\/news\/wp-content\/uploads\/2015\/11\/antonio_costa-275x176.jpg 275w\" sizes=\"auto, (max-width: 468px) 100vw, 468px\" \/><figcaption id=\"caption-attachment-1980\" class=\"wp-caption-text\">Antonio Costa<\/figcaption><\/figure>La gauche portugaise, unie pour la premi\u00e8re fois en 40 ans de d\u00e9mocratie, a mis mardi sa menace \u00e0 ex\u00e9cution. Elle a provoqu\u00e9 la chute du gouvernement minoritaire de droite \u00ab\u00a0pour tourner la page de l&rsquo;aust\u00e9rit\u00e9\u00a0\u00bb, sous l&rsquo;oeil inquiet des march\u00e9s financiers.<\/p>\n<p>Une motion rejetant le programme du gouvernement de droite a \u00e9t\u00e9 adopt\u00e9e par les 123 voix des d\u00e9put\u00e9s de l&rsquo;opposition, contre 107 \u00e0 la droite, entra\u00eenant ainsi sa d\u00e9mission \u00e0 peine onze jours apr\u00e8s son entr\u00e9e en fonctions.<\/p>\n<p>Le gouvernement de Pedro Passos Coelho, 51 ans, dont la coalition de droite \u00e9tait pourtant arriv\u00e9e en t\u00eate des \u00e9lections l\u00e9gislatives du 4 octobre, entre ainsi dans l&rsquo;histoire comme l&rsquo;ex\u00e9cutif le plus \u00e9ph\u00e9m\u00e8re du Portugal.<\/p>\n<p>\u00ab\u00a0Il est possible de tourner la page de l&rsquo;aust\u00e9rit\u00e9 dans le cadre de la zone euro\u00a0\u00bb, a assur\u00e9 \u00e0 l&rsquo;issue du vote le secr\u00e9taire g\u00e9n\u00e9ral du Parti socialiste Antonio Costa, 54 ans, qui brigue la place de Premier ministre.<\/p>\n<p>Zone de turbulence<br \/>\n\u00ab\u00a0Le Parti socialiste a fait un choix radical, pr\u00e9f\u00e9rant se joindre \u00e0 des minorit\u00e9s qui l&rsquo;ont toujours combattu\u00a0\u00bb, a d\u00e9clar\u00e9 M. Passos Coelho avant d&rsquo;ajouter que \u00ab\u00a0ce n&rsquo;est pas tous les jours que l&rsquo;on quitte le gouvernement en ayant obtenu le soutien des \u00e9lecteurs\u00a0\u00bb.<\/p>\n<p>Avant le vote, M. Costa avait sign\u00e9 trois accords distincts avec le Bloc de gauche, proche de Syriza au pouvoir en Gr\u00e8ce, le Parti communiste et les Verts, qui jettent les bases de l&rsquo;alliance soutenant un gouvernement du PS, mais font l&rsquo;impasse sur les engagements europ\u00e9ens.<\/p>\n<p>Longtemps consid\u00e9r\u00e9 comme l&rsquo;\u00e9l\u00e8ve mod\u00e8le de la zone euro prompt \u00e0 appliquer la rigueur budg\u00e9taire r\u00e9clam\u00e9e par Bruxelles, le Portugal est entr\u00e9 \u00e0 nouveau dans une zone de turbulences, un an et demi apr\u00e8s sa sortie d&rsquo;un plan de sauvetage financier.<\/p>\n<p>Climat tendu<br \/>\nReflet d&rsquo;un pays divis\u00e9, environ 5000 partisans de la gauche et pr\u00e8s de 2000 de la droite ont manifest\u00e9 mardi dans une ambiance \u00e9lectrique devant le Parlement \u00e0 Lisbonne, les uns pour saluer le d\u00e9part du gouvernement, les autres pour s&rsquo;y opposer.<\/p>\n<p>Au sein de l&rsquo;h\u00e9micycle aussi, le climat \u00e9tait tendu. \u00ab\u00a0Si la confiance des investisseurs se brise, la menace d&rsquo;une banqueroute redevient r\u00e9elle\u00a0\u00bb, a lanc\u00e9 la ministre des Finances Maria Luis Albuquerque, agitant le spectre d&rsquo;un retour de la tro\u00efka des cr\u00e9anciers (UE-BCE-UE) en cas d&rsquo;arriv\u00e9e au pouvoir de la gauche.<\/p>\n<p>\u00ab\u00a0Le Portugal a besoin d&rsquo;une autre politique\u00a0\u00bb, lui a r\u00e9torqu\u00e9 Mario Centeno, auteur du programme \u00e9conomique du PS, tout en r\u00e9it\u00e9rant qu&rsquo;un \u00e9ventuel gouvernement socialiste \u00ab\u00a0honorera tous les engagements europ\u00e9ens\u00a0\u00bb du pays.<\/p>\n<p>Gommer les divergences<br \/>\nVictorieuse aux \u00e9lections l\u00e9gislatives avec 38,6% des voix, la coalition de droite a toutefois perdu sa majorit\u00e9 absolue au sein d&rsquo;un Parlement domin\u00e9 par la gauche emmen\u00e9e par le Parti socialiste, arriv\u00e9 deuxi\u00e8me avec 32,3% des voix.<\/p>\n<p>Pour sceller leur alliance, les partis rivaux de la gauche ont d\u00fb chercher, au moins temporairement, \u00e0 gommer leurs divergences historiques, notamment sur la ren\u00e9gociation de la dette et l&rsquo;appartenance du pays \u00e0 la zone euro.<\/p>\n<p>Le programme de la gauche visant \u00e0 redonner du pouvoir d&rsquo;achat aux Portugais suscite des inqui\u00e9tudes en Europe. Mais, pour Bruxelles, la situation au Portugal n&rsquo;est pas comparable \u00e0 celle de la Gr\u00e8ce apr\u00e8s l&rsquo;arriv\u00e9e au pouvoir de Syriza, car Antonio Costa s&rsquo;est engag\u00e9 \u00e0 \u00ab\u00a0respecter les r\u00e8gles budg\u00e9taires europ\u00e9ennes\u00a0\u00bb.<\/p>\n","protected":false},"excerpt":{"rendered":"<p>La gauche portugaise, unie pour la premi\u00e8re fois en 40 ans de d\u00e9mocratie, a mis mardi sa menace \u00e0 ex\u00e9cution. Elle a provoqu\u00e9 la chute du gouvernement minoritaire de droite \u00ab\u00a0pour tourner la page de l&rsquo;aust\u00e9rit\u00e9\u00a0\u00bb, sous l&rsquo;oeil inquiet des march\u00e9s financiers. Une motion rejetant le programme du gouvernement de droite a \u00e9t\u00e9 adopt\u00e9e par [&hellip;]<\/p>\n","protected":false},"author":1,"featured_media":0,"comment_status":"open","ping_status":"closed","sticky":false,"template":"","format":"standard","meta":{"footnotes":""},"categories":[3],"tags":[365,99],"class_list":["post-1979","post","type-post","status-publish","format-standard","hentry","category-portugal","tag-gauche-portugaise","tag-gouvernement-portugais"],"aioseo_notices":[],"_links":{"self":[{"href":"https:\/\/www.culturalusa.com\/news\/wp-json\/wp\/v2\/posts\/1979","targetHints":{"allow":["GET"]}}],"collection":[{"href":"https:\/\/www.culturalusa.com\/news\/wp-json\/wp\/v2\/posts"}],"about":[{"href":"https:\/\/www.culturalusa.com\/news\/wp-json\/wp\/v2\/types\/post"}],"author":[{"embeddable":true,"href":"https:\/\/www.culturalusa.com\/news\/wp-json\/wp\/v2\/users\/1"}],"replies":[{"embeddable":true,"href":"https:\/\/www.culturalusa.com\/news\/wp-json\/wp\/v2\/comments?post=1979"}],"version-history":[{"count":0,"href":"https:\/\/www.culturalusa.com\/news\/wp-json\/wp\/v2\/posts\/1979\/revisions"}],"wp:attachment":[{"href":"https:\/\/www.culturalusa.com\/news\/wp-json\/wp\/v2\/media?parent=1979"}],"wp:term":[{"taxonomy":"category","embeddable":true,"href":"https:\/\/www.culturalusa.com\/news\/wp-json\/wp\/v2\/categories?post=1979"},{"taxonomy":"post_tag","embeddable":true,"href":"https:\/\/www.culturalusa.com\/news\/wp-json\/wp\/v2\/tags?post=1979"}],"curies":[{"name":"wp","href":"https:\/\/api.w.org\/{rel}","templated":true}]}}