{"id":1981,"date":"2015-11-14T03:29:43","date_gmt":"2015-11-14T02:29:43","guid":{"rendered":"http:\/\/www.culturalusa.com\/news\/?p=1981"},"modified":"2015-11-14T03:29:43","modified_gmt":"2015-11-14T02:29:43","slug":"plusieurs-attaques-terroristes-a-paris-avec-prise-dotage","status":"publish","type":"post","link":"https:\/\/www.culturalusa.com\/news\/actualite\/plusieurs-attaques-terroristes-a-paris-avec-prise-dotage\/","title":{"rendered":"Plusieurs attaques terroristes \u00e0 Paris avec prise d&rsquo;otage"},"content":{"rendered":"<p><img loading=\"lazy\" decoding=\"async\" src=\"http:\/\/www.culturalusa.com\/news\/wp-content\/uploads\/2015\/11\/attaques-paris.jpg\" alt=\"Attaques \u00e0 Paris\" width=\"467\" height=\"274\" class=\"aligncenter size-full wp-image-1982\" srcset=\"https:\/\/www.culturalusa.com\/news\/wp-content\/uploads\/2015\/11\/attaques-paris.jpg 467w, https:\/\/www.culturalusa.com\/news\/wp-content\/uploads\/2015\/11\/attaques-paris-275x161.jpg 275w\" sizes=\"auto, (max-width: 467px) 100vw, 467px\" \/>Plusieurs attaques terroristes \u00e0 Paris et dans le secteur du Stade de France ont fait vendredi soir plusieurs dizaines de morts et une prise d&rsquo;otages \u00e9tait en cours dans une salle de spectacle du centre de la capitale, dix mois apr\u00e8s les attentats de janvier.<\/p>\n<p>Dans une allocution t\u00e9l\u00e9vis\u00e9e, le pr\u00e9sident Fran\u00e7ois Hollande a d\u00e9clar\u00e9 l&rsquo;\u00e9tat d&rsquo;urgence, demand\u00e9 des renforts militaires et annonc\u00e9 la fermeture des fronti\u00e8res. \u00ab\u00a0C&rsquo;est une horreur\u00a0\u00bb, \u00ab\u00a0des attaques terroristes sans pr\u00e9c\u00e9dent\u00a0\u00bb, a-t-il d\u00e9clar\u00e9.<\/p>\n<p>Outre les 39 morts, une cinquantaine de personnes ont \u00e9t\u00e9 bless\u00e9es et sont dans un \u00e9tat tr\u00e8s critique, selon un nouveau bilan \u00e9tabli par une source proche de l&rsquo;enqu\u00eate.<\/p>\n<p>Le bilan reste provisoire et \u00ab\u00a0pourrait \u00eatre beaucoup plus lourd\u00a0\u00bb, selon diverses sources.<\/p>\n<p>Les attaques simultan\u00e9es se sont produites dans au moins quatre secteurs de la capitale.<\/p>\n<p>Au moins deux explosions ont retenti aux alentours du stade de France, o\u00f9 se d\u00e9roulait un match amical France-Allemagne auquel assistait le pr\u00e9sident Fran\u00e7ois Hollande, qui a \u00e9t\u00e9 \u00e9vacu\u00e9 avant la fin de la rencontre.<\/p>\n<p>Peu apr\u00e8s 23H30, l&rsquo;\u00e9vacuation du stade \u00e9tait en cours. Des centaines de personnes continuaient de sortir, dans le calme, les visages graves. Certains spectateurs \u00e9taient en pleurs, a constat\u00e9 un journaliste de l&rsquo;AFP.<\/p>\n<p>A Paris, la pr\u00e9fecture de police d\u00e9nombrait \u00ab\u00a0au moins trois fusillades\u00a0\u00bb, notamment rue Bichat (Xe arrondissement), dans le secteur de la salle de spectacle du Bataclan (XIe arrondissement) et rue de Charonne (XIe arrondissement)\u00a0\u00bb.<\/p>\n<p>&#8211; \u00ab\u00a0Tout le monde \u00e9tait \u00e0 terre\u00a0\u00bb &#8211;<\/p>\n<p>Une prise d&rsquo;otages est toujours en cours dans la salle de spectacle du Bataclan. Le Raid, unit\u00e9 de la police, \u00e9tait sur place peu avant 23H30. Le maire de Paris, Anne Hidalgo, est \u00e9galement sur les lieux.<\/p>\n<p>\u00ab\u00a0Ma soeur est dans le Bataclan\u00a0\u00bb, a racont\u00e9 Camille, 25 ans. \u00ab\u00a0Je lui ai t\u00e9l\u00e9phon\u00e9. Elle disait qu&rsquo;ils avaient tir\u00e9. Et puis elle a raccroch\u00e9\u00a0\u00bb.<\/p>\n<p>Rue Bichat, dans un restaurant, Le Petit Cambodge, \u00ab\u00a0c&rsquo;\u00e9tait surr\u00e9aliste, tout le monde \u00e9tait \u00e0 terre, personne ne bougeait\u00a0\u00bb, a relat\u00e9 une femme t\u00e9moin des faits.<\/p>\n<p>\u00ab\u00a0C?\u00e9tait tr\u00e8s calme, les gens ne comprenaient pas ce qui se passait. Une fille \u00e9tait port\u00e9e par un jeune homme dans ses bras. Elle avait l?air morte\u00a0\u00bb, a-t-elle ajout\u00e9.<\/p>\n<p>Une cellule de crise \u00e0 \u00e9t\u00e9 mise en place au minist\u00e8re de l&rsquo;Int\u00e9rieur autour du pr\u00e9sident Hollande, du Premier ministre Manuel Valls et du ministre de l&rsquo;Int\u00e9rieur Bernard Cazeneuve, a indiqu\u00e9 Matignon.<\/p>\n<p>Cinq lignes de m\u00e9tro ont \u00e9t\u00e9 coup\u00e9es, a annonc\u00e9 la pr\u00e9fecture de police.<\/p>\n<p>Un conseil des ministres exceptionnel a d\u00e9but\u00e9 peu apr\u00e8s minuit \u00e0 l&rsquo;Elys\u00e9e. Le parquet antiterroriste a \u00e9t\u00e9 saisi.<\/p>\n<p>De nombreuses \u00e9quipes de secours ont \u00e9t\u00e9 d\u00e9ploy\u00e9es et des p\u00e9rim\u00e8tres de s\u00e9curit\u00e9 mis en place.<\/p>\n<p>L&rsquo;assistance Publique-H\u00f4pitaux de Paris a d\u00e9clench\u00e9 vendredi soir le plan blanc, pr\u00e9vu pour les situations sanitaires d&rsquo;urgence et de crise<\/p>\n<p><strong>Plusieurs attaques ou tentatives<\/strong><\/p>\n<p>Les r\u00e9actions ont commenc\u00e9 \u00e0 arriver du monde entier. Le Premier ministre britannique David Cameron s&rsquo;est dit \u00ab\u00a0choqu\u00e9\u00a0\u00bb et le pr\u00e9sident de la Commission europ\u00e9enne, Jean-Claude Juncker, a exprim\u00e9 sa \u00ab\u00a0solidarit\u00e9\u00a0\u00bb. Le pr\u00e9sident Barack Obama va s&rsquo;exprimer sur les attaques.<\/p>\n<p>Ces attaques surviennent dix mois apr\u00e8s les attentats jihadistes de janvier contre l&rsquo;hebdomadaire satirique Charlie Hebdo et un supermarch\u00e9 casher \u00e0 Paris, qui avaient fait 17 morts et ont \u00e9t\u00e9 suivis de plusieurs autres attaques ou tentatives.<\/p>\n<p>La derni\u00e8re en date s&rsquo;\u00e9tait produite le 21 ao\u00fbt \u00e0 bord d&rsquo;un train \u00e0 grande vitesse Thalys entre Bruxelles et Paris.<\/p>\n<p>Avant cela, en juin, un homme avait d\u00e9capit\u00e9 son patron puis, apr\u00e8s une mise en sc\u00e8ne macabre sur fond de drapeaux islamistes, tent\u00e9 de faire exploser une usine de Saint-Quentin-Fallavier (Is\u00e8re). En avril, Sid Ahmed Ghlam, \u00e9tudiant alg\u00e9rien soup\u00e7onn\u00e9 d&rsquo;avoir tu\u00e9 une jeune femme, \u00e9tait arr\u00eat\u00e9 en possession d&rsquo;armes de guerre, alors qu&rsquo;il pr\u00e9parait un attentat contre une \u00e9glise de la banlieue sud de Paris.<\/p>\n<p>Mi-octobre, le ministre de l&rsquo;Int\u00e9rieur avait estim\u00e9 que 1.800 Fran\u00e7ais ou r\u00e9sidents en France \u00e9taient \u00ab\u00a0de pr\u00e8s ou de loin concern\u00e9s par des activit\u00e9s \u00e0 caract\u00e8re terroriste\u00a0\u00bb.<\/p>\n<p>Depuis les attentats de janvier, le plan Vigipirate est \u00e0 son niveau maximum en Ile-de-France. Une mission de s\u00e9curit\u00e9 int\u00e9rieure associ\u00e9e \u00e0 ce plan est assur\u00e9e sur tout le territoire par l&rsquo;arm\u00e9e sous le nom d&rsquo;op\u00e9ration Sentinelle.<\/p>\n<p>La France participe depuis plus de deux ans \u00e0 la coalition anti-Etat islamique en Irak mais n&rsquo;a commenc\u00e9 \u00e0 mener des frappes sur la Syrie que depuis octobre.<\/p>\n<p>Dans ce contexte de menace terroriste, Paris a d\u00e9cid\u00e9 de r\u00e9tablir un contr\u00f4le aux fronti\u00e8res pendant un mois, \u00e0 partir de ce vendredi, \u00e0 l&rsquo;occasion de la conf\u00e9rence de l&rsquo;ONU sur le climat (COP21) pr\u00e9vue du 30 novembre au 11 d\u00e9cembre au Bourget (banlieue nord). (AFP)<\/p>\n","protected":false},"excerpt":{"rendered":"<p>Plusieurs attaques terroristes \u00e0 Paris et dans le secteur du Stade de France ont fait vendredi soir plusieurs dizaines de morts et une prise d&rsquo;otages \u00e9tait en cours dans une salle de spectacle du centre de la capitale, dix mois apr\u00e8s les attentats de janvier. Dans une allocution t\u00e9l\u00e9vis\u00e9e, le pr\u00e9sident Fran\u00e7ois Hollande a d\u00e9clar\u00e9 [&hellip;]<\/p>\n","protected":false},"author":1,"featured_media":0,"comment_status":"open","ping_status":"closed","sticky":false,"template":"","format":"standard","meta":{"footnotes":""},"categories":[30],"tags":[366],"class_list":["post-1981","post","type-post","status-publish","format-standard","hentry","category-actualite","tag-attaques-a-paris"],"aioseo_notices":[],"_links":{"self":[{"href":"https:\/\/www.culturalusa.com\/news\/wp-json\/wp\/v2\/posts\/1981","targetHints":{"allow":["GET"]}}],"collection":[{"href":"https:\/\/www.culturalusa.com\/news\/wp-json\/wp\/v2\/posts"}],"about":[{"href":"https:\/\/www.culturalusa.com\/news\/wp-json\/wp\/v2\/types\/post"}],"author":[{"embeddable":true,"href":"https:\/\/www.culturalusa.com\/news\/wp-json\/wp\/v2\/users\/1"}],"replies":[{"embeddable":true,"href":"https:\/\/www.culturalusa.com\/news\/wp-json\/wp\/v2\/comments?post=1981"}],"version-history":[{"count":0,"href":"https:\/\/www.culturalusa.com\/news\/wp-json\/wp\/v2\/posts\/1981\/revisions"}],"wp:attachment":[{"href":"https:\/\/www.culturalusa.com\/news\/wp-json\/wp\/v2\/media?parent=1981"}],"wp:term":[{"taxonomy":"category","embeddable":true,"href":"https:\/\/www.culturalusa.com\/news\/wp-json\/wp\/v2\/categories?post=1981"},{"taxonomy":"post_tag","embeddable":true,"href":"https:\/\/www.culturalusa.com\/news\/wp-json\/wp\/v2\/tags?post=1981"}],"curies":[{"name":"wp","href":"https:\/\/api.w.org\/{rel}","templated":true}]}}