{"id":1989,"date":"2015-11-24T22:53:30","date_gmt":"2015-11-24T21:53:30","guid":{"rendered":"http:\/\/www.culturalusa.com\/news\/?p=1989"},"modified":"2015-11-24T22:53:30","modified_gmt":"2015-11-24T21:53:30","slug":"le-socialiste-antonio-costa-nomme-premier-ministre-du-portugal","status":"publish","type":"post","link":"https:\/\/www.culturalusa.com\/news\/portugal\/le-socialiste-antonio-costa-nomme-premier-ministre-du-portugal\/","title":{"rendered":"Le socialiste Antonio Costa nomm\u00e9 Premier ministre du Portugal"},"content":{"rendered":"<figure id=\"attachment_1980\" aria-describedby=\"caption-attachment-1980\" style=\"width: 468px\" class=\"wp-caption aligncenter\"><img loading=\"lazy\" decoding=\"async\" class=\"size-full wp-image-1980\" src=\"http:\/\/www.culturalusa.com\/news\/wp-content\/uploads\/2015\/11\/antonio_costa.jpg\" alt=\"Antonio Costa\" width=\"468\" height=\"300\" srcset=\"https:\/\/www.culturalusa.com\/news\/wp-content\/uploads\/2015\/11\/antonio_costa.jpg 468w, https:\/\/www.culturalusa.com\/news\/wp-content\/uploads\/2015\/11\/antonio_costa-275x176.jpg 275w\" sizes=\"auto, (max-width: 468px) 100vw, 468px\" \/><figcaption id=\"caption-attachment-1980\" class=\"wp-caption-text\">Antonio Costa<\/figcaption><\/figure>\n<p>Le chef du Parti socialiste portugais Antonio Costa a \u00e9t\u00e9 nomm\u00e9 mardi Premier ministre et charg\u00e9 par le pr\u00e9sident Anibal Cavaco Silva de former un gouvernement, soutenu au Parlement par le Parti communiste et le Bloc de gauche, proche du Syriza grec.<\/p>\n<p>Deux semaines apr\u00e8s avoir provoqu\u00e9 la chute du gouvernement minoritaire de droite de Pedro Passos Coelho, arriv\u00e9 en t\u00eate des \u00e9lections l\u00e9gislatives du 4 octobre, cette alliance in\u00e9dite de la gauche compte mettre fin \u00e0 la politique d&rsquo;aust\u00e9rit\u00e9 men\u00e9e depuis 2011.<\/p>\n<p>Le pr\u00e9sident de la R\u00e9publique a d\u00e9cid\u00e9, une fois entendus les partis repr\u00e9sent\u00e9s au Parlement, de d\u00e9signer Antonio Costa au poste de Premier ministre, a indiqu\u00e9 la pr\u00e9sidence dans un communiqu\u00e9 publi\u00e9 \u00e0 l&rsquo;issue d&rsquo;une rencontre entre les deux responsables.<\/p>\n<p>Le maintien du gouvernement d\u00e9missionnaire de M. Passos Coelho, limit\u00e9 \u00e0 la gestion des affaires courantes, n&rsquo;aurait pas servi l&rsquo;int\u00e9r\u00eat national, a fait valoir le chef de l&rsquo;Etat, un conservateur de 76 ans en fin de mandat.<\/p>\n<p>M. Cavaco Silva a ainsi d\u00fb se r\u00e9soudre \u00e0 donner le pouvoir \u00e0 M. Costa, ancien maire de Lisbonne \u00e2g\u00e9 de 54 ans, pour sortir le pays de l&rsquo;impasse politique qui durait depuis pr\u00e8s de deux mois.<\/p>\n<p>Le pr\u00e9sident, qui s&rsquo;est toujours montr\u00e9 critique envers une alliance incoh\u00e9rente, selon lui, entre le PS, pro-europ\u00e9en, et ses partenaires eurosceptiques, avait exig\u00e9 lundi des garanties suppl\u00e9mentaires sur la stabilit\u00e9 du futur gouvernement.<\/p>\n<p>Il a notamment demand\u00e9 \u00e0 M. Costa d&rsquo;apporter des clarifications concernant le respect des engagements budg\u00e9taires du Portugal, sorti en mai 2014 d&rsquo;un plan d&rsquo;aide international de 78 milliards d&rsquo;euros.<\/p>\n<p>Le secr\u00e9taire g\u00e9n\u00e9ral du PS, qui a aussit\u00f4t r\u00e9pondu par \u00e9crit, avait r\u00e9affirm\u00e9 encore vendredi qu&rsquo;il \u00e9tait en mesure de former un gouvernement stable, qui respecte les engagements internationaux du pays et lui permettra de se doter le plus rapidement possible d&rsquo;un budget pour 2016.<\/p>\n","protected":false},"excerpt":{"rendered":"<p>Le chef du Parti socialiste portugais Antonio Costa a \u00e9t\u00e9 nomm\u00e9 mardi Premier ministre et charg\u00e9 par le pr\u00e9sident Anibal Cavaco Silva de former un gouvernement, soutenu au Parlement par le Parti communiste et le Bloc de gauche, proche du Syriza grec. Deux semaines apr\u00e8s avoir provoqu\u00e9 la chute du gouvernement minoritaire de droite de [&hellip;]<\/p>\n","protected":false},"author":1,"featured_media":0,"comment_status":"open","ping_status":"closed","sticky":false,"template":"","format":"standard","meta":{"footnotes":""},"categories":[3],"tags":[370,371],"class_list":["post-1989","post","type-post","status-publish","format-standard","hentry","category-portugal","tag-antonio-costa","tag-premier-ministre"],"aioseo_notices":[],"_links":{"self":[{"href":"https:\/\/www.culturalusa.com\/news\/wp-json\/wp\/v2\/posts\/1989","targetHints":{"allow":["GET"]}}],"collection":[{"href":"https:\/\/www.culturalusa.com\/news\/wp-json\/wp\/v2\/posts"}],"about":[{"href":"https:\/\/www.culturalusa.com\/news\/wp-json\/wp\/v2\/types\/post"}],"author":[{"embeddable":true,"href":"https:\/\/www.culturalusa.com\/news\/wp-json\/wp\/v2\/users\/1"}],"replies":[{"embeddable":true,"href":"https:\/\/www.culturalusa.com\/news\/wp-json\/wp\/v2\/comments?post=1989"}],"version-history":[{"count":0,"href":"https:\/\/www.culturalusa.com\/news\/wp-json\/wp\/v2\/posts\/1989\/revisions"}],"wp:attachment":[{"href":"https:\/\/www.culturalusa.com\/news\/wp-json\/wp\/v2\/media?parent=1989"}],"wp:term":[{"taxonomy":"category","embeddable":true,"href":"https:\/\/www.culturalusa.com\/news\/wp-json\/wp\/v2\/categories?post=1989"},{"taxonomy":"post_tag","embeddable":true,"href":"https:\/\/www.culturalusa.com\/news\/wp-json\/wp\/v2\/tags?post=1989"}],"curies":[{"name":"wp","href":"https:\/\/api.w.org\/{rel}","templated":true}]}}