{"id":1999,"date":"2015-12-01T02:11:15","date_gmt":"2015-12-01T01:11:15","guid":{"rendered":"http:\/\/www.culturalusa.com\/news\/?p=1999"},"modified":"2025-09-04T14:05:49","modified_gmt":"2025-09-04T12:05:49","slug":"stagnation-economique-confirmee-au-3e-trimestre-pour-le-portugal","status":"publish","type":"post","link":"https:\/\/www.culturalusa.com\/news\/portugal\/stagnation-economique-confirmee-au-3e-trimestre-pour-le-portugal\/","title":{"rendered":"Stagnation \u00e9conomique confirm\u00e9e au 3e trimestre pour le Portugal"},"content":{"rendered":"<h2>Le produit int\u00e9rieur brut (PIB) du Portugal a stagn\u00e9 au troisi\u00e8me trimestre 2015 apr\u00e8s une croissance de 0,5% lors des deux premiers trimestres, en raison d&rsquo;un recul de l&rsquo;investissement, selon une deuxi\u00e8me estimation officielle publi\u00e9e lundi.<\/h2>\n<blockquote><p>\u00ab\u00a0La contribution de la demande int\u00e9rieure a \u00e9t\u00e9 n\u00e9gative en raison surtout de la r\u00e9duction de l&rsquo;investissement\u00a0\u00bb, a indiqu\u00e9 l&rsquo;Institut national des statistiques (Ine) dans un communiqu\u00e9.<\/p><\/blockquote>\n<p>En glissement annuel, l&rsquo;\u00e9conomie portugaise a progress\u00e9 de 1,4% entre juillet et septembre, un l\u00e9ger ralentissement face \u00e0 la croissance de 1,6% enregistr\u00e9e au trimestre pr\u00e9c\u00e9dent.<\/p>\n<p>Sur un an, la demande int\u00e9rieure a progress\u00e9 de 1,9% au troisi\u00e8me trimestre, \u00e0 un rythme moins soutenu qu&rsquo;entre avril et juin (+3,5%), \u00ab\u00a0refl\u00e9tant un ralentissement de l&rsquo;investissement et, dans une moindre mesure, de la consommation\u00a0\u00bb, a pr\u00e9cis\u00e9 l&rsquo;Ine.<\/p>\n<p>L&rsquo;investissement a ainsi augment\u00e9 au troisi\u00e8me trimestre de 1,7% en glissement annuel, contre une hausse de 8,5% au deuxi\u00e8me trimestre, et la consommation priv\u00e9e a progress\u00e9 de 2,3% apr\u00e8s une augmentation de 3,2%.<\/p>\n<p>Les exportations portugaises ont \u00e9galement subi un ralentissement, progressant de 3,9% sur un an au troisi\u00e8me trimestre, apr\u00e8s une hausse de 7,3%. Les importations ont connu un coup frein encore plus net en augmentant de 4,9% apr\u00e8s une hausse de 12%.<\/p>\n<p>La relance de l&rsquo;\u00e9conomie par le biais de l&rsquo;augmentation du pouvoir d&rsquo;achat des m\u00e9nages est une des priorit\u00e9s du nouveau gouvernement portugais, dirig\u00e9 par le socialiste Antonio Costa.<\/p>\n<p>Entr\u00e9 en fonctions jeudi, M. Costa a promis de briser \u00ab\u00a0la spirale de l&rsquo;aust\u00e9rit\u00e9\u00a0\u00bb tout en appliquant un programme \u00ab\u00a0mod\u00e9r\u00e9\u00a0\u00bb qui respecte les engagements budg\u00e9taires europ\u00e9ens.<\/p>\n<p>Le Portugal est sorti en 2014 d&rsquo;un plan de sauvetage financier international et de trois ann\u00e9es de r\u00e9cession \u00e9conomique.<\/p>\n<p>Pour 2015, le pr\u00e9c\u00e9dent gouvernement de centre droit tablait sur une croissance de 1,6%, l\u00e9g\u00e8rement inf\u00e9rieure aux pr\u00e9visions de la Commission europ\u00e9enne (1,7%). (AFP)<\/p>\n","protected":false},"excerpt":{"rendered":"<p>Le produit int\u00e9rieur brut (PIB) du Portugal a stagn\u00e9 au troisi\u00e8me trimestre 2015 apr\u00e8s une croissance de 0,5% lors des deux premiers trimestres, en raison d&rsquo;un recul de l&rsquo;investissement, selon une deuxi\u00e8me estimation officielle publi\u00e9e lundi. \u00ab\u00a0La contribution de la demande int\u00e9rieure a \u00e9t\u00e9 n\u00e9gative en raison surtout de la r\u00e9duction de l&rsquo;investissement\u00a0\u00bb, a indiqu\u00e9 [&hellip;]<\/p>\n","protected":false},"author":1,"featured_media":1169,"comment_status":"open","ping_status":"closed","sticky":false,"template":"","format":"standard","meta":{"footnotes":""},"categories":[3],"tags":[321,383],"class_list":["post-1999","post","type-post","status-publish","format-standard","has-post-thumbnail","hentry","category-portugal","tag-portugal","tag-stagnation-economique"],"aioseo_notices":[],"_links":{"self":[{"href":"https:\/\/www.culturalusa.com\/news\/wp-json\/wp\/v2\/posts\/1999","targetHints":{"allow":["GET"]}}],"collection":[{"href":"https:\/\/www.culturalusa.com\/news\/wp-json\/wp\/v2\/posts"}],"about":[{"href":"https:\/\/www.culturalusa.com\/news\/wp-json\/wp\/v2\/types\/post"}],"author":[{"embeddable":true,"href":"https:\/\/www.culturalusa.com\/news\/wp-json\/wp\/v2\/users\/1"}],"replies":[{"embeddable":true,"href":"https:\/\/www.culturalusa.com\/news\/wp-json\/wp\/v2\/comments?post=1999"}],"version-history":[{"count":2,"href":"https:\/\/www.culturalusa.com\/news\/wp-json\/wp\/v2\/posts\/1999\/revisions"}],"predecessor-version":[{"id":13715,"href":"https:\/\/www.culturalusa.com\/news\/wp-json\/wp\/v2\/posts\/1999\/revisions\/13715"}],"wp:featuredmedia":[{"embeddable":true,"href":"https:\/\/www.culturalusa.com\/news\/wp-json\/wp\/v2\/media\/1169"}],"wp:attachment":[{"href":"https:\/\/www.culturalusa.com\/news\/wp-json\/wp\/v2\/media?parent=1999"}],"wp:term":[{"taxonomy":"category","embeddable":true,"href":"https:\/\/www.culturalusa.com\/news\/wp-json\/wp\/v2\/categories?post=1999"},{"taxonomy":"post_tag","embeddable":true,"href":"https:\/\/www.culturalusa.com\/news\/wp-json\/wp\/v2\/tags?post=1999"}],"curies":[{"name":"wp","href":"https:\/\/api.w.org\/{rel}","templated":true}]}}