{"id":2010,"date":"2015-12-07T03:48:17","date_gmt":"2015-12-07T02:48:17","guid":{"rendered":"http:\/\/www.culturalusa.com\/news\/?p=2010"},"modified":"2025-02-06T12:03:07","modified_gmt":"2025-02-06T11:03:07","slug":"percee-historique-pour-le-fn-au-1er-tour-des-regionales","status":"publish","type":"post","link":"https:\/\/www.culturalusa.com\/news\/actualite\/percee-historique-pour-le-fn-au-1er-tour-des-regionales\/","title":{"rendered":"Perc\u00e9e historique pour le FN au 1er tour des r\u00e9gionales"},"content":{"rendered":"<h2>A moins de 18 mois de la pr\u00e9sidentielle, le Front national a r\u00e9ussi une perc\u00e9e historique au 1er tour des r\u00e9gionales, amenant d&rsquo;ores et d\u00e9j\u00e0 le PS \u00e0 se retirer dans les deux r\u00e9gions les plus menac\u00e9es, le Nord-Pas-de-Calais-Picardie (NPDCP) et PACA.<\/h2>\n<blockquote><p>Dans une France encore traumatis\u00e9e par les attentats du 13 novembre et toujours marqu\u00e9e par un ch\u00f4mage de masse, le parti de Marine Le Pen a capt\u00e9 autour de 30% des suffrages nationalement et s&rsquo;est revendiqu\u00e9 \u00ab\u00a0largement le premier parti de France\u00a0\u00bb, devan\u00e7ant la droite (pr\u00e8s de 27%) et le PS (environ 23%), selon les derni\u00e8res estimations.<\/p><\/blockquote>\n<p>Les listes FN arrivent en t\u00eate en Nord-Pas-de-Calais-Picardie, Provence-Alpes-C\u00f4te d&rsquo;Azur, Alsace-Lorraine-Champagne-Ardennes, Midi-Pyr\u00e9n\u00e9es-Languedoc-Roussillon, Bourgogne-Franche-Comt\u00e9 ainsi que dans la r\u00e9gion centre.<\/p>\n<p>Le premier secr\u00e9taire du PS Jean-Christophe Cambad\u00e9lis a annonc\u00e9 un retrait des listes en NPDC-Picardie et en PACA, appelant \u00e0 un \u00ab\u00a0barrage r\u00e9publicain\u00a0\u00bb, synonyme de \u00ab\u00a0sacrifice\u00a0\u00bb pour les socialistes qui, pendant cinq ans, ne si\u00e9geront pas dans ces r\u00e9gions.<\/p>\n<p>La liesse au QG de Marine Le Pen \u00e0 H\u00e9nin-Beaumont contrastait avec la d\u00e9ception voire la consternation chez ses adversaires des R\u00e9publicains et surtout du PS, o\u00f9 l&rsquo;on se d\u00e9solait pour \u00ab\u00a0cette belle r\u00e9gion ouvri\u00e8re qui m\u00e9rite mieux que \u00e7a\u00a0\u00bb.<\/p>\n<p>Loin de la vague \u00ab\u00a0bleue\u00a0\u00bb un temps esp\u00e9r\u00e9e, l&rsquo;alliance Les R\u00e9publicains-UDI-MoDem ressort en t\u00eate dans trois \u00e0 quatre r\u00e9gions (Pays de la Loire, Auvergne-Rh\u00f4ne-Alpes, Ile-de-France, la Normandie au coude-\u00e0-coude avec le FN).<\/p>\n<p>Quant au Parti socialiste, il se classe premier en Bretagne, malgr\u00e9 la campagne en pointill\u00e9 de la t\u00eate de liste Jean-Yves Le Drian, assur\u00e9 s&rsquo;il s&rsquo;impose de rester ministre de la D\u00e9fense, ainsi qu&rsquo;en Aquitaine-Limousin-Poitou-Charentes, derri\u00e8re Alain Rousset.<\/p>\n<p>Face \u00e0 ce vote FN massif, interpr\u00e9t\u00e9 par les t\u00e9nors LR comme la traduction d&rsquo;une \u00ab\u00a0col\u00e8re\u00a0\u00bb envers le gouvernement et d&rsquo;une \u00ab\u00a0peur\u00a0\u00bb, Nicolas Sarkozy s&rsquo;est livr\u00e9 \u00e0 un r\u00e9quisitoire contre l&rsquo;ex\u00e9cutif et a refus\u00e9 \u00ab\u00a0toute fusion et tout retrait\u00a0\u00bb au profit de la gauche pour contrer l&rsquo;extr\u00eame droite au second tour, dans les r\u00e9gions o\u00f9 la droite est troisi\u00e8me.<\/p>\n<h3><strong>Pas en position de fanfaronner<\/strong><\/h3>\n<p>Une strat\u00e9gie aussit\u00f4t critiqu\u00e9e au PS, dont le num\u00e9ro un a jug\u00e9 l&rsquo;ancien chef de l&rsquo;Etat \u00ab\u00a0pas en position de fanfaronner\u00a0\u00bb. \u00ab\u00a0Le message de la droite fait preuve d?une grande irresponsabilit\u00e9\u00a0\u00bb, a-t-on aussi estim\u00e9 dans l&rsquo;entourage de Manuel Valls.<\/p>\n<p>Dans deux r\u00e9gions o\u00f9 le score FN d\u00e9passe les 40%, les t\u00eates de liste LR comme Xavier Bertrand (Nord-Pas-de-Calais-Picardie) et Christian Estrosi (PACA), qui avaient fait des campagnes tr\u00e8s marqu\u00e9es \u00e0 droite, ont, eux, fait des appels du pied aux \u00e9lecteurs de gauche.<\/p>\n<p>Faisant entendre leur diff\u00e9rence, les centristes, par la voix du pr\u00e9sident de l&rsquo;UDI Jean-Christophe Lagarde, ont appel\u00e9 au \u00ab\u00a0retrait des listes en troisi\u00e8me position\u00a0\u00bb, \u00ab\u00a0partout o\u00f9 le FN peut gagner\u00a0\u00bb. Le pr\u00e9sident du MoDem, Fran\u00e7ois Bayrou, r\u00e9clame aussi un tel \u00ab\u00a0ressaisissement d\u00e9mocratique\u00a0\u00bb.<\/p>\n<p>Le spectaculaire sursaut de popularit\u00e9 de Fran\u00e7ois Hollande au lendemain des attentats ne s&rsquo;est pas traduit dans les urnes dimanche soir, m\u00eame si certaines voix socialistes insistaient sur la \u00ab\u00a0bonne r\u00e9sistance\u00a0\u00bb de leur parti et esp\u00e9raient notamment conserver la symbolique pr\u00e9sidence de l&rsquo;Ile-de-France, avec Claude Bartolone, gr\u00e2ce aux reports du reste de la gauche.<\/p>\n<p>A la gauche du PS, les \u00e9cologistes de toutes tendances se sont accord\u00e9s pour demander \u00ab\u00a0un rassemblement de la gauche et des \u00e9cologistes\u00a0\u00bb.<\/p>\n<p>Mais certaines voix, comme l&rsquo;ancienne ministre EELV C\u00e9cile Duflot, ont relev\u00e9 qu&rsquo;il y avait eu un \u00ab\u00a0certain nombre d&rsquo;avertissements\u00a0\u00bb lors des derniers rendez-vous \u00e9lectoraux et que ce score FN, \u00ab\u00a0c&rsquo;est une punition\u00a0\u00bb.<\/p>\n<p>Ouvert par avance \u00e0 des retraits ou fusions de liste avec la droite si n\u00e9cessaire pour faire barrage au FN, le Premier ministre, qui s&rsquo;exprime habituellement dans les premi\u00e8res minutes apr\u00e8s 20H00, s&rsquo;exprimera lundi, notamment en \u00e9tant l&rsquo;invit\u00e9 du JT de TF1 \u00e0 20h00, selon son entourage.<\/p>\n<p>Sous la pr\u00e9sidence du chef de l&rsquo;opposition Nicolas Sarkozy, Les R\u00e9publicains tiennent pour leur part un bureau politique exceptionnel lundi matin, qui pourrait \u00eatre agit\u00e9. Alain Jupp\u00e9, qui s&rsquo;y rendra finalement, a appel\u00e9 \u00e0 arr\u00eater \u00ab\u00a0une ligne de conduite commune\u00a0\u00bb pour le second tour.<\/p>\n<p>Bruno Le Maire, autre futur candidat \u00e0 la primaire en vue de 2017, a jug\u00e9 que la droite devait \u00ab\u00a0faire preuve d&rsquo;une grande humilit\u00e9\u00a0\u00bb que la \u00ab\u00a0reconqu\u00eate sera longue et difficile\u00a0\u00bb.<\/p>\n<p>Pr\u00e8s d&rsquo;un \u00e9lecteur sur deux (49%) n&rsquo;est pas all\u00e9 voter, pr\u00e8s de quatre points de moins qu&rsquo;au premier tour des r\u00e9gionales de 2010 (53,6%) et pratiquement autant qu&rsquo;au premier tour des d\u00e9partementales de mars.<\/p>\n<p>Le vote se d\u00e9roule pour la premi\u00e8re fois dans le cadre des 13 grandes r\u00e9gions m\u00e9tropolitaines n\u00e9es de la r\u00e9forme territoriale et dans quatre r\u00e9gions et territoires d&rsquo;outre-mer (Guadeloupe, La R\u00e9union, Guyane, Martinique). (AFP)<\/p>\n","protected":false},"excerpt":{"rendered":"<p>A moins de 18 mois de la pr\u00e9sidentielle, le Front national a r\u00e9ussi une perc\u00e9e historique au 1er tour des r\u00e9gionales, amenant d&rsquo;ores et d\u00e9j\u00e0 le PS \u00e0 se retirer dans les deux r\u00e9gions les plus menac\u00e9es, le Nord-Pas-de-Calais-Picardie (NPDCP) et PACA. Dans une France encore traumatis\u00e9e par les attentats du 13 novembre et toujours [&hellip;]<\/p>\n","protected":false},"author":1,"featured_media":2011,"comment_status":"open","ping_status":"closed","sticky":false,"template":"","format":"standard","meta":{"footnotes":""},"categories":[30],"tags":[389,390],"class_list":["post-2010","post","type-post","status-publish","format-standard","has-post-thumbnail","hentry","category-actualite","tag-front-national","tag-regionales"],"aioseo_notices":[],"_links":{"self":[{"href":"https:\/\/www.culturalusa.com\/news\/wp-json\/wp\/v2\/posts\/2010","targetHints":{"allow":["GET"]}}],"collection":[{"href":"https:\/\/www.culturalusa.com\/news\/wp-json\/wp\/v2\/posts"}],"about":[{"href":"https:\/\/www.culturalusa.com\/news\/wp-json\/wp\/v2\/types\/post"}],"author":[{"embeddable":true,"href":"https:\/\/www.culturalusa.com\/news\/wp-json\/wp\/v2\/users\/1"}],"replies":[{"embeddable":true,"href":"https:\/\/www.culturalusa.com\/news\/wp-json\/wp\/v2\/comments?post=2010"}],"version-history":[{"count":2,"href":"https:\/\/www.culturalusa.com\/news\/wp-json\/wp\/v2\/posts\/2010\/revisions"}],"predecessor-version":[{"id":13239,"href":"https:\/\/www.culturalusa.com\/news\/wp-json\/wp\/v2\/posts\/2010\/revisions\/13239"}],"wp:featuredmedia":[{"embeddable":true,"href":"https:\/\/www.culturalusa.com\/news\/wp-json\/wp\/v2\/media\/2011"}],"wp:attachment":[{"href":"https:\/\/www.culturalusa.com\/news\/wp-json\/wp\/v2\/media?parent=2010"}],"wp:term":[{"taxonomy":"category","embeddable":true,"href":"https:\/\/www.culturalusa.com\/news\/wp-json\/wp\/v2\/categories?post=2010"},{"taxonomy":"post_tag","embeddable":true,"href":"https:\/\/www.culturalusa.com\/news\/wp-json\/wp\/v2\/tags?post=2010"}],"curies":[{"name":"wp","href":"https:\/\/api.w.org\/{rel}","templated":true}]}}