{"id":2015,"date":"2015-12-14T02:26:27","date_gmt":"2015-12-14T01:26:27","guid":{"rendered":"http:\/\/www.culturalusa.com\/news\/?p=2015"},"modified":"2021-06-28T12:16:41","modified_gmt":"2021-06-28T10:16:41","slug":"la-majorite-des-francais-ont-dit-non-au-front-national","status":"publish","type":"post","link":"https:\/\/www.culturalusa.com\/news\/actualite\/la-majorite-des-francais-ont-dit-non-au-front-national\/","title":{"rendered":"La majorit\u00e9 des fran\u00e7ais ont dit non au Front National"},"content":{"rendered":"<p>Le Front National n&rsquo;a remport\u00e9 dimanche aucune r\u00e9gion. Le FN a \u00e9t\u00e9 bloqu\u00e9e dans son ascension par la mobilisation d&rsquo;\u00e9lecteurs inquiets de son accession au pouvoir 16 mois avant la prochaine pr\u00e9sidentielle.<\/p>\n<p>Ces r\u00e9sultats, apr\u00e8s un succ\u00e8s historique au premier tour des r\u00e9gionales, sont un \u00e9chec pour les trois figures embl\u00e9matiques du parti Front national et en premier lieu pour sa pr\u00e9sidente Marine Le Pen, 47 ans, grande perdante dans le Nord. <\/p>\n<p>Sa jeune ni\u00e8ce Marion Mar\u00e9chal-Le Pen, 26 ans, a d\u00fb s&rsquo;incliner dans le Sud, tout comme Florian Philippot, 34 ans, strat\u00e8ge du parti, dans le Grand Est.<\/p>\n<p>Selon des estimations, la droite remporte sept r\u00e9gions, dont la r\u00e9gion parisienne dirig\u00e9e depuis 17 ans par la gauche. La majorit\u00e9 pr\u00e9sidentielle de Fran\u00e7ois Hollande limite les d\u00e9g\u00e2ts avec cinq r\u00e9gions gagn\u00e9es sur treize en m\u00e9tropole. <\/p>\n<p>Le ministre de la D\u00e9fense Jean-Yves Le Drian, nouveau pr\u00e9sident de la r\u00e9gion Bretagne (ouest), conservera son portefeuille au gouvernement.<\/p>\n<p>L&rsquo;\u00eele de Corse a \u00e9t\u00e9 remport\u00e9e par les nationalistes, une premi\u00e8re. La liste \u00ab\u00a0Per a Corsica\u00a0\u00bb (Pour la Corse) a obtenu 35,5% des voix, distan\u00e7ant droite et gauche, tandis que le FN n&rsquo;a obtenu que 9,8% des voix.<\/p>\n<p>\u00ab\u00a0Le danger de l&rsquo;extr\u00eame droite n&rsquo;est pas \u00e9cart\u00e9, loin de l\u00e0\u00a0\u00bb, a r\u00e9agi le Premier ministre socialiste Manuel Valls. Il a salu\u00e9 un \u00ab\u00a0\u00e9lan tr\u00e8s digne\u00a0\u00bb des \u00e9lecteurs face au FN mais assur\u00e9 que les r\u00e9sultats ne donnaient lieu \u00e0 \u00ab\u00a0aucun soulagement, aucun triomphalisme\u00a0\u00bb.<\/p>\n<p><strong>Des avertissements<\/strong><\/p>\n<p>Lui faisant \u00e9cho, le chef de l&rsquo;opposition de droite, Nicolas Sarkozy, contest\u00e9 dans sa formation Les R\u00e9publicains, a jug\u00e9 que ces r\u00e9sultats ne doivent \u00ab\u00a0sous aucun pr\u00e9texte faire oublier les avertissements\u00a0\u00bb du premier tour.<\/p>\n<p>Apr\u00e8s des r\u00e9sultats accueillis par ses militants dans un silence de cath\u00e9drale, Marine Le Pen a assur\u00e9 que \u00ab\u00a0rien ne pourra nous arr\u00eater\u00a0\u00bb tandis que pour sa ni\u00e8ce, \u00ab\u00a0il y a des victoires qui font honte aux vainqueurs\u00a0\u00bb.<\/p>\n<p>LE FN pourra trouver pourtant des motifs de consolation. Il progresse depuis le premier tour et r\u00e9alise son meilleur score national jusqu&rsquo;alors en pourcentage, 28%. <\/p>\n<p>Mais le fait marquant, ce sont les 6,8 millions de voix, ce qui permet au FN de d\u00e9passer les 6,4 millions de voix de la derni\u00e8re pr\u00e9sidentielle en 2012. La participation \u00e9tait pourtant de 20 points sup\u00e9rieure.<\/p>\n<p>Dans son \u00e9dito \u00e0 para\u00eetre lundi intitul\u00e9 \u00ab\u00a0Cette victoire est surtout une non-d\u00e9faite\u00a0\u00bb, le quotidien de gauche Lib\u00e9ration estime que si \u00ab\u00a0le sursaut a eu lieu\u00a0\u00bb, \u00ab\u00a0c\u2019est la peur de l\u2019extr\u00eame droite qui a mobilis\u00e9 la gauche et non l&rsquo;adh\u00e9sion\u00a0\u00bb. Il reste un an au gouvernement de gauche pour \u00ab\u00a0r\u00e9habiliter l&rsquo;action politique\u00a0\u00bb.<\/p>\n<p>Le quotidien de droite Le Figaro juge, lui, que les r\u00e9sultats imposent aux adversaires du FN \u00ab\u00a0de se montrer \u00e0 la hauteur de la confiance qui leur a \u00e9t\u00e9 renouvel\u00e9e\u00a0\u00bb par les \u00e9lecteurs.<\/p>\n<p><strong>L&rsquo;impasse du FN<\/strong><\/p>\n<p>Selon le politologue Jean-Yves Camus, le r\u00e9sultat de ce dernier scrutin avant la pr\u00e9sidentielle de 2017 \u00ab\u00a0tend \u00e0 confirmer qu&rsquo;il y a une impasse pour le Front national: c&rsquo;est un excellent parti de premier tour, mais il ne sait pas aller au-del\u00e0\u00a0\u00bb. <\/p>\n<p>Pour 2017, les instituts de sondage donnent Marine Le Pen qualifi\u00e9e au deuxi\u00e8me tour, apr\u00e8s une arriv\u00e9e en premi\u00e8re position au premier tour.<\/p>\n<p>Les r\u00e9gions fran\u00e7aises, r\u00e9duites \u00e0 13 contre 21 pour porter leur taille au niveau des L\u00e4nder allemands, sont les seules collectivit\u00e9s \u00e0 pouvoir aider directement des entreprises. Elles ont aussi comp\u00e9tence en \u00e9ducation et dans les transports.<\/p>\n<p>Avec au soir du 6 d\u00e9cembre le plus fort score au niveau national (28%, et jusqu&rsquo;\u00e0 40% dans le Nord et le Sud), le Front national \u00e9tait en t\u00eate dans six r\u00e9gions, dont deux des trois voisines de la Suisse, en Alsace-Lorraine-Champagne-Ardennes ainsi qu&rsquo;en Bourgogne-Franche-Comt\u00e9.<\/p>\n<p>L&rsquo;extr\u00eame droite tablait sur le rejet des partis traditionnels, impuissants \u00e0 r\u00e9soudre la crise \u00e9conomique, et sur les peurs provoqu\u00e9es par les attentats djihadistes du 13 novembre \u00e0 Paris (130 morts, des centaines de bless\u00e9s).<\/p>\n<p><strong>Paris et l&rsquo;Alsace \u00e0 droite<\/strong><\/p>\n<p>Mais la participation des Fran\u00e7ais au second tour a \u00e9t\u00e9 nettement plus importante qu&rsquo;au premier (59% contre 50%), signe d&rsquo;une plus grande mobilisation salu\u00e9e par les responsables de droite et de gauche comme un \u00ab\u00a0sursaut r\u00e9publicain\u00a0\u00bb.<\/p>\n<p>La gauche avait sacrifi\u00e9 ses listes dans le Nord et le Sud en appelant \u00e0 voter pour la droite.<\/p>\n<p>En Alsace-Champagne-Ardenne-Lorraine, le candidat de la droite, Philippe Richert, l&rsquo;a ainsi emport\u00e9 par 48,4% des voix contre 36,4% au candidat du FN. <\/p>\n<p>La droite et ses alli\u00e9s centristes ont aussi ravi \u00e0 la gauche la r\u00e9gion parisienne (Ile de France): ils ont obtenu entre 43,2 et 44% des voix, contre 41,8 \u00e0 42,9% au PS, qui dirigeait depuis 17 ans cette r\u00e9gion pesant pr\u00e8s d&rsquo;un tiers du PIB fran\u00e7ais.<\/p>\n<p>Parti europhobe et anti-immigr\u00e9s, le Front national est \u00e0 la t\u00eate d&rsquo;une dizaine de municipalit\u00e9s en France, mais il n&rsquo;a jamais dirig\u00e9 de r\u00e9gion. <\/p>\n<p>Fond\u00e9 en 1972, il est pr\u00e9sid\u00e9 depuis 2011 par Marine Le Pen qui a entrepris de le d\u00e9diaboliser par rapport \u00e0 la formation co-fond\u00e9e par son p\u00e8re Jean-Marie, exclu en ao\u00fbt du parti apr\u00e8s des d\u00e9rapages verbaux. (AFP)<\/p>\n","protected":false},"excerpt":{"rendered":"<p>Le Front National n&rsquo;a remport\u00e9 dimanche aucune r\u00e9gion. Le FN a \u00e9t\u00e9 bloqu\u00e9e dans son ascension par la mobilisation d&rsquo;\u00e9lecteurs inquiets de son accession au pouvoir 16 mois avant la prochaine pr\u00e9sidentielle. Ces r\u00e9sultats, apr\u00e8s un succ\u00e8s historique au premier tour des r\u00e9gionales, sont un \u00e9chec pour les trois figures embl\u00e9matiques du parti Front national [&hellip;]<\/p>\n","protected":false},"author":1,"featured_media":7154,"comment_status":"open","ping_status":"closed","sticky":false,"template":"","format":"standard","meta":{"footnotes":""},"categories":[30],"tags":[392,389,391,1024],"class_list":["post-2015","post","type-post","status-publish","format-standard","has-post-thumbnail","hentry","category-actualite","tag-elections-regionales","tag-front-national","tag-marine-le-pen","tag-rn"],"aioseo_notices":[],"_links":{"self":[{"href":"https:\/\/www.culturalusa.com\/news\/wp-json\/wp\/v2\/posts\/2015","targetHints":{"allow":["GET"]}}],"collection":[{"href":"https:\/\/www.culturalusa.com\/news\/wp-json\/wp\/v2\/posts"}],"about":[{"href":"https:\/\/www.culturalusa.com\/news\/wp-json\/wp\/v2\/types\/post"}],"author":[{"embeddable":true,"href":"https:\/\/www.culturalusa.com\/news\/wp-json\/wp\/v2\/users\/1"}],"replies":[{"embeddable":true,"href":"https:\/\/www.culturalusa.com\/news\/wp-json\/wp\/v2\/comments?post=2015"}],"version-history":[{"count":0,"href":"https:\/\/www.culturalusa.com\/news\/wp-json\/wp\/v2\/posts\/2015\/revisions"}],"wp:featuredmedia":[{"embeddable":true,"href":"https:\/\/www.culturalusa.com\/news\/wp-json\/wp\/v2\/media\/7154"}],"wp:attachment":[{"href":"https:\/\/www.culturalusa.com\/news\/wp-json\/wp\/v2\/media?parent=2015"}],"wp:term":[{"taxonomy":"category","embeddable":true,"href":"https:\/\/www.culturalusa.com\/news\/wp-json\/wp\/v2\/categories?post=2015"},{"taxonomy":"post_tag","embeddable":true,"href":"https:\/\/www.culturalusa.com\/news\/wp-json\/wp\/v2\/tags?post=2015"}],"curies":[{"name":"wp","href":"https:\/\/api.w.org\/{rel}","templated":true}]}}